{"id":20741,"date":"2023-12-10T21:27:21","date_gmt":"2023-12-11T00:27:21","guid":{"rendered":"https:\/\/noticiasnoface.com.br\/?p=20741"},"modified":"2023-12-10T21:27:22","modified_gmt":"2023-12-11T00:27:22","slug":"camara-entrega-comenda-aos-padres-mota-luiz-alencar-e-vicente-laurindo","status":"publish","type":"post","link":"https:\/\/noticiasnoface.com.br\/index.php\/2023\/12\/10\/camara-entrega-comenda-aos-padres-mota-luiz-alencar-e-vicente-laurindo\/","title":{"rendered":"C\u00e2mara entrega Comenda aos padres Mota, Luiz Alencar e Vicente Laurindo"},"content":{"rendered":"\n<figure class=\"wp-block-image size-large\"><img data-opt-id=1069345174  fetchpriority=\"high\" decoding=\"async\" width=\"1024\" height=\"682\" src=\"https:\/\/mlbfrsat7ahr.i.optimole.com\/w:1024\/h:682\/q:mauto\/ig:avif\/https:\/\/noticiasnoface.com.br\/wp-content\/uploads\/2023\/12\/img_6851-1.jpg\" class=\"wp-image-20740\" srcset=\"https:\/\/mlbfrsat7ahr.i.optimole.com\/w:1024\/h:682\/q:mauto\/ig:avif\/https:\/\/noticiasnoface.com.br\/wp-content\/uploads\/2023\/12\/img_6851-1.jpg 1024w, https:\/\/mlbfrsat7ahr.i.optimole.com\/w:300\/h:200\/q:mauto\/ig:avif\/https:\/\/noticiasnoface.com.br\/wp-content\/uploads\/2023\/12\/img_6851-1.jpg 300w, https:\/\/mlbfrsat7ahr.i.optimole.com\/w:768\/h:512\/q:mauto\/ig:avif\/https:\/\/noticiasnoface.com.br\/wp-content\/uploads\/2023\/12\/img_6851-1.jpg 768w, https:\/\/mlbfrsat7ahr.i.optimole.com\/w:1536\/h:1023\/q:mauto\/ig:avif\/https:\/\/noticiasnoface.com.br\/wp-content\/uploads\/2023\/12\/img_6851-1.jpg 1536w, https:\/\/mlbfrsat7ahr.i.optimole.com\/w:1600\/h:1066\/q:mauto\/ig:avif\/https:\/\/noticiasnoface.com.br\/wp-content\/uploads\/2023\/12\/img_6851-1.jpg 1600w\" sizes=\"(max-width: 1000px) 100vw, 1000px\" \/><figcaption class=\"wp-element-caption\">Nesta sexta-feira (08), a C\u00e2mara Municipal de Natal, por proposi\u00e7\u00e3o do vereador Raniere Barbosa (Sem Partido), homenageou com a Comenda Padre Miguelinho os padres Luiz Alencar Lib\u00f3rio e Vicente Laurindo de Ara\u00fajo pelos 50 anos de Ordena\u00e7\u00e3o Sacerdotal e o Padre Mota pelos relevantes servi\u00e7os religiosos e educacionais prestados \u00e0 capital potiguar. O ato solene de entrega da honraria, que \u00e9 a mais importante comenda concedida pelo Legislativo natalense, aconteceu durante uma missa na Igreja Matriz de S\u00e3o Pedro Ap\u00f3stolo, localizada no bairro do Alecrim. Os homenageados pertencem \u00e0 Congrega\u00e7\u00e3o da Sagrada Fam\u00edlia.<br>Ao fazer uso da palavra, o vereador Raniere Barbosa disse estar lisonjeado por fazer uma justa homenagem para tr\u00eas homens que dedicam suas vidas ao Evangelho e vivem em constante esfor\u00e7o para seguir o exemplo de Jesus Cristo. &#8220;Temos o prazer de enaltecer sacerdotes vocacionados para o trabalho da evangeliza\u00e7\u00e3o e que hoje celebram o Jubileu de Ouro com muitos m\u00e9ritos. Registro aqui minha admira\u00e7\u00e3o aos padres Vicente Laurindo e Luiz Alencar pelos 50 anos de Ordena\u00e7\u00e3o sacerdotal&#8221;, pontuou. <br>&#8220;Sou grato a Deus por encontrar no Padre Mota um amigo e parceiro de muitos anos. Atrav\u00e9s dessa parceria, a Igreja cat\u00f3lica cede um espa\u00e7o para o funcionamento do Centro Municipal de Educa\u00e7\u00e3o Infantil S\u00e3o Francisco de Assis, que atende mais de 100 crian\u00e7as na Comunidade do Passo da P\u00e1tria, na zona Leste de Natal. Por este motivo, acredito que o papel do vereador vai al\u00e9m de fiscalizar as a\u00e7\u00f5es de pessoas e institui\u00e7\u00f5es p\u00fablicas. Tamb\u00e9m \u00e9 nosso dever reconhecer o servi\u00e7o daqueles que lutam para melhorar a vida dos cidad\u00e3os, especialmente os mais pobres&#8221;, completou Raniere.<br>Padre Mota afirmou que a homenagem da C\u00e2mara Municipal \u00e9 motivo de satisfa\u00e7\u00e3o porque representa a sociedade natalense. &#8220;Fico feliz pela distin\u00e7\u00e3o concedida a mim, mas principalmente pelo reconhecimento que meus dois colegas e irm\u00e3os de congrega\u00e7\u00e3o acabam de receber. Afinal, 50 anos de servi\u00e7os constituem uma longa hist\u00f3ria de doa\u00e7\u00e3o em v\u00e1rias partes do Brasil e at\u00e9 em outros pa\u00edses. Considero um momento de transbordar do amor. \u00c9 alegria, felicidade, uni\u00e3o e fortalecimento das institui\u00e7\u00f5es&#8221;, comemorou.<br>&#8220;Em primeiro lugar quero agradecer a Deus por tantas b\u00ean\u00e7\u00e3os direcionadas para a minha vida, pois sem Ele nada existiria. Venho de uma fam\u00edlia cat\u00f3lica do interior do Cear\u00e1 que andava 9 quil\u00f4metros a p\u00e9 para ir \u00e0 missa. Minha trajet\u00f3ria como sacerdote come\u00e7ou em fevereiro de 1958, quando entrei no Semin\u00e1rio Apost\u00f3lico da Sagrada Fam\u00edlia na cidade do Crato, e hoje estou aqui nesta linda cidade recebendo o carinho de todos. Aproveito para agradecer pela considera\u00e7\u00e3o e afeto do povo de Natal&#8221;, recordou o padre Luiz Alencar.<br>&#8220;No meu entendimento, a sagrada eucaristia \u00e9 o m\u00e1ximo que um sacerdote realiza em sua miss\u00e3o. Portanto, celebrar cinco d\u00e9cadas servindo a mesa eucar\u00edstica do Senhor \u00e9 um acontecimento cheio de emo\u00e7\u00e3o e significado para quem alcan\u00e7a. Ainda mais porque a Igreja Matriz de S\u00e3o Pedro Ap\u00f3stolo marcou profundamente minha vida, sendo uma maravilhosa d\u00e1diva minha rela\u00e7\u00e3o com esta par\u00f3quia&#8221;, concluiu o padre Vicente Laurindo.<br><strong><em>Texto: Junior Martins<br>Fotos: Ver\u00f4nica Macedo<\/em><\/strong><\/figcaption><\/figure>\n","protected":false},"excerpt":{"rendered":"","protected":false},"author":1,"featured_media":0,"comment_status":"open","ping_status":"open","sticky":false,"template":"","format":"standard","meta":{"site-sidebar-layout":"default","site-content-layout":"","ast-site-content-layout":"default","site-content-style":"default","site-sidebar-style":"default","ast-global-header-display":"","ast-banner-title-visibility":"","ast-main-header-display":"","ast-hfb-above-header-display":"","ast-hfb-below-header-display":"","ast-hfb-mobile-header-display":"","site-post-title":"","ast-breadcrumbs-content":"","ast-featured-img":"","footer-sml-layout":"","ast-disable-related-posts":"","theme-transparent-header-meta":"","adv-header-id-meta":"","stick-header-meta":"","header-above-stick-meta":"","header-main-stick-meta":"","header-below-stick-meta":"","astra-migrate-meta-layouts":"default","ast-page-background-enabled":"default","ast-page-background-meta":{"desktop":{"background-color":"var(--ast-global-color-4)","background-image":"","background-repeat":"repeat","background-position":"center center","background-size":"auto","background-attachment":"scroll","background-type":"","background-media":"","overlay-type":"","overlay-color":"","overlay-opacity":"","overlay-gradient":""},"tablet":{"background-color":"","background-image":"","background-repeat":"repeat","background-position":"center center","background-size":"auto","background-attachment":"scroll","background-type":"","background-media":"","overlay-type":"","overlay-color":"","overlay-opacity":"","overlay-gradient":""},"mobile":{"background-color":"","background-image":"","background-repeat":"repeat","background-position":"center center","background-size":"auto","background-attachment":"scroll","background-type":"","background-media":"","overlay-type":"","overlay-color":"","overlay-opacity":"","overlay-gradient":""}},"ast-content-background-meta":{"desktop":{"background-color":"var(--ast-global-color-5)","background-image":"","background-repeat":"repeat","background-position":"center center","background-size":"auto","background-attachment":"scroll","background-type":"","background-media":"","overlay-type":"","overlay-color":"","overlay-opacity":"","overlay-gradient":""},"tablet":{"background-color":"var(--ast-global-color-5)","background-image":"","background-repeat":"repeat","background-position":"center center","background-size":"auto","background-attachment":"scroll","background-type":"","background-media":"","overlay-type":"","overlay-color":"","overlay-opacity":"","overlay-gradient":""},"mobile":{"background-color":"var(--ast-global-color-5)","background-image":"","background-repeat":"repeat","background-position":"center center","background-size":"auto","background-attachment":"scroll","background-type":"","background-media":"","overlay-type":"","overlay-color":"","overlay-opacity":"","overlay-gradient":""}},"footnotes":""},"categories":[517],"tags":[],"class_list":["post-20741","post","type-post","status-publish","format-standard","hentry","category-aconteceu"],"_links":{"self":[{"href":"https:\/\/noticiasnoface.com.br\/index.php\/wp-json\/wp\/v2\/posts\/20741","targetHints":{"allow":["GET"]}}],"collection":[{"href":"https:\/\/noticiasnoface.com.br\/index.php\/wp-json\/wp\/v2\/posts"}],"about":[{"href":"https:\/\/noticiasnoface.com.br\/index.php\/wp-json\/wp\/v2\/types\/post"}],"author":[{"embeddable":true,"href":"https:\/\/noticiasnoface.com.br\/index.php\/wp-json\/wp\/v2\/users\/1"}],"replies":[{"embeddable":true,"href":"https:\/\/noticiasnoface.com.br\/index.php\/wp-json\/wp\/v2\/comments?post=20741"}],"version-history":[{"count":1,"href":"https:\/\/noticiasnoface.com.br\/index.php\/wp-json\/wp\/v2\/posts\/20741\/revisions"}],"predecessor-version":[{"id":20742,"href":"https:\/\/noticiasnoface.com.br\/index.php\/wp-json\/wp\/v2\/posts\/20741\/revisions\/20742"}],"wp:attachment":[{"href":"https:\/\/noticiasnoface.com.br\/index.php\/wp-json\/wp\/v2\/media?parent=20741"}],"wp:term":[{"taxonomy":"category","embeddable":true,"href":"https:\/\/noticiasnoface.com.br\/index.php\/wp-json\/wp\/v2\/categories?post=20741"},{"taxonomy":"post_tag","embeddable":true,"href":"https:\/\/noticiasnoface.com.br\/index.php\/wp-json\/wp\/v2\/tags?post=20741"}],"curies":[{"name":"wp","href":"https:\/\/api.w.org\/{rel}","templated":true}]}}