{"id":21032,"date":"2024-01-01T18:22:12","date_gmt":"2024-01-01T21:22:12","guid":{"rendered":"https:\/\/noticiasnoface.com.br\/?p=21032"},"modified":"2024-01-01T18:22:13","modified_gmt":"2024-01-01T21:22:13","slug":"natal-tem-reveillon-mais-chibata-dos-ultimos-10-anos-ate-favela-do-alemao-fez-maior","status":"publish","type":"post","link":"https:\/\/noticiasnoface.com.br\/index.php\/2024\/01\/01\/natal-tem-reveillon-mais-chibata-dos-ultimos-10-anos-ate-favela-do-alemao-fez-maior\/","title":{"rendered":"NATAL tem R\u00e9veillon mais chibata dos \u00faltimos 10 anos, ate favela do alem\u00e3o fez maior"},"content":{"rendered":"\n\n\n<figure class=\"wp-block-video\"><video height=\"1280\" style=\"aspect-ratio: 720 \/ 1280;\" width=\"720\" controls src=\"https:\/\/noticiasnoface.com.br\/wp-content\/uploads\/2024\/01\/99daee14-2493-403b-80df-70e437048bcc-1.mp4\"><\/video><figcaption class=\"wp-element-caption\">Natal capital do RN teve o R\u00e9veillon mais chibata dos \u00faltimos 10 anos. Ruas escuras, ornamentos aproveitados da \u00e9poca que Jesiel Figuerado fazia teatro, na Zona Norte apenas um letreiro feito com mangueira de led. Para voc\u00eas terem uma ideia a favela do alem\u00e3o teve 15 minutos de fogos de artif\u00edcios intensos divididos em 4 pontos da favela( V\u00cdDEO) em Natal foram 12 minutos de peido de veia e 3 pontos da cidade. UMA VERGONHA <\/figcaption><\/figure>\n","protected":false},"excerpt":{"rendered":"","protected":false},"author":1,"featured_media":0,"comment_status":"open","ping_status":"open","sticky":false,"template":"","format":"standard","meta":{"site-sidebar-layout":"default","site-content-layout":"","ast-site-content-layout":"default","site-content-style":"default","site-sidebar-style":"default","ast-global-header-display":"","ast-banner-title-visibility":"","ast-main-header-display":"","ast-hfb-above-header-display":"","ast-hfb-below-header-display":"","ast-hfb-mobile-header-display":"","site-post-title":"","ast-breadcrumbs-content":"","ast-featured-img":"","footer-sml-layout":"","ast-disable-related-posts":"","theme-transparent-header-meta":"","adv-header-id-meta":"","stick-header-meta":"","header-above-stick-meta":"","header-main-stick-meta":"","header-below-stick-meta":"","astra-migrate-meta-layouts":"default","ast-page-background-enabled":"default","ast-page-background-meta":{"desktop":{"background-color":"var(--ast-global-color-4)","background-image":"","background-repeat":"repeat","background-position":"center center","background-size":"auto","background-attachment":"scroll","background-type":"","background-media":"","overlay-type":"","overlay-color":"","overlay-opacity":"","overlay-gradient":""},"tablet":{"background-color":"","background-image":"","background-repeat":"repeat","background-position":"center center","background-size":"auto","background-attachment":"scroll","background-type":"","background-media":"","overlay-type":"","overlay-color":"","overlay-opacity":"","overlay-gradient":""},"mobile":{"background-color":"","background-image":"","background-repeat":"repeat","background-position":"center center","background-size":"auto","background-attachment":"scroll","background-type":"","background-media":"","overlay-type":"","overlay-color":"","overlay-opacity":"","overlay-gradient":""}},"ast-content-background-meta":{"desktop":{"background-color":"var(--ast-global-color-5)","background-image":"","background-repeat":"repeat","background-position":"center center","background-size":"auto","background-attachment":"scroll","background-type":"","background-media":"","overlay-type":"","overlay-color":"","overlay-opacity":"","overlay-gradient":""},"tablet":{"background-color":"var(--ast-global-color-5)","background-image":"","background-repeat":"repeat","background-position":"center center","background-size":"auto","background-attachment":"scroll","background-type":"","background-media":"","overlay-type":"","overlay-color":"","overlay-opacity":"","overlay-gradient":""},"mobile":{"background-color":"var(--ast-global-color-5)","background-image":"","background-repeat":"repeat","background-position":"center center","background-size":"auto","background-attachment":"scroll","background-type":"","background-media":"","overlay-type":"","overlay-color":"","overlay-opacity":"","overlay-gradient":""}},"footnotes":""},"categories":[517],"tags":[],"class_list":["post-21032","post","type-post","status-publish","format-standard","hentry","category-aconteceu"],"yoast_head":"<!-- This site is optimized with the Yoast SEO plugin v28.3 - https:\/\/yoast.com\/product\/yoast-seo-wordpress\/ -->\n<title>NATAL tem R\u00e9veillon mais chibata dos \u00faltimos 10 anos, ate favela do alem\u00e3o fez maior - NOTICIAS NO FACE<\/title>\n<meta name=\"robots\" content=\"index, follow, max-snippet:-1, max-image-preview:large, max-video-preview:-1\" \/>\n<link rel=\"canonical\" href=\"https:\/\/noticiasnoface.com.br\/index.php\/2024\/01\/01\/natal-tem-reveillon-mais-chibata-dos-ultimos-10-anos-ate-favela-do-alemao-fez-maior\/\" \/>\n<meta property=\"og:locale\" content=\"pt_BR\" \/>\n<meta property=\"og:type\" content=\"article\" \/>\n<meta property=\"og:title\" content=\"NATAL tem R\u00e9veillon mais chibata dos \u00faltimos 10 anos, ate favela do alem\u00e3o fez maior - NOTICIAS NO FACE\" \/>\n<meta property=\"og:url\" content=\"https:\/\/noticiasnoface.com.br\/index.php\/2024\/01\/01\/natal-tem-reveillon-mais-chibata-dos-ultimos-10-anos-ate-favela-do-alemao-fez-maior\/\" \/>\n<meta property=\"og:site_name\" content=\"NOTICIAS NO FACE\" \/>\n<meta property=\"article:publisher\" content=\"https:\/\/www.facebook.com\/profile.php?id=100012908593281\" \/>\n<meta property=\"article:author\" content=\"https:\/\/www.facebook.com\/noticiasnf?mibextid=LQQJ4d\" \/>\n<meta property=\"article:published_time\" content=\"2024-01-01T21:22:12+00:00\" \/>\n<meta property=\"article:modified_time\" content=\"2024-01-01T21:22:13+00:00\" \/>\n<meta name=\"author\" content=\"Noticias No Face\" \/>\n<meta name=\"twitter:card\" content=\"summary_large_image\" \/>\n<meta name=\"twitter:label1\" content=\"Escrito por\" \/>\n\t<meta name=\"twitter:data1\" content=\"Noticias No Face\" \/>\n<script type=\"application\/ld+json\" class=\"yoast-schema-graph\">{\"@context\":\"https:\\\/\\\/schema.org\",\"@graph\":[{\"@type\":\"Article\",\"@id\":\"https:\\\/\\\/noticiasnoface.com.br\\\/index.php\\\/2024\\\/01\\\/01\\\/natal-tem-reveillon-mais-chibata-dos-ultimos-10-anos-ate-favela-do-alemao-fez-maior\\\/#article\",\"isPartOf\":{\"@id\":\"https:\\\/\\\/noticiasnoface.com.br\\\/index.php\\\/2024\\\/01\\\/01\\\/natal-tem-reveillon-mais-chibata-dos-ultimos-10-anos-ate-favela-do-alemao-fez-maior\\\/\"},\"author\":{\"name\":\"Noticias No Face\",\"@id\":\"https:\\\/\\\/noticiasnoface.com.br\\\/#\\\/schema\\\/person\\\/6d6bb5e4ecce219cd6ecb0ec9e14d8f7\"},\"headline\":\"NATAL tem R\u00e9veillon mais chibata dos \u00faltimos 10 anos, ate favela do alem\u00e3o fez maior\",\"datePublished\":\"2024-01-01T21:22:12+00:00\",\"dateModified\":\"2024-01-01T21:22:13+00:00\",\"mainEntityOfPage\":{\"@id\":\"https:\\\/\\\/noticiasnoface.com.br\\\/index.php\\\/2024\\\/01\\\/01\\\/natal-tem-reveillon-mais-chibata-dos-ultimos-10-anos-ate-favela-do-alemao-fez-maior\\\/\"},\"wordCount\":91,\"commentCount\":0,\"publisher\":{\"@id\":\"https:\\\/\\\/noticiasnoface.com.br\\\/#organization\"},\"articleSection\":[\"ACONTECEU\"],\"inLanguage\":\"pt-BR\",\"potentialAction\":[{\"@type\":\"CommentAction\",\"name\":\"Comment\",\"target\":[\"https:\\\/\\\/noticiasnoface.com.br\\\/index.php\\\/2024\\\/01\\\/01\\\/natal-tem-reveillon-mais-chibata-dos-ultimos-10-anos-ate-favela-do-alemao-fez-maior\\\/#respond\"]}]},{\"@type\":\"WebPage\",\"@id\":\"https:\\\/\\\/noticiasnoface.com.br\\\/index.php\\\/2024\\\/01\\\/01\\\/natal-tem-reveillon-mais-chibata-dos-ultimos-10-anos-ate-favela-do-alemao-fez-maior\\\/\",\"url\":\"https:\\\/\\\/noticiasnoface.com.br\\\/index.php\\\/2024\\\/01\\\/01\\\/natal-tem-reveillon-mais-chibata-dos-ultimos-10-anos-ate-favela-do-alemao-fez-maior\\\/\",\"name\":\"NATAL tem R\u00e9veillon mais chibata dos \u00faltimos 10 anos, ate favela do alem\u00e3o fez maior - NOTICIAS NO FACE\",\"isPartOf\":{\"@id\":\"https:\\\/\\\/noticiasnoface.com.br\\\/#website\"},\"datePublished\":\"2024-01-01T21:22:12+00:00\",\"dateModified\":\"2024-01-01T21:22:13+00:00\",\"breadcrumb\":{\"@id\":\"https:\\\/\\\/noticiasnoface.com.br\\\/index.php\\\/2024\\\/01\\\/01\\\/natal-tem-reveillon-mais-chibata-dos-ultimos-10-anos-ate-favela-do-alemao-fez-maior\\\/#breadcrumb\"},\"inLanguage\":\"pt-BR\",\"potentialAction\":[{\"@type\":\"ReadAction\",\"target\":[\"https:\\\/\\\/noticiasnoface.com.br\\\/index.php\\\/2024\\\/01\\\/01\\\/natal-tem-reveillon-mais-chibata-dos-ultimos-10-anos-ate-favela-do-alemao-fez-maior\\\/\"]}]},{\"@type\":\"BreadcrumbList\",\"@id\":\"https:\\\/\\\/noticiasnoface.com.br\\\/index.php\\\/2024\\\/01\\\/01\\\/natal-tem-reveillon-mais-chibata-dos-ultimos-10-anos-ate-favela-do-alemao-fez-maior\\\/#breadcrumb\",\"itemListElement\":[{\"@type\":\"ListItem\",\"position\":1,\"name\":\"In\u00edcio\",\"item\":\"https:\\\/\\\/noticiasnoface.com.br\\\/\"},{\"@type\":\"ListItem\",\"position\":2,\"name\":\"NATAL tem R\u00e9veillon mais chibata dos \u00faltimos 10 anos, ate favela do alem\u00e3o fez maior\"}]},{\"@type\":\"WebSite\",\"@id\":\"https:\\\/\\\/noticiasnoface.com.br\\\/#website\",\"url\":\"https:\\\/\\\/noticiasnoface.com.br\\\/\",\"name\":\"Noticias No Face\",\"description\":\"NNF\",\"publisher\":{\"@id\":\"https:\\\/\\\/noticiasnoface.com.br\\\/#organization\"},\"potentialAction\":[{\"@type\":\"SearchAction\",\"target\":{\"@type\":\"EntryPoint\",\"urlTemplate\":\"https:\\\/\\\/noticiasnoface.com.br\\\/?s={search_term_string}\"},\"query-input\":{\"@type\":\"PropertyValueSpecification\",\"valueRequired\":true,\"valueName\":\"search_term_string\"}}],\"inLanguage\":\"pt-BR\"},{\"@type\":\"Organization\",\"@id\":\"https:\\\/\\\/noticiasnoface.com.br\\\/#organization\",\"name\":\"Noticias no face\",\"url\":\"https:\\\/\\\/noticiasnoface.com.br\\\/\",\"logo\":{\"@type\":\"ImageObject\",\"inLanguage\":\"pt-BR\",\"@id\":\"https:\\\/\\\/noticiasnoface.com.br\\\/#\\\/schema\\\/logo\\\/image\\\/\",\"url\":\"https:\\\/\\\/noticiasnoface.com.br\\\/wp-content\\\/uploads\\\/2024\\\/03\\\/FB_IMG_1627525396589_Original.jpeg\",\"contentUrl\":\"https:\\\/\\\/noticiasnoface.com.br\\\/wp-content\\\/uploads\\\/2024\\\/03\\\/FB_IMG_1627525396589_Original.jpeg\",\"width\":1304,\"height\":1285,\"caption\":\"Noticias no face\"},\"image\":{\"@id\":\"https:\\\/\\\/noticiasnoface.com.br\\\/#\\\/schema\\\/logo\\\/image\\\/\"},\"sameAs\":[\"https:\\\/\\\/www.facebook.com\\\/profile.php?id=100012908593281\",\"https:\\\/\\\/www.instagram.com\\\/noticianoface?igsh=MWVvMXQ0MjA3cHY1aQ==\",\"https:\\\/\\\/www.threads.net\\\/@noticiasnoface\"]},{\"@type\":\"Person\",\"@id\":\"https:\\\/\\\/noticiasnoface.com.br\\\/#\\\/schema\\\/person\\\/6d6bb5e4ecce219cd6ecb0ec9e14d8f7\",\"name\":\"Noticias No Face\",\"image\":{\"@type\":\"ImageObject\",\"inLanguage\":\"pt-BR\",\"@id\":\"https:\\\/\\\/secure.gravatar.com\\\/avatar\\\/16a373ebacd5b4a7908eb9b55ce0623c12f93b525e8b3e089429e16c67cf2de0?s=96&d=mm&r=g\",\"url\":\"https:\\\/\\\/secure.gravatar.com\\\/avatar\\\/16a373ebacd5b4a7908eb9b55ce0623c12f93b525e8b3e089429e16c67cf2de0?s=96&d=mm&r=g\",\"contentUrl\":\"https:\\\/\\\/secure.gravatar.com\\\/avatar\\\/16a373ebacd5b4a7908eb9b55ce0623c12f93b525e8b3e089429e16c67cf2de0?s=96&d=mm&r=g\",\"caption\":\"Noticias No Face\"},\"sameAs\":[\"http:\\\/\\\/noticiasnoface.com.br\",\"https:\\\/\\\/www.facebook.com\\\/noticiasnf?mibextid=LQQJ4d\",\"https:\\\/\\\/www.instagram.com\\\/noticianoface?igsh=MWVvMXQ0MjA3cHY1aQ==\"],\"url\":\"https:\\\/\\\/noticiasnoface.com.br\\\/author\\\/marcostrigueiro\\\/\"}]}<\/script>\n<!-- \/ Yoast SEO plugin. -->","yoast_head_json":{"title":"NATAL tem R\u00e9veillon mais chibata dos \u00faltimos 10 anos, ate favela do alem\u00e3o fez maior - NOTICIAS NO FACE","robots":{"index":"index","follow":"follow","max-snippet":"max-snippet:-1","max-image-preview":"max-image-preview:large","max-video-preview":"max-video-preview:-1"},"canonical":"https:\/\/noticiasnoface.com.br\/index.php\/2024\/01\/01\/natal-tem-reveillon-mais-chibata-dos-ultimos-10-anos-ate-favela-do-alemao-fez-maior\/","og_locale":"pt_BR","og_type":"article","og_title":"NATAL tem R\u00e9veillon mais chibata dos \u00faltimos 10 anos, ate favela do alem\u00e3o fez maior - NOTICIAS NO FACE","og_url":"https:\/\/noticiasnoface.com.br\/index.php\/2024\/01\/01\/natal-tem-reveillon-mais-chibata-dos-ultimos-10-anos-ate-favela-do-alemao-fez-maior\/","og_site_name":"NOTICIAS NO FACE","article_publisher":"https:\/\/www.facebook.com\/profile.php?id=100012908593281","article_author":"https:\/\/www.facebook.com\/noticiasnf?mibextid=LQQJ4d","article_published_time":"2024-01-01T21:22:12+00:00","article_modified_time":"2024-01-01T21:22:13+00:00","author":"Noticias No Face","twitter_card":"summary_large_image","twitter_misc":{"Escrito por":"Noticias No Face"},"schema":{"@context":"https:\/\/schema.org","@graph":[{"@type":"Article","@id":"https:\/\/noticiasnoface.com.br\/index.php\/2024\/01\/01\/natal-tem-reveillon-mais-chibata-dos-ultimos-10-anos-ate-favela-do-alemao-fez-maior\/#article","isPartOf":{"@id":"https:\/\/noticiasnoface.com.br\/index.php\/2024\/01\/01\/natal-tem-reveillon-mais-chibata-dos-ultimos-10-anos-ate-favela-do-alemao-fez-maior\/"},"author":{"name":"Noticias No Face","@id":"https:\/\/noticiasnoface.com.br\/#\/schema\/person\/6d6bb5e4ecce219cd6ecb0ec9e14d8f7"},"headline":"NATAL tem R\u00e9veillon mais chibata dos \u00faltimos 10 anos, ate favela do alem\u00e3o fez maior","datePublished":"2024-01-01T21:22:12+00:00","dateModified":"2024-01-01T21:22:13+00:00","mainEntityOfPage":{"@id":"https:\/\/noticiasnoface.com.br\/index.php\/2024\/01\/01\/natal-tem-reveillon-mais-chibata-dos-ultimos-10-anos-ate-favela-do-alemao-fez-maior\/"},"wordCount":91,"commentCount":0,"publisher":{"@id":"https:\/\/noticiasnoface.com.br\/#organization"},"articleSection":["ACONTECEU"],"inLanguage":"pt-BR","potentialAction":[{"@type":"CommentAction","name":"Comment","target":["https:\/\/noticiasnoface.com.br\/index.php\/2024\/01\/01\/natal-tem-reveillon-mais-chibata-dos-ultimos-10-anos-ate-favela-do-alemao-fez-maior\/#respond"]}]},{"@type":"WebPage","@id":"https:\/\/noticiasnoface.com.br\/index.php\/2024\/01\/01\/natal-tem-reveillon-mais-chibata-dos-ultimos-10-anos-ate-favela-do-alemao-fez-maior\/","url":"https:\/\/noticiasnoface.com.br\/index.php\/2024\/01\/01\/natal-tem-reveillon-mais-chibata-dos-ultimos-10-anos-ate-favela-do-alemao-fez-maior\/","name":"NATAL tem R\u00e9veillon mais chibata dos \u00faltimos 10 anos, ate favela do alem\u00e3o fez maior - NOTICIAS NO FACE","isPartOf":{"@id":"https:\/\/noticiasnoface.com.br\/#website"},"datePublished":"2024-01-01T21:22:12+00:00","dateModified":"2024-01-01T21:22:13+00:00","breadcrumb":{"@id":"https:\/\/noticiasnoface.com.br\/index.php\/2024\/01\/01\/natal-tem-reveillon-mais-chibata-dos-ultimos-10-anos-ate-favela-do-alemao-fez-maior\/#breadcrumb"},"inLanguage":"pt-BR","potentialAction":[{"@type":"ReadAction","target":["https:\/\/noticiasnoface.com.br\/index.php\/2024\/01\/01\/natal-tem-reveillon-mais-chibata-dos-ultimos-10-anos-ate-favela-do-alemao-fez-maior\/"]}]},{"@type":"BreadcrumbList","@id":"https:\/\/noticiasnoface.com.br\/index.php\/2024\/01\/01\/natal-tem-reveillon-mais-chibata-dos-ultimos-10-anos-ate-favela-do-alemao-fez-maior\/#breadcrumb","itemListElement":[{"@type":"ListItem","position":1,"name":"In\u00edcio","item":"https:\/\/noticiasnoface.com.br\/"},{"@type":"ListItem","position":2,"name":"NATAL tem R\u00e9veillon mais chibata dos \u00faltimos 10 anos, ate favela do alem\u00e3o fez maior"}]},{"@type":"WebSite","@id":"https:\/\/noticiasnoface.com.br\/#website","url":"https:\/\/noticiasnoface.com.br\/","name":"Noticias No Face","description":"NNF","publisher":{"@id":"https:\/\/noticiasnoface.com.br\/#organization"},"potentialAction":[{"@type":"SearchAction","target":{"@type":"EntryPoint","urlTemplate":"https:\/\/noticiasnoface.com.br\/?s={search_term_string}"},"query-input":{"@type":"PropertyValueSpecification","valueRequired":true,"valueName":"search_term_string"}}],"inLanguage":"pt-BR"},{"@type":"Organization","@id":"https:\/\/noticiasnoface.com.br\/#organization","name":"Noticias no face","url":"https:\/\/noticiasnoface.com.br\/","logo":{"@type":"ImageObject","inLanguage":"pt-BR","@id":"https:\/\/noticiasnoface.com.br\/#\/schema\/logo\/image\/","url":"https:\/\/noticiasnoface.com.br\/wp-content\/uploads\/2024\/03\/FB_IMG_1627525396589_Original.jpeg","contentUrl":"https:\/\/noticiasnoface.com.br\/wp-content\/uploads\/2024\/03\/FB_IMG_1627525396589_Original.jpeg","width":1304,"height":1285,"caption":"Noticias no face"},"image":{"@id":"https:\/\/noticiasnoface.com.br\/#\/schema\/logo\/image\/"},"sameAs":["https:\/\/www.facebook.com\/profile.php?id=100012908593281","https:\/\/www.instagram.com\/noticianoface?igsh=MWVvMXQ0MjA3cHY1aQ==","https:\/\/www.threads.net\/@noticiasnoface"]},{"@type":"Person","@id":"https:\/\/noticiasnoface.com.br\/#\/schema\/person\/6d6bb5e4ecce219cd6ecb0ec9e14d8f7","name":"Noticias No Face","image":{"@type":"ImageObject","inLanguage":"pt-BR","@id":"https:\/\/secure.gravatar.com\/avatar\/16a373ebacd5b4a7908eb9b55ce0623c12f93b525e8b3e089429e16c67cf2de0?s=96&d=mm&r=g","url":"https:\/\/secure.gravatar.com\/avatar\/16a373ebacd5b4a7908eb9b55ce0623c12f93b525e8b3e089429e16c67cf2de0?s=96&d=mm&r=g","contentUrl":"https:\/\/secure.gravatar.com\/avatar\/16a373ebacd5b4a7908eb9b55ce0623c12f93b525e8b3e089429e16c67cf2de0?s=96&d=mm&r=g","caption":"Noticias No Face"},"sameAs":["http:\/\/noticiasnoface.com.br","https:\/\/www.facebook.com\/noticiasnf?mibextid=LQQJ4d","https:\/\/www.instagram.com\/noticianoface?igsh=MWVvMXQ0MjA3cHY1aQ=="],"url":"https:\/\/noticiasnoface.com.br\/author\/marcostrigueiro\/"}]}},"_links":{"self":[{"href":"https:\/\/noticiasnoface.com.br\/index.php\/wp-json\/wp\/v2\/posts\/21032","targetHints":{"allow":["GET"]}}],"collection":[{"href":"https:\/\/noticiasnoface.com.br\/index.php\/wp-json\/wp\/v2\/posts"}],"about":[{"href":"https:\/\/noticiasnoface.com.br\/index.php\/wp-json\/wp\/v2\/types\/post"}],"author":[{"embeddable":true,"href":"https:\/\/noticiasnoface.com.br\/index.php\/wp-json\/wp\/v2\/users\/1"}],"replies":[{"embeddable":true,"href":"https:\/\/noticiasnoface.com.br\/index.php\/wp-json\/wp\/v2\/comments?post=21032"}],"version-history":[{"count":1,"href":"https:\/\/noticiasnoface.com.br\/index.php\/wp-json\/wp\/v2\/posts\/21032\/revisions"}],"predecessor-version":[{"id":21033,"href":"https:\/\/noticiasnoface.com.br\/index.php\/wp-json\/wp\/v2\/posts\/21032\/revisions\/21033"}],"wp:attachment":[{"href":"https:\/\/noticiasnoface.com.br\/index.php\/wp-json\/wp\/v2\/media?parent=21032"}],"wp:term":[{"taxonomy":"category","embeddable":true,"href":"https:\/\/noticiasnoface.com.br\/index.php\/wp-json\/wp\/v2\/categories?post=21032"},{"taxonomy":"post_tag","embeddable":true,"href":"https:\/\/noticiasnoface.com.br\/index.php\/wp-json\/wp\/v2\/tags?post=21032"}],"curies":[{"name":"wp","href":"https:\/\/api.w.org\/{rel}","templated":true}]}}