{"id":21035,"date":"2024-01-01T20:08:06","date_gmt":"2024-01-01T23:08:06","guid":{"rendered":"https:\/\/noticiasnoface.com.br\/?p=21035"},"modified":"2024-01-01T20:08:06","modified_gmt":"2024-01-01T23:08:06","slug":"veja-quem-eram-os-quatro-jovens-que-morreram-na-bmw","status":"publish","type":"post","link":"https:\/\/noticiasnoface.com.br\/index.php\/2024\/01\/01\/veja-quem-eram-os-quatro-jovens-que-morreram-na-bmw\/","title":{"rendered":"Veja Quem eram os quatro jovens que morreram na BMW"},"content":{"rendered":"\n<figure class=\"wp-block-image size-large\"><img loading=\"lazy\" decoding=\"async\" width=\"300\" height=\"300\" src=\"https:\/\/noticiasnoface.com.br\/wp-content\/uploads\/2024\/01\/img_7960-300x300.jpg\" class=\"wp-image-21034\" srcset=\"https:\/\/noticiasnoface.com.br\/wp-content\/uploads\/2024\/01\/img_7960-300x300.jpg 300w, https:\/\/noticiasnoface.com.br\/wp-content\/uploads\/2024\/01\/img_7960-150x150.jpg 150w, https:\/\/noticiasnoface.com.br\/wp-content\/uploads\/2024\/01\/img_7960.jpg 320w\" sizes=\"auto, (max-width: 300px) 100vw, 300px\" \/><figcaption class=\"wp-element-caption\">Os jovens que morreram com suspeita de intoxica\u00e7\u00e3o dentro de uma BMW em Balne\u00e1rio Cambori\u00fa, no Litoral Norte de Santa Catarina, foram identificados (veja abaixo). A Pol\u00edcia Militar informou o nome dos adultos. O adolescente teve a identifica\u00e7\u00e3o divulgada por familiares e amigos nas redes sociais.<br><br><strong>Quem eram as v\u00edtimas:<\/strong><br>Gustavo Pereira Silveira Elias, 24 anos.<br>Karla Aparecida dos Santos ,19 anos.<br>Tiago de Lima Ribeiro, 21 anos.<br>Nicolas Kovaleski, 16 anos.<br>Os jovens eram de Paracatu e Patos de Minas, em Minas Gerais, mas moravam na Grande Florian\u00f3polis h\u00e1 cerca de um m\u00eas, segundo o delegado Bruno Effori. A prefeitura de Paracatu decretou luto oficial pelas mortes de Gustavo, Thiago, Nicolas e Karla.<br><br>Paracatu decreta luto oficial \u2014 Foto: Redes sociais\/Divulga\u00e7\u00e3o<br><strong>Suspeita de intoxica\u00e7\u00e3o<\/strong><br>Os quatro jovens ficaram cerca de quatro horas dentro do carro ligado com o ar-condicionado funcionando, segundo o delegado Bruno Effori. Eles foram encontrados desmaiados na manh\u00e3 desta segunda-feira (1\u00ba).<br>Segundo informa\u00e7\u00f5es preliminares da pol\u00edcia, uma falha mec\u00e2nica na BMW\/320I M Sport, fabricada em 2022, teria levado mon\u00f3xido de carbono para dentro do ve\u00edculo, o que pode ter causado a morte do grupo.<br><br>BMW onde corpos foram achados em parada cardiorrespirat\u00f3rio em SC \u2014 Foto: Felipe Sales\/NSC TV<br>Ao delegado Effori, a fam\u00edlia disse que o ve\u00edculo havia passado por uma customiza\u00e7\u00e3o recente no sistema de escapamento do carro, e pol\u00edcia busca saber se tem rela\u00e7\u00e3o com o vazamento.<br>&#8220;H\u00e1 necessidade de exames complementares, mas a per\u00edcia apontou uma perfura\u00e7\u00e3o no escape entre o motor e o painel do autom\u00f3vel, e que teria vazado mon\u00f3xido de carbono para dentro do ve\u00edculo, que teria causado asfixia e parada cardiorrespirat\u00f3ria nos ocupantes&#8221;, disse o delegado Bruno Effori.<br><br><strong>Din\u00e2mica das mortes<\/strong><br>Conforme o delegado, imagens de c\u00e2meras de monitoramento do Terminal Rodovi\u00e1rio de Balne\u00e1rio Cambori\u00fa, onde o carro estava estacionado quando as v\u00edtimas foram encontradas, foram analisadas.<br>Ap\u00f3s checagem da investiga\u00e7\u00e3o, o delegado deu detalhes sobre a din\u00e2mica do caso. Segundo Effori, <strong>a mulher que sobreviveu foi a que menos ficou dentro do carro.<\/strong> Ela chegou de Minas Gerais de \u00f4nibus, por volta das 3h e ficou aguardando os ocupantes da BMW, que iriam encontr\u00e1-la.<br>&#8220;Ela chega aproximadamente 2h antes do ve\u00edculo e fica aguardando na rodovi\u00e1ria. A\u00ed o ve\u00edculo chega e eles (ocupantes) avisam para ela que est\u00e3o passando mal. Eles relatam n\u00e1usea, tontura, tremedeira, entenderam por bem esperar at\u00e9 melhorar&#8221;, relata.<br>Neste tempo, a jovem entra e sai do carro seguidas vezes, explica o delegado. &#8220;Ela n\u00e3o permaneceu o tempo todo dentro do ve\u00edculo, que ficou ligado por cerca de 3h a 4h, com ar condicionado ligado.<br>O delegado confirmou que n\u00e3o h\u00e1 sinais de viol\u00eancia nas v\u00edtimas, mas ainda ser\u00e1 apurado se h\u00e1 participa\u00e7\u00e3o de &#8220;terceira pessoa&#8221;.<br>O carro passou por per\u00edcia. A Pol\u00edcia Cient\u00edfica informou que o laudo do carro e dos corpos pode demorar alguns dias para ser conclu\u00eddo.<\/figcaption><\/figure>\n","protected":false},"excerpt":{"rendered":"","protected":false},"author":1,"featured_media":0,"comment_status":"open","ping_status":"open","sticky":false,"template":"","format":"standard","meta":{"site-sidebar-layout":"default","site-content-layout":"","ast-site-content-layout":"default","site-content-style":"default","site-sidebar-style":"default","ast-global-header-display":"","ast-banner-title-visibility":"","ast-main-header-display":"","ast-hfb-above-header-display":"","ast-hfb-below-header-display":"","ast-hfb-mobile-header-display":"","site-post-title":"","ast-breadcrumbs-content":"","ast-featured-img":"","footer-sml-layout":"","ast-disable-related-posts":"","theme-transparent-header-meta":"","adv-header-id-meta":"","stick-header-meta":"","header-above-stick-meta":"","header-main-stick-meta":"","header-below-stick-meta":"","astra-migrate-meta-layouts":"default","ast-page-background-enabled":"default","ast-page-background-meta":{"desktop":{"background-color":"var(--ast-global-color-4)","background-image":"","background-repeat":"repeat","background-position":"center center","background-size":"auto","background-attachment":"scroll","background-type":"","background-media":"","overlay-type":"","overlay-color":"","overlay-opacity":"","overlay-gradient":""},"tablet":{"background-color":"","background-image":"","background-repeat":"repeat","background-position":"center center","background-size":"auto","background-attachment":"scroll","background-type":"","background-media":"","overlay-type":"","overlay-color":"","overlay-opacity":"","overlay-gradient":""},"mobile":{"background-color":"","background-image":"","background-repeat":"repeat","background-position":"center center","background-size":"auto","background-attachment":"scroll","background-type":"","background-media":"","overlay-type":"","overlay-color":"","overlay-opacity":"","overlay-gradient":""}},"ast-content-background-meta":{"desktop":{"background-color":"var(--ast-global-color-5)","background-image":"","background-repeat":"repeat","background-position":"center center","background-size":"auto","background-attachment":"scroll","background-type":"","background-media":"","overlay-type":"","overlay-color":"","overlay-opacity":"","overlay-gradient":""},"tablet":{"background-color":"var(--ast-global-color-5)","background-image":"","background-repeat":"repeat","background-position":"center center","background-size":"auto","background-attachment":"scroll","background-type":"","background-media":"","overlay-type":"","overlay-color":"","overlay-opacity":"","overlay-gradient":""},"mobile":{"background-color":"var(--ast-global-color-5)","background-image":"","background-repeat":"repeat","background-position":"center center","background-size":"auto","background-attachment":"scroll","background-type":"","background-media":"","overlay-type":"","overlay-color":"","overlay-opacity":"","overlay-gradient":""}},"footnotes":""},"categories":[517],"tags":[],"class_list":["post-21035","post","type-post","status-publish","format-standard","hentry","category-aconteceu"],"yoast_head":"<!-- This site is optimized with the Yoast SEO plugin v28.3 - https:\/\/yoast.com\/product\/yoast-seo-wordpress\/ -->\n<title>Veja Quem eram os quatro jovens que morreram na BMW - NOTICIAS NO FACE<\/title>\n<meta name=\"robots\" content=\"index, follow, max-snippet:-1, max-image-preview:large, max-video-preview:-1\" \/>\n<link rel=\"canonical\" href=\"https:\/\/noticiasnoface.com.br\/index.php\/2024\/01\/01\/veja-quem-eram-os-quatro-jovens-que-morreram-na-bmw\/\" \/>\n<meta property=\"og:locale\" content=\"pt_BR\" \/>\n<meta property=\"og:type\" content=\"article\" \/>\n<meta property=\"og:title\" content=\"Veja Quem eram os quatro jovens que morreram na BMW - NOTICIAS NO FACE\" \/>\n<meta property=\"og:url\" content=\"https:\/\/noticiasnoface.com.br\/index.php\/2024\/01\/01\/veja-quem-eram-os-quatro-jovens-que-morreram-na-bmw\/\" \/>\n<meta property=\"og:site_name\" content=\"NOTICIAS NO FACE\" \/>\n<meta property=\"article:publisher\" content=\"https:\/\/www.facebook.com\/profile.php?id=100012908593281\" \/>\n<meta property=\"article:author\" content=\"https:\/\/www.facebook.com\/noticiasnf?mibextid=LQQJ4d\" \/>\n<meta property=\"article:published_time\" content=\"2024-01-01T23:08:06+00:00\" \/>\n<meta property=\"og:image\" content=\"https:\/\/noticiasnoface.com.br\/wp-content\/uploads\/2024\/01\/img_7960-300x300.jpg\" \/>\n<meta name=\"author\" content=\"Noticias No Face\" \/>\n<meta name=\"twitter:card\" content=\"summary_large_image\" \/>\n<meta name=\"twitter:label1\" content=\"Escrito por\" \/>\n\t<meta name=\"twitter:data1\" content=\"Noticias No Face\" \/>\n\t<meta name=\"twitter:label2\" content=\"Est. tempo de leitura\" \/>\n\t<meta name=\"twitter:data2\" content=\"3 minutos\" \/>\n<script type=\"application\/ld+json\" class=\"yoast-schema-graph\">{\"@context\":\"https:\\\/\\\/schema.org\",\"@graph\":[{\"@type\":\"Article\",\"@id\":\"https:\\\/\\\/noticiasnoface.com.br\\\/index.php\\\/2024\\\/01\\\/01\\\/veja-quem-eram-os-quatro-jovens-que-morreram-na-bmw\\\/#article\",\"isPartOf\":{\"@id\":\"https:\\\/\\\/noticiasnoface.com.br\\\/index.php\\\/2024\\\/01\\\/01\\\/veja-quem-eram-os-quatro-jovens-que-morreram-na-bmw\\\/\"},\"author\":{\"name\":\"Noticias No Face\",\"@id\":\"https:\\\/\\\/noticiasnoface.com.br\\\/#\\\/schema\\\/person\\\/6d6bb5e4ecce219cd6ecb0ec9e14d8f7\"},\"headline\":\"Veja Quem eram os quatro jovens que morreram na BMW\",\"datePublished\":\"2024-01-01T23:08:06+00:00\",\"mainEntityOfPage\":{\"@id\":\"https:\\\/\\\/noticiasnoface.com.br\\\/index.php\\\/2024\\\/01\\\/01\\\/veja-quem-eram-os-quatro-jovens-que-morreram-na-bmw\\\/\"},\"wordCount\":530,\"commentCount\":0,\"publisher\":{\"@id\":\"https:\\\/\\\/noticiasnoface.com.br\\\/#organization\"},\"image\":{\"@id\":\"https:\\\/\\\/noticiasnoface.com.br\\\/index.php\\\/2024\\\/01\\\/01\\\/veja-quem-eram-os-quatro-jovens-que-morreram-na-bmw\\\/#primaryimage\"},\"thumbnailUrl\":\"https:\\\/\\\/noticiasnoface.com.br\\\/wp-content\\\/uploads\\\/2024\\\/01\\\/img_7960-300x300.jpg\",\"articleSection\":[\"ACONTECEU\"],\"inLanguage\":\"pt-BR\",\"potentialAction\":[{\"@type\":\"CommentAction\",\"name\":\"Comment\",\"target\":[\"https:\\\/\\\/noticiasnoface.com.br\\\/index.php\\\/2024\\\/01\\\/01\\\/veja-quem-eram-os-quatro-jovens-que-morreram-na-bmw\\\/#respond\"]}]},{\"@type\":\"WebPage\",\"@id\":\"https:\\\/\\\/noticiasnoface.com.br\\\/index.php\\\/2024\\\/01\\\/01\\\/veja-quem-eram-os-quatro-jovens-que-morreram-na-bmw\\\/\",\"url\":\"https:\\\/\\\/noticiasnoface.com.br\\\/index.php\\\/2024\\\/01\\\/01\\\/veja-quem-eram-os-quatro-jovens-que-morreram-na-bmw\\\/\",\"name\":\"Veja Quem eram os quatro jovens que morreram na BMW - NOTICIAS NO FACE\",\"isPartOf\":{\"@id\":\"https:\\\/\\\/noticiasnoface.com.br\\\/#website\"},\"primaryImageOfPage\":{\"@id\":\"https:\\\/\\\/noticiasnoface.com.br\\\/index.php\\\/2024\\\/01\\\/01\\\/veja-quem-eram-os-quatro-jovens-que-morreram-na-bmw\\\/#primaryimage\"},\"image\":{\"@id\":\"https:\\\/\\\/noticiasnoface.com.br\\\/index.php\\\/2024\\\/01\\\/01\\\/veja-quem-eram-os-quatro-jovens-que-morreram-na-bmw\\\/#primaryimage\"},\"thumbnailUrl\":\"https:\\\/\\\/noticiasnoface.com.br\\\/wp-content\\\/uploads\\\/2024\\\/01\\\/img_7960-300x300.jpg\",\"datePublished\":\"2024-01-01T23:08:06+00:00\",\"breadcrumb\":{\"@id\":\"https:\\\/\\\/noticiasnoface.com.br\\\/index.php\\\/2024\\\/01\\\/01\\\/veja-quem-eram-os-quatro-jovens-que-morreram-na-bmw\\\/#breadcrumb\"},\"inLanguage\":\"pt-BR\",\"potentialAction\":[{\"@type\":\"ReadAction\",\"target\":[\"https:\\\/\\\/noticiasnoface.com.br\\\/index.php\\\/2024\\\/01\\\/01\\\/veja-quem-eram-os-quatro-jovens-que-morreram-na-bmw\\\/\"]}]},{\"@type\":\"ImageObject\",\"inLanguage\":\"pt-BR\",\"@id\":\"https:\\\/\\\/noticiasnoface.com.br\\\/index.php\\\/2024\\\/01\\\/01\\\/veja-quem-eram-os-quatro-jovens-que-morreram-na-bmw\\\/#primaryimage\",\"url\":\"https:\\\/\\\/noticiasnoface.com.br\\\/wp-content\\\/uploads\\\/2024\\\/01\\\/img_7960.jpg\",\"contentUrl\":\"https:\\\/\\\/noticiasnoface.com.br\\\/wp-content\\\/uploads\\\/2024\\\/01\\\/img_7960.jpg\",\"width\":320,\"height\":320},{\"@type\":\"BreadcrumbList\",\"@id\":\"https:\\\/\\\/noticiasnoface.com.br\\\/index.php\\\/2024\\\/01\\\/01\\\/veja-quem-eram-os-quatro-jovens-que-morreram-na-bmw\\\/#breadcrumb\",\"itemListElement\":[{\"@type\":\"ListItem\",\"position\":1,\"name\":\"In\u00edcio\",\"item\":\"https:\\\/\\\/noticiasnoface.com.br\\\/\"},{\"@type\":\"ListItem\",\"position\":2,\"name\":\"Veja Quem eram os quatro jovens que morreram na BMW\"}]},{\"@type\":\"WebSite\",\"@id\":\"https:\\\/\\\/noticiasnoface.com.br\\\/#website\",\"url\":\"https:\\\/\\\/noticiasnoface.com.br\\\/\",\"name\":\"Noticias No Face\",\"description\":\"NNF\",\"publisher\":{\"@id\":\"https:\\\/\\\/noticiasnoface.com.br\\\/#organization\"},\"potentialAction\":[{\"@type\":\"SearchAction\",\"target\":{\"@type\":\"EntryPoint\",\"urlTemplate\":\"https:\\\/\\\/noticiasnoface.com.br\\\/?s={search_term_string}\"},\"query-input\":{\"@type\":\"PropertyValueSpecification\",\"valueRequired\":true,\"valueName\":\"search_term_string\"}}],\"inLanguage\":\"pt-BR\"},{\"@type\":\"Organization\",\"@id\":\"https:\\\/\\\/noticiasnoface.com.br\\\/#organization\",\"name\":\"Noticias no face\",\"url\":\"https:\\\/\\\/noticiasnoface.com.br\\\/\",\"logo\":{\"@type\":\"ImageObject\",\"inLanguage\":\"pt-BR\",\"@id\":\"https:\\\/\\\/noticiasnoface.com.br\\\/#\\\/schema\\\/logo\\\/image\\\/\",\"url\":\"https:\\\/\\\/noticiasnoface.com.br\\\/wp-content\\\/uploads\\\/2024\\\/03\\\/FB_IMG_1627525396589_Original.jpeg\",\"contentUrl\":\"https:\\\/\\\/noticiasnoface.com.br\\\/wp-content\\\/uploads\\\/2024\\\/03\\\/FB_IMG_1627525396589_Original.jpeg\",\"width\":1304,\"height\":1285,\"caption\":\"Noticias no face\"},\"image\":{\"@id\":\"https:\\\/\\\/noticiasnoface.com.br\\\/#\\\/schema\\\/logo\\\/image\\\/\"},\"sameAs\":[\"https:\\\/\\\/www.facebook.com\\\/profile.php?id=100012908593281\",\"https:\\\/\\\/www.instagram.com\\\/noticianoface?igsh=MWVvMXQ0MjA3cHY1aQ==\",\"https:\\\/\\\/www.threads.net\\\/@noticiasnoface\"]},{\"@type\":\"Person\",\"@id\":\"https:\\\/\\\/noticiasnoface.com.br\\\/#\\\/schema\\\/person\\\/6d6bb5e4ecce219cd6ecb0ec9e14d8f7\",\"name\":\"Noticias No Face\",\"image\":{\"@type\":\"ImageObject\",\"inLanguage\":\"pt-BR\",\"@id\":\"https:\\\/\\\/secure.gravatar.com\\\/avatar\\\/16a373ebacd5b4a7908eb9b55ce0623c12f93b525e8b3e089429e16c67cf2de0?s=96&d=mm&r=g\",\"url\":\"https:\\\/\\\/secure.gravatar.com\\\/avatar\\\/16a373ebacd5b4a7908eb9b55ce0623c12f93b525e8b3e089429e16c67cf2de0?s=96&d=mm&r=g\",\"contentUrl\":\"https:\\\/\\\/secure.gravatar.com\\\/avatar\\\/16a373ebacd5b4a7908eb9b55ce0623c12f93b525e8b3e089429e16c67cf2de0?s=96&d=mm&r=g\",\"caption\":\"Noticias No Face\"},\"sameAs\":[\"http:\\\/\\\/noticiasnoface.com.br\",\"https:\\\/\\\/www.facebook.com\\\/noticiasnf?mibextid=LQQJ4d\",\"https:\\\/\\\/www.instagram.com\\\/noticianoface?igsh=MWVvMXQ0MjA3cHY1aQ==\"],\"url\":\"https:\\\/\\\/noticiasnoface.com.br\\\/author\\\/marcostrigueiro\\\/\"}]}<\/script>\n<!-- \/ Yoast SEO plugin. -->","yoast_head_json":{"title":"Veja Quem eram os quatro jovens que morreram na BMW - NOTICIAS NO FACE","robots":{"index":"index","follow":"follow","max-snippet":"max-snippet:-1","max-image-preview":"max-image-preview:large","max-video-preview":"max-video-preview:-1"},"canonical":"https:\/\/noticiasnoface.com.br\/index.php\/2024\/01\/01\/veja-quem-eram-os-quatro-jovens-que-morreram-na-bmw\/","og_locale":"pt_BR","og_type":"article","og_title":"Veja Quem eram os quatro jovens que morreram na BMW - NOTICIAS NO FACE","og_url":"https:\/\/noticiasnoface.com.br\/index.php\/2024\/01\/01\/veja-quem-eram-os-quatro-jovens-que-morreram-na-bmw\/","og_site_name":"NOTICIAS NO FACE","article_publisher":"https:\/\/www.facebook.com\/profile.php?id=100012908593281","article_author":"https:\/\/www.facebook.com\/noticiasnf?mibextid=LQQJ4d","article_published_time":"2024-01-01T23:08:06+00:00","og_image":[{"url":"https:\/\/noticiasnoface.com.br\/wp-content\/uploads\/2024\/01\/img_7960-300x300.jpg","type":"","width":"","height":""}],"author":"Noticias No Face","twitter_card":"summary_large_image","twitter_misc":{"Escrito por":"Noticias No Face","Est. tempo de leitura":"3 minutos"},"schema":{"@context":"https:\/\/schema.org","@graph":[{"@type":"Article","@id":"https:\/\/noticiasnoface.com.br\/index.php\/2024\/01\/01\/veja-quem-eram-os-quatro-jovens-que-morreram-na-bmw\/#article","isPartOf":{"@id":"https:\/\/noticiasnoface.com.br\/index.php\/2024\/01\/01\/veja-quem-eram-os-quatro-jovens-que-morreram-na-bmw\/"},"author":{"name":"Noticias No Face","@id":"https:\/\/noticiasnoface.com.br\/#\/schema\/person\/6d6bb5e4ecce219cd6ecb0ec9e14d8f7"},"headline":"Veja Quem eram os quatro jovens que morreram na BMW","datePublished":"2024-01-01T23:08:06+00:00","mainEntityOfPage":{"@id":"https:\/\/noticiasnoface.com.br\/index.php\/2024\/01\/01\/veja-quem-eram-os-quatro-jovens-que-morreram-na-bmw\/"},"wordCount":530,"commentCount":0,"publisher":{"@id":"https:\/\/noticiasnoface.com.br\/#organization"},"image":{"@id":"https:\/\/noticiasnoface.com.br\/index.php\/2024\/01\/01\/veja-quem-eram-os-quatro-jovens-que-morreram-na-bmw\/#primaryimage"},"thumbnailUrl":"https:\/\/noticiasnoface.com.br\/wp-content\/uploads\/2024\/01\/img_7960-300x300.jpg","articleSection":["ACONTECEU"],"inLanguage":"pt-BR","potentialAction":[{"@type":"CommentAction","name":"Comment","target":["https:\/\/noticiasnoface.com.br\/index.php\/2024\/01\/01\/veja-quem-eram-os-quatro-jovens-que-morreram-na-bmw\/#respond"]}]},{"@type":"WebPage","@id":"https:\/\/noticiasnoface.com.br\/index.php\/2024\/01\/01\/veja-quem-eram-os-quatro-jovens-que-morreram-na-bmw\/","url":"https:\/\/noticiasnoface.com.br\/index.php\/2024\/01\/01\/veja-quem-eram-os-quatro-jovens-que-morreram-na-bmw\/","name":"Veja Quem eram os quatro jovens que morreram na BMW - NOTICIAS NO FACE","isPartOf":{"@id":"https:\/\/noticiasnoface.com.br\/#website"},"primaryImageOfPage":{"@id":"https:\/\/noticiasnoface.com.br\/index.php\/2024\/01\/01\/veja-quem-eram-os-quatro-jovens-que-morreram-na-bmw\/#primaryimage"},"image":{"@id":"https:\/\/noticiasnoface.com.br\/index.php\/2024\/01\/01\/veja-quem-eram-os-quatro-jovens-que-morreram-na-bmw\/#primaryimage"},"thumbnailUrl":"https:\/\/noticiasnoface.com.br\/wp-content\/uploads\/2024\/01\/img_7960-300x300.jpg","datePublished":"2024-01-01T23:08:06+00:00","breadcrumb":{"@id":"https:\/\/noticiasnoface.com.br\/index.php\/2024\/01\/01\/veja-quem-eram-os-quatro-jovens-que-morreram-na-bmw\/#breadcrumb"},"inLanguage":"pt-BR","potentialAction":[{"@type":"ReadAction","target":["https:\/\/noticiasnoface.com.br\/index.php\/2024\/01\/01\/veja-quem-eram-os-quatro-jovens-que-morreram-na-bmw\/"]}]},{"@type":"ImageObject","inLanguage":"pt-BR","@id":"https:\/\/noticiasnoface.com.br\/index.php\/2024\/01\/01\/veja-quem-eram-os-quatro-jovens-que-morreram-na-bmw\/#primaryimage","url":"https:\/\/noticiasnoface.com.br\/wp-content\/uploads\/2024\/01\/img_7960.jpg","contentUrl":"https:\/\/noticiasnoface.com.br\/wp-content\/uploads\/2024\/01\/img_7960.jpg","width":320,"height":320},{"@type":"BreadcrumbList","@id":"https:\/\/noticiasnoface.com.br\/index.php\/2024\/01\/01\/veja-quem-eram-os-quatro-jovens-que-morreram-na-bmw\/#breadcrumb","itemListElement":[{"@type":"ListItem","position":1,"name":"In\u00edcio","item":"https:\/\/noticiasnoface.com.br\/"},{"@type":"ListItem","position":2,"name":"Veja Quem eram os quatro jovens que morreram na BMW"}]},{"@type":"WebSite","@id":"https:\/\/noticiasnoface.com.br\/#website","url":"https:\/\/noticiasnoface.com.br\/","name":"Noticias No Face","description":"NNF","publisher":{"@id":"https:\/\/noticiasnoface.com.br\/#organization"},"potentialAction":[{"@type":"SearchAction","target":{"@type":"EntryPoint","urlTemplate":"https:\/\/noticiasnoface.com.br\/?s={search_term_string}"},"query-input":{"@type":"PropertyValueSpecification","valueRequired":true,"valueName":"search_term_string"}}],"inLanguage":"pt-BR"},{"@type":"Organization","@id":"https:\/\/noticiasnoface.com.br\/#organization","name":"Noticias no face","url":"https:\/\/noticiasnoface.com.br\/","logo":{"@type":"ImageObject","inLanguage":"pt-BR","@id":"https:\/\/noticiasnoface.com.br\/#\/schema\/logo\/image\/","url":"https:\/\/noticiasnoface.com.br\/wp-content\/uploads\/2024\/03\/FB_IMG_1627525396589_Original.jpeg","contentUrl":"https:\/\/noticiasnoface.com.br\/wp-content\/uploads\/2024\/03\/FB_IMG_1627525396589_Original.jpeg","width":1304,"height":1285,"caption":"Noticias no face"},"image":{"@id":"https:\/\/noticiasnoface.com.br\/#\/schema\/logo\/image\/"},"sameAs":["https:\/\/www.facebook.com\/profile.php?id=100012908593281","https:\/\/www.instagram.com\/noticianoface?igsh=MWVvMXQ0MjA3cHY1aQ==","https:\/\/www.threads.net\/@noticiasnoface"]},{"@type":"Person","@id":"https:\/\/noticiasnoface.com.br\/#\/schema\/person\/6d6bb5e4ecce219cd6ecb0ec9e14d8f7","name":"Noticias No Face","image":{"@type":"ImageObject","inLanguage":"pt-BR","@id":"https:\/\/secure.gravatar.com\/avatar\/16a373ebacd5b4a7908eb9b55ce0623c12f93b525e8b3e089429e16c67cf2de0?s=96&d=mm&r=g","url":"https:\/\/secure.gravatar.com\/avatar\/16a373ebacd5b4a7908eb9b55ce0623c12f93b525e8b3e089429e16c67cf2de0?s=96&d=mm&r=g","contentUrl":"https:\/\/secure.gravatar.com\/avatar\/16a373ebacd5b4a7908eb9b55ce0623c12f93b525e8b3e089429e16c67cf2de0?s=96&d=mm&r=g","caption":"Noticias No Face"},"sameAs":["http:\/\/noticiasnoface.com.br","https:\/\/www.facebook.com\/noticiasnf?mibextid=LQQJ4d","https:\/\/www.instagram.com\/noticianoface?igsh=MWVvMXQ0MjA3cHY1aQ=="],"url":"https:\/\/noticiasnoface.com.br\/author\/marcostrigueiro\/"}]}},"_links":{"self":[{"href":"https:\/\/noticiasnoface.com.br\/index.php\/wp-json\/wp\/v2\/posts\/21035","targetHints":{"allow":["GET"]}}],"collection":[{"href":"https:\/\/noticiasnoface.com.br\/index.php\/wp-json\/wp\/v2\/posts"}],"about":[{"href":"https:\/\/noticiasnoface.com.br\/index.php\/wp-json\/wp\/v2\/types\/post"}],"author":[{"embeddable":true,"href":"https:\/\/noticiasnoface.com.br\/index.php\/wp-json\/wp\/v2\/users\/1"}],"replies":[{"embeddable":true,"href":"https:\/\/noticiasnoface.com.br\/index.php\/wp-json\/wp\/v2\/comments?post=21035"}],"version-history":[{"count":1,"href":"https:\/\/noticiasnoface.com.br\/index.php\/wp-json\/wp\/v2\/posts\/21035\/revisions"}],"predecessor-version":[{"id":21036,"href":"https:\/\/noticiasnoface.com.br\/index.php\/wp-json\/wp\/v2\/posts\/21035\/revisions\/21036"}],"wp:attachment":[{"href":"https:\/\/noticiasnoface.com.br\/index.php\/wp-json\/wp\/v2\/media?parent=21035"}],"wp:term":[{"taxonomy":"category","embeddable":true,"href":"https:\/\/noticiasnoface.com.br\/index.php\/wp-json\/wp\/v2\/categories?post=21035"},{"taxonomy":"post_tag","embeddable":true,"href":"https:\/\/noticiasnoface.com.br\/index.php\/wp-json\/wp\/v2\/tags?post=21035"}],"curies":[{"name":"wp","href":"https:\/\/api.w.org\/{rel}","templated":true}]}}