{"id":21043,"date":"2024-01-02T14:12:23","date_gmt":"2024-01-02T17:12:23","guid":{"rendered":"https:\/\/noticiasnoface.com.br\/?p=21043"},"modified":"2024-01-02T14:12:54","modified_gmt":"2024-01-02T17:12:54","slug":"bandidos-roubam-carro-do-corpo-de-bombeiro-para-comemorar-reveillon","status":"publish","type":"post","link":"https:\/\/noticiasnoface.com.br\/index.php\/2024\/01\/02\/bandidos-roubam-carro-do-corpo-de-bombeiro-para-comemorar-reveillon\/","title":{"rendered":"(V\u00cdDEO):Bandidos roubam carro do corpo de bombeiro para comemorar R\u00e9veillon"},"content":{"rendered":"\n<figure class=\"wp-block-image size-large\"><img loading=\"lazy\" decoding=\"async\" width=\"1024\" height=\"612\" src=\"https:\/\/noticiasnoface.com.br\/wp-content\/uploads\/2024\/01\/photo-output-1-1024x612.jpg\" alt=\"\" class=\"wp-image-21041\" srcset=\"https:\/\/noticiasnoface.com.br\/wp-content\/uploads\/2024\/01\/photo-output-1-1024x612.jpg 1024w, https:\/\/noticiasnoface.com.br\/wp-content\/uploads\/2024\/01\/photo-output-1-300x179.jpg 300w, https:\/\/noticiasnoface.com.br\/wp-content\/uploads\/2024\/01\/photo-output-1-768x459.jpg 768w, https:\/\/noticiasnoface.com.br\/wp-content\/uploads\/2024\/01\/photo-output-1-1536x918.jpg 1536w, https:\/\/noticiasnoface.com.br\/wp-content\/uploads\/2024\/01\/photo-output-1.jpg 2000w\" sizes=\"auto, (max-width: 1024px) 100vw, 1024px\" \/><figcaption class=\"wp-element-caption\">A virada do ano na cidade de Peru\u00edbe, litoral de S\u00e3o Paulo, ganhou destaque por um incidente inusitado e preocupante. Um grupo de indiv\u00edduos, envolvidos em atividades criminosas na regi\u00e3o, surpreendeu os moradores ao roubar um caminh\u00e3o dos bombeiros para realizar um baile funk proibid\u00e3o pelas ruas da cidade.<br \/>O epis\u00f3dio, registrado em v\u00eddeo e amplamente compartilhado nas redes sociais, mostra os criminosos utilizando o ve\u00edculo dos bombeiros para tocar m\u00fasica em alto volume, realizar manobras perigosas e criar um ambiente de caos durante a virada do ano. A a\u00e7\u00e3o provocou indigna\u00e7\u00e3o e preocupa\u00e7\u00e3o entre os moradores locais, que expressaram sua insatisfa\u00e7\u00e3o com a seguran\u00e7a p\u00fablica na regi\u00e3o.<br \/>Em meio \u00e0s cr\u00edticas, um morador desabafou nas redes sociais: \u201cPeru\u00edbe e suas piadas!! A cidade est\u00e1 um caos, Prefeito Luiz Maur\u00edcio e Comandante da PM incompetentes! S\u00e3o 3 horas da manh\u00e3, e eu n\u00e3o consegui dormir. Parab\u00e9ns pelos nossos piores \u00edndices! Se n\u00e3o sabem trabalhar, pe\u00e7am exonera\u00e7\u00e3o de seus cargos!\u201d<br \/>O roubo do caminh\u00e3o dos bombeiros para a realiza\u00e7\u00e3o do baile funk ilegal destaca os desafios enfrentados em termos de seguran\u00e7a p\u00fablica na regi\u00e3o.<br \/><\/figcaption><\/figure>\n\n\n\n<figure class=\"wp-block-video\"><video height=\"800\" style=\"aspect-ratio: 480 \/ 800;\" width=\"480\" controls src=\"https:\/\/noticiasnoface.com.br\/wp-content\/uploads\/2024\/01\/4989d95e-ce33-43b5-a78f-a25a05d47daf-1.mp4\"><\/video><figcaption class=\"wp-element-caption\">Bandidos roubam carro do corpo de bombeiros para comemorar R\u00e9veillon 2024<\/figcaption><\/figure>\n","protected":false},"excerpt":{"rendered":"","protected":false},"author":1,"featured_media":0,"comment_status":"open","ping_status":"open","sticky":false,"template":"","format":"standard","meta":{"site-sidebar-layout":"default","site-content-layout":"","ast-site-content-layout":"default","site-content-style":"default","site-sidebar-style":"default","ast-global-header-display":"","ast-banner-title-visibility":"","ast-main-header-display":"","ast-hfb-above-header-display":"","ast-hfb-below-header-display":"","ast-hfb-mobile-header-display":"","site-post-title":"","ast-breadcrumbs-content":"","ast-featured-img":"","footer-sml-layout":"","ast-disable-related-posts":"","theme-transparent-header-meta":"","adv-header-id-meta":"","stick-header-meta":"","header-above-stick-meta":"","header-main-stick-meta":"","header-below-stick-meta":"","astra-migrate-meta-layouts":"default","ast-page-background-enabled":"default","ast-page-background-meta":{"desktop":{"background-color":"var(--ast-global-color-4)","background-image":"","background-repeat":"repeat","background-position":"center center","background-size":"auto","background-attachment":"scroll","background-type":"","background-media":"","overlay-type":"","overlay-color":"","overlay-opacity":"","overlay-gradient":""},"tablet":{"background-color":"","background-image":"","background-repeat":"repeat","background-position":"center center","background-size":"auto","background-attachment":"scroll","background-type":"","background-media":"","overlay-type":"","overlay-color":"","overlay-opacity":"","overlay-gradient":""},"mobile":{"background-color":"","background-image":"","background-repeat":"repeat","background-position":"center center","background-size":"auto","background-attachment":"scroll","background-type":"","background-media":"","overlay-type":"","overlay-color":"","overlay-opacity":"","overlay-gradient":""}},"ast-content-background-meta":{"desktop":{"background-color":"var(--ast-global-color-5)","background-image":"","background-repeat":"repeat","background-position":"center center","background-size":"auto","background-attachment":"scroll","background-type":"","background-media":"","overlay-type":"","overlay-color":"","overlay-opacity":"","overlay-gradient":""},"tablet":{"background-color":"var(--ast-global-color-5)","background-image":"","background-repeat":"repeat","background-position":"center center","background-size":"auto","background-attachment":"scroll","background-type":"","background-media":"","overlay-type":"","overlay-color":"","overlay-opacity":"","overlay-gradient":""},"mobile":{"background-color":"var(--ast-global-color-5)","background-image":"","background-repeat":"repeat","background-position":"center center","background-size":"auto","background-attachment":"scroll","background-type":"","background-media":"","overlay-type":"","overlay-color":"","overlay-opacity":"","overlay-gradient":""}},"footnotes":""},"categories":[517],"tags":[],"class_list":["post-21043","post","type-post","status-publish","format-standard","hentry","category-aconteceu"],"yoast_head":"<!-- This site is optimized with the Yoast SEO plugin v28.3 - https:\/\/yoast.com\/product\/yoast-seo-wordpress\/ -->\n<title>(V\u00cdDEO):Bandidos roubam carro do corpo de bombeiro para comemorar R\u00e9veillon - NOTICIAS NO FACE<\/title>\n<meta name=\"robots\" content=\"index, follow, max-snippet:-1, max-image-preview:large, max-video-preview:-1\" \/>\n<link rel=\"canonical\" href=\"https:\/\/noticiasnoface.com.br\/index.php\/2024\/01\/02\/bandidos-roubam-carro-do-corpo-de-bombeiro-para-comemorar-reveillon\/\" \/>\n<meta property=\"og:locale\" content=\"pt_BR\" \/>\n<meta property=\"og:type\" content=\"article\" \/>\n<meta property=\"og:title\" content=\"(V\u00cdDEO):Bandidos roubam carro do corpo de bombeiro para comemorar R\u00e9veillon - NOTICIAS NO FACE\" \/>\n<meta property=\"og:url\" content=\"https:\/\/noticiasnoface.com.br\/index.php\/2024\/01\/02\/bandidos-roubam-carro-do-corpo-de-bombeiro-para-comemorar-reveillon\/\" \/>\n<meta property=\"og:site_name\" content=\"NOTICIAS NO FACE\" \/>\n<meta property=\"article:publisher\" content=\"https:\/\/www.facebook.com\/profile.php?id=100012908593281\" \/>\n<meta property=\"article:author\" content=\"https:\/\/www.facebook.com\/noticiasnf?mibextid=LQQJ4d\" \/>\n<meta property=\"article:published_time\" content=\"2024-01-02T17:12:23+00:00\" \/>\n<meta property=\"article:modified_time\" content=\"2024-01-02T17:12:54+00:00\" \/>\n<meta property=\"og:image\" content=\"https:\/\/noticiasnoface.com.br\/wp-content\/uploads\/2024\/01\/photo-output-1-1024x612.jpg\" \/>\n<meta name=\"author\" content=\"Noticias No Face\" \/>\n<meta name=\"twitter:card\" content=\"summary_large_image\" \/>\n<meta name=\"twitter:label1\" content=\"Escrito por\" \/>\n\t<meta name=\"twitter:data1\" content=\"Noticias No Face\" \/>\n\t<meta name=\"twitter:label2\" content=\"Est. tempo de leitura\" \/>\n\t<meta name=\"twitter:data2\" content=\"1 minuto\" \/>\n<script type=\"application\/ld+json\" class=\"yoast-schema-graph\">{\"@context\":\"https:\\\/\\\/schema.org\",\"@graph\":[{\"@type\":\"Article\",\"@id\":\"https:\\\/\\\/noticiasnoface.com.br\\\/index.php\\\/2024\\\/01\\\/02\\\/bandidos-roubam-carro-do-corpo-de-bombeiro-para-comemorar-reveillon\\\/#article\",\"isPartOf\":{\"@id\":\"https:\\\/\\\/noticiasnoface.com.br\\\/index.php\\\/2024\\\/01\\\/02\\\/bandidos-roubam-carro-do-corpo-de-bombeiro-para-comemorar-reveillon\\\/\"},\"author\":{\"name\":\"Noticias No Face\",\"@id\":\"https:\\\/\\\/noticiasnoface.com.br\\\/#\\\/schema\\\/person\\\/6d6bb5e4ecce219cd6ecb0ec9e14d8f7\"},\"headline\":\"(V\u00cdDEO):Bandidos roubam carro do corpo de bombeiro para comemorar R\u00e9veillon\",\"datePublished\":\"2024-01-02T17:12:23+00:00\",\"dateModified\":\"2024-01-02T17:12:54+00:00\",\"mainEntityOfPage\":{\"@id\":\"https:\\\/\\\/noticiasnoface.com.br\\\/index.php\\\/2024\\\/01\\\/02\\\/bandidos-roubam-carro-do-corpo-de-bombeiro-para-comemorar-reveillon\\\/\"},\"wordCount\":237,\"commentCount\":0,\"publisher\":{\"@id\":\"https:\\\/\\\/noticiasnoface.com.br\\\/#organization\"},\"image\":{\"@id\":\"https:\\\/\\\/noticiasnoface.com.br\\\/index.php\\\/2024\\\/01\\\/02\\\/bandidos-roubam-carro-do-corpo-de-bombeiro-para-comemorar-reveillon\\\/#primaryimage\"},\"thumbnailUrl\":\"https:\\\/\\\/noticiasnoface.com.br\\\/wp-content\\\/uploads\\\/2024\\\/01\\\/photo-output-1-1024x612.jpg\",\"articleSection\":[\"ACONTECEU\"],\"inLanguage\":\"pt-BR\",\"potentialAction\":[{\"@type\":\"CommentAction\",\"name\":\"Comment\",\"target\":[\"https:\\\/\\\/noticiasnoface.com.br\\\/index.php\\\/2024\\\/01\\\/02\\\/bandidos-roubam-carro-do-corpo-de-bombeiro-para-comemorar-reveillon\\\/#respond\"]}]},{\"@type\":\"WebPage\",\"@id\":\"https:\\\/\\\/noticiasnoface.com.br\\\/index.php\\\/2024\\\/01\\\/02\\\/bandidos-roubam-carro-do-corpo-de-bombeiro-para-comemorar-reveillon\\\/\",\"url\":\"https:\\\/\\\/noticiasnoface.com.br\\\/index.php\\\/2024\\\/01\\\/02\\\/bandidos-roubam-carro-do-corpo-de-bombeiro-para-comemorar-reveillon\\\/\",\"name\":\"(V\u00cdDEO):Bandidos roubam carro do corpo de bombeiro para comemorar R\u00e9veillon - NOTICIAS NO FACE\",\"isPartOf\":{\"@id\":\"https:\\\/\\\/noticiasnoface.com.br\\\/#website\"},\"primaryImageOfPage\":{\"@id\":\"https:\\\/\\\/noticiasnoface.com.br\\\/index.php\\\/2024\\\/01\\\/02\\\/bandidos-roubam-carro-do-corpo-de-bombeiro-para-comemorar-reveillon\\\/#primaryimage\"},\"image\":{\"@id\":\"https:\\\/\\\/noticiasnoface.com.br\\\/index.php\\\/2024\\\/01\\\/02\\\/bandidos-roubam-carro-do-corpo-de-bombeiro-para-comemorar-reveillon\\\/#primaryimage\"},\"thumbnailUrl\":\"https:\\\/\\\/noticiasnoface.com.br\\\/wp-content\\\/uploads\\\/2024\\\/01\\\/photo-output-1-1024x612.jpg\",\"datePublished\":\"2024-01-02T17:12:23+00:00\",\"dateModified\":\"2024-01-02T17:12:54+00:00\",\"breadcrumb\":{\"@id\":\"https:\\\/\\\/noticiasnoface.com.br\\\/index.php\\\/2024\\\/01\\\/02\\\/bandidos-roubam-carro-do-corpo-de-bombeiro-para-comemorar-reveillon\\\/#breadcrumb\"},\"inLanguage\":\"pt-BR\",\"potentialAction\":[{\"@type\":\"ReadAction\",\"target\":[\"https:\\\/\\\/noticiasnoface.com.br\\\/index.php\\\/2024\\\/01\\\/02\\\/bandidos-roubam-carro-do-corpo-de-bombeiro-para-comemorar-reveillon\\\/\"]}]},{\"@type\":\"ImageObject\",\"inLanguage\":\"pt-BR\",\"@id\":\"https:\\\/\\\/noticiasnoface.com.br\\\/index.php\\\/2024\\\/01\\\/02\\\/bandidos-roubam-carro-do-corpo-de-bombeiro-para-comemorar-reveillon\\\/#primaryimage\",\"url\":\"https:\\\/\\\/noticiasnoface.com.br\\\/wp-content\\\/uploads\\\/2024\\\/01\\\/photo-output-1.jpg\",\"contentUrl\":\"https:\\\/\\\/noticiasnoface.com.br\\\/wp-content\\\/uploads\\\/2024\\\/01\\\/photo-output-1.jpg\",\"width\":2000,\"height\":1195},{\"@type\":\"BreadcrumbList\",\"@id\":\"https:\\\/\\\/noticiasnoface.com.br\\\/index.php\\\/2024\\\/01\\\/02\\\/bandidos-roubam-carro-do-corpo-de-bombeiro-para-comemorar-reveillon\\\/#breadcrumb\",\"itemListElement\":[{\"@type\":\"ListItem\",\"position\":1,\"name\":\"In\u00edcio\",\"item\":\"https:\\\/\\\/noticiasnoface.com.br\\\/\"},{\"@type\":\"ListItem\",\"position\":2,\"name\":\"(V\u00cdDEO):Bandidos roubam carro do corpo de bombeiro para comemorar R\u00e9veillon\"}]},{\"@type\":\"WebSite\",\"@id\":\"https:\\\/\\\/noticiasnoface.com.br\\\/#website\",\"url\":\"https:\\\/\\\/noticiasnoface.com.br\\\/\",\"name\":\"Noticias No Face\",\"description\":\"NNF\",\"publisher\":{\"@id\":\"https:\\\/\\\/noticiasnoface.com.br\\\/#organization\"},\"potentialAction\":[{\"@type\":\"SearchAction\",\"target\":{\"@type\":\"EntryPoint\",\"urlTemplate\":\"https:\\\/\\\/noticiasnoface.com.br\\\/?s={search_term_string}\"},\"query-input\":{\"@type\":\"PropertyValueSpecification\",\"valueRequired\":true,\"valueName\":\"search_term_string\"}}],\"inLanguage\":\"pt-BR\"},{\"@type\":\"Organization\",\"@id\":\"https:\\\/\\\/noticiasnoface.com.br\\\/#organization\",\"name\":\"Noticias no face\",\"url\":\"https:\\\/\\\/noticiasnoface.com.br\\\/\",\"logo\":{\"@type\":\"ImageObject\",\"inLanguage\":\"pt-BR\",\"@id\":\"https:\\\/\\\/noticiasnoface.com.br\\\/#\\\/schema\\\/logo\\\/image\\\/\",\"url\":\"https:\\\/\\\/noticiasnoface.com.br\\\/wp-content\\\/uploads\\\/2024\\\/03\\\/FB_IMG_1627525396589_Original.jpeg\",\"contentUrl\":\"https:\\\/\\\/noticiasnoface.com.br\\\/wp-content\\\/uploads\\\/2024\\\/03\\\/FB_IMG_1627525396589_Original.jpeg\",\"width\":1304,\"height\":1285,\"caption\":\"Noticias no face\"},\"image\":{\"@id\":\"https:\\\/\\\/noticiasnoface.com.br\\\/#\\\/schema\\\/logo\\\/image\\\/\"},\"sameAs\":[\"https:\\\/\\\/www.facebook.com\\\/profile.php?id=100012908593281\",\"https:\\\/\\\/www.instagram.com\\\/noticianoface?igsh=MWVvMXQ0MjA3cHY1aQ==\",\"https:\\\/\\\/www.threads.net\\\/@noticiasnoface\"]},{\"@type\":\"Person\",\"@id\":\"https:\\\/\\\/noticiasnoface.com.br\\\/#\\\/schema\\\/person\\\/6d6bb5e4ecce219cd6ecb0ec9e14d8f7\",\"name\":\"Noticias No Face\",\"image\":{\"@type\":\"ImageObject\",\"inLanguage\":\"pt-BR\",\"@id\":\"https:\\\/\\\/secure.gravatar.com\\\/avatar\\\/16a373ebacd5b4a7908eb9b55ce0623c12f93b525e8b3e089429e16c67cf2de0?s=96&d=mm&r=g\",\"url\":\"https:\\\/\\\/secure.gravatar.com\\\/avatar\\\/16a373ebacd5b4a7908eb9b55ce0623c12f93b525e8b3e089429e16c67cf2de0?s=96&d=mm&r=g\",\"contentUrl\":\"https:\\\/\\\/secure.gravatar.com\\\/avatar\\\/16a373ebacd5b4a7908eb9b55ce0623c12f93b525e8b3e089429e16c67cf2de0?s=96&d=mm&r=g\",\"caption\":\"Noticias No Face\"},\"sameAs\":[\"http:\\\/\\\/noticiasnoface.com.br\",\"https:\\\/\\\/www.facebook.com\\\/noticiasnf?mibextid=LQQJ4d\",\"https:\\\/\\\/www.instagram.com\\\/noticianoface?igsh=MWVvMXQ0MjA3cHY1aQ==\"],\"url\":\"https:\\\/\\\/noticiasnoface.com.br\\\/author\\\/marcostrigueiro\\\/\"}]}<\/script>\n<!-- \/ Yoast SEO plugin. -->","yoast_head_json":{"title":"(V\u00cdDEO):Bandidos roubam carro do corpo de bombeiro para comemorar R\u00e9veillon - NOTICIAS NO FACE","robots":{"index":"index","follow":"follow","max-snippet":"max-snippet:-1","max-image-preview":"max-image-preview:large","max-video-preview":"max-video-preview:-1"},"canonical":"https:\/\/noticiasnoface.com.br\/index.php\/2024\/01\/02\/bandidos-roubam-carro-do-corpo-de-bombeiro-para-comemorar-reveillon\/","og_locale":"pt_BR","og_type":"article","og_title":"(V\u00cdDEO):Bandidos roubam carro do corpo de bombeiro para comemorar R\u00e9veillon - NOTICIAS NO FACE","og_url":"https:\/\/noticiasnoface.com.br\/index.php\/2024\/01\/02\/bandidos-roubam-carro-do-corpo-de-bombeiro-para-comemorar-reveillon\/","og_site_name":"NOTICIAS NO FACE","article_publisher":"https:\/\/www.facebook.com\/profile.php?id=100012908593281","article_author":"https:\/\/www.facebook.com\/noticiasnf?mibextid=LQQJ4d","article_published_time":"2024-01-02T17:12:23+00:00","article_modified_time":"2024-01-02T17:12:54+00:00","og_image":[{"url":"https:\/\/noticiasnoface.com.br\/wp-content\/uploads\/2024\/01\/photo-output-1-1024x612.jpg","type":"","width":"","height":""}],"author":"Noticias No Face","twitter_card":"summary_large_image","twitter_misc":{"Escrito por":"Noticias No Face","Est. tempo de leitura":"1 minuto"},"schema":{"@context":"https:\/\/schema.org","@graph":[{"@type":"Article","@id":"https:\/\/noticiasnoface.com.br\/index.php\/2024\/01\/02\/bandidos-roubam-carro-do-corpo-de-bombeiro-para-comemorar-reveillon\/#article","isPartOf":{"@id":"https:\/\/noticiasnoface.com.br\/index.php\/2024\/01\/02\/bandidos-roubam-carro-do-corpo-de-bombeiro-para-comemorar-reveillon\/"},"author":{"name":"Noticias No Face","@id":"https:\/\/noticiasnoface.com.br\/#\/schema\/person\/6d6bb5e4ecce219cd6ecb0ec9e14d8f7"},"headline":"(V\u00cdDEO):Bandidos roubam carro do corpo de bombeiro para comemorar R\u00e9veillon","datePublished":"2024-01-02T17:12:23+00:00","dateModified":"2024-01-02T17:12:54+00:00","mainEntityOfPage":{"@id":"https:\/\/noticiasnoface.com.br\/index.php\/2024\/01\/02\/bandidos-roubam-carro-do-corpo-de-bombeiro-para-comemorar-reveillon\/"},"wordCount":237,"commentCount":0,"publisher":{"@id":"https:\/\/noticiasnoface.com.br\/#organization"},"image":{"@id":"https:\/\/noticiasnoface.com.br\/index.php\/2024\/01\/02\/bandidos-roubam-carro-do-corpo-de-bombeiro-para-comemorar-reveillon\/#primaryimage"},"thumbnailUrl":"https:\/\/noticiasnoface.com.br\/wp-content\/uploads\/2024\/01\/photo-output-1-1024x612.jpg","articleSection":["ACONTECEU"],"inLanguage":"pt-BR","potentialAction":[{"@type":"CommentAction","name":"Comment","target":["https:\/\/noticiasnoface.com.br\/index.php\/2024\/01\/02\/bandidos-roubam-carro-do-corpo-de-bombeiro-para-comemorar-reveillon\/#respond"]}]},{"@type":"WebPage","@id":"https:\/\/noticiasnoface.com.br\/index.php\/2024\/01\/02\/bandidos-roubam-carro-do-corpo-de-bombeiro-para-comemorar-reveillon\/","url":"https:\/\/noticiasnoface.com.br\/index.php\/2024\/01\/02\/bandidos-roubam-carro-do-corpo-de-bombeiro-para-comemorar-reveillon\/","name":"(V\u00cdDEO):Bandidos roubam carro do corpo de bombeiro para comemorar R\u00e9veillon - NOTICIAS NO FACE","isPartOf":{"@id":"https:\/\/noticiasnoface.com.br\/#website"},"primaryImageOfPage":{"@id":"https:\/\/noticiasnoface.com.br\/index.php\/2024\/01\/02\/bandidos-roubam-carro-do-corpo-de-bombeiro-para-comemorar-reveillon\/#primaryimage"},"image":{"@id":"https:\/\/noticiasnoface.com.br\/index.php\/2024\/01\/02\/bandidos-roubam-carro-do-corpo-de-bombeiro-para-comemorar-reveillon\/#primaryimage"},"thumbnailUrl":"https:\/\/noticiasnoface.com.br\/wp-content\/uploads\/2024\/01\/photo-output-1-1024x612.jpg","datePublished":"2024-01-02T17:12:23+00:00","dateModified":"2024-01-02T17:12:54+00:00","breadcrumb":{"@id":"https:\/\/noticiasnoface.com.br\/index.php\/2024\/01\/02\/bandidos-roubam-carro-do-corpo-de-bombeiro-para-comemorar-reveillon\/#breadcrumb"},"inLanguage":"pt-BR","potentialAction":[{"@type":"ReadAction","target":["https:\/\/noticiasnoface.com.br\/index.php\/2024\/01\/02\/bandidos-roubam-carro-do-corpo-de-bombeiro-para-comemorar-reveillon\/"]}]},{"@type":"ImageObject","inLanguage":"pt-BR","@id":"https:\/\/noticiasnoface.com.br\/index.php\/2024\/01\/02\/bandidos-roubam-carro-do-corpo-de-bombeiro-para-comemorar-reveillon\/#primaryimage","url":"https:\/\/noticiasnoface.com.br\/wp-content\/uploads\/2024\/01\/photo-output-1.jpg","contentUrl":"https:\/\/noticiasnoface.com.br\/wp-content\/uploads\/2024\/01\/photo-output-1.jpg","width":2000,"height":1195},{"@type":"BreadcrumbList","@id":"https:\/\/noticiasnoface.com.br\/index.php\/2024\/01\/02\/bandidos-roubam-carro-do-corpo-de-bombeiro-para-comemorar-reveillon\/#breadcrumb","itemListElement":[{"@type":"ListItem","position":1,"name":"In\u00edcio","item":"https:\/\/noticiasnoface.com.br\/"},{"@type":"ListItem","position":2,"name":"(V\u00cdDEO):Bandidos roubam carro do corpo de bombeiro para comemorar R\u00e9veillon"}]},{"@type":"WebSite","@id":"https:\/\/noticiasnoface.com.br\/#website","url":"https:\/\/noticiasnoface.com.br\/","name":"Noticias No Face","description":"NNF","publisher":{"@id":"https:\/\/noticiasnoface.com.br\/#organization"},"potentialAction":[{"@type":"SearchAction","target":{"@type":"EntryPoint","urlTemplate":"https:\/\/noticiasnoface.com.br\/?s={search_term_string}"},"query-input":{"@type":"PropertyValueSpecification","valueRequired":true,"valueName":"search_term_string"}}],"inLanguage":"pt-BR"},{"@type":"Organization","@id":"https:\/\/noticiasnoface.com.br\/#organization","name":"Noticias no face","url":"https:\/\/noticiasnoface.com.br\/","logo":{"@type":"ImageObject","inLanguage":"pt-BR","@id":"https:\/\/noticiasnoface.com.br\/#\/schema\/logo\/image\/","url":"https:\/\/noticiasnoface.com.br\/wp-content\/uploads\/2024\/03\/FB_IMG_1627525396589_Original.jpeg","contentUrl":"https:\/\/noticiasnoface.com.br\/wp-content\/uploads\/2024\/03\/FB_IMG_1627525396589_Original.jpeg","width":1304,"height":1285,"caption":"Noticias no face"},"image":{"@id":"https:\/\/noticiasnoface.com.br\/#\/schema\/logo\/image\/"},"sameAs":["https:\/\/www.facebook.com\/profile.php?id=100012908593281","https:\/\/www.instagram.com\/noticianoface?igsh=MWVvMXQ0MjA3cHY1aQ==","https:\/\/www.threads.net\/@noticiasnoface"]},{"@type":"Person","@id":"https:\/\/noticiasnoface.com.br\/#\/schema\/person\/6d6bb5e4ecce219cd6ecb0ec9e14d8f7","name":"Noticias No Face","image":{"@type":"ImageObject","inLanguage":"pt-BR","@id":"https:\/\/secure.gravatar.com\/avatar\/16a373ebacd5b4a7908eb9b55ce0623c12f93b525e8b3e089429e16c67cf2de0?s=96&d=mm&r=g","url":"https:\/\/secure.gravatar.com\/avatar\/16a373ebacd5b4a7908eb9b55ce0623c12f93b525e8b3e089429e16c67cf2de0?s=96&d=mm&r=g","contentUrl":"https:\/\/secure.gravatar.com\/avatar\/16a373ebacd5b4a7908eb9b55ce0623c12f93b525e8b3e089429e16c67cf2de0?s=96&d=mm&r=g","caption":"Noticias No Face"},"sameAs":["http:\/\/noticiasnoface.com.br","https:\/\/www.facebook.com\/noticiasnf?mibextid=LQQJ4d","https:\/\/www.instagram.com\/noticianoface?igsh=MWVvMXQ0MjA3cHY1aQ=="],"url":"https:\/\/noticiasnoface.com.br\/author\/marcostrigueiro\/"}]}},"_links":{"self":[{"href":"https:\/\/noticiasnoface.com.br\/index.php\/wp-json\/wp\/v2\/posts\/21043","targetHints":{"allow":["GET"]}}],"collection":[{"href":"https:\/\/noticiasnoface.com.br\/index.php\/wp-json\/wp\/v2\/posts"}],"about":[{"href":"https:\/\/noticiasnoface.com.br\/index.php\/wp-json\/wp\/v2\/types\/post"}],"author":[{"embeddable":true,"href":"https:\/\/noticiasnoface.com.br\/index.php\/wp-json\/wp\/v2\/users\/1"}],"replies":[{"embeddable":true,"href":"https:\/\/noticiasnoface.com.br\/index.php\/wp-json\/wp\/v2\/comments?post=21043"}],"version-history":[{"count":2,"href":"https:\/\/noticiasnoface.com.br\/index.php\/wp-json\/wp\/v2\/posts\/21043\/revisions"}],"predecessor-version":[{"id":21045,"href":"https:\/\/noticiasnoface.com.br\/index.php\/wp-json\/wp\/v2\/posts\/21043\/revisions\/21045"}],"wp:attachment":[{"href":"https:\/\/noticiasnoface.com.br\/index.php\/wp-json\/wp\/v2\/media?parent=21043"}],"wp:term":[{"taxonomy":"category","embeddable":true,"href":"https:\/\/noticiasnoface.com.br\/index.php\/wp-json\/wp\/v2\/categories?post=21043"},{"taxonomy":"post_tag","embeddable":true,"href":"https:\/\/noticiasnoface.com.br\/index.php\/wp-json\/wp\/v2\/tags?post=21043"}],"curies":[{"name":"wp","href":"https:\/\/api.w.org\/{rel}","templated":true}]}}