{"id":21061,"date":"2024-01-03T17:17:28","date_gmt":"2024-01-03T20:17:28","guid":{"rendered":"https:\/\/noticiasnoface.com.br\/?p=21061"},"modified":"2024-01-03T17:17:29","modified_gmt":"2024-01-03T20:17:29","slug":"padre-julio-lancelotti-passa-a-ser-investigado-na-cpi-das-ongs","status":"publish","type":"post","link":"https:\/\/noticiasnoface.com.br\/index.php\/2024\/01\/03\/padre-julio-lancelotti-passa-a-ser-investigado-na-cpi-das-ongs\/","title":{"rendered":"Padre J\u00falio Lancelotti passa a ser investigado na CPI DAS ONGS"},"content":{"rendered":"\n<figure class=\"wp-block-image size-large\"><img data-opt-id=2128439351  fetchpriority=\"high\" decoding=\"async\" width=\"300\" height=\"193\" src=\"https:\/\/mlbfrsat7ahr.i.optimole.com\/w:300\/h:193\/q:mauto\/ig:avif\/https:\/\/noticiasnoface.com.br\/wp-content\/uploads\/2024\/01\/img_8087.jpg\" class=\"wp-image-21060\" srcset=\"https:\/\/mlbfrsat7ahr.i.optimole.com\/w:300\/h:193\/q:mauto\/ig:avif\/https:\/\/noticiasnoface.com.br\/wp-content\/uploads\/2024\/01\/img_8087.jpg 300w, https:\/\/mlbfrsat7ahr.i.optimole.com\/w:768\/h:495\/q:mauto\/ig:avif\/https:\/\/noticiasnoface.com.br\/wp-content\/uploads\/2024\/01\/img_8087.jpg 768w, https:\/\/mlbfrsat7ahr.i.optimole.com\/w:930\/h:599\/q:mauto\/ig:avif\/https:\/\/noticiasnoface.com.br\/wp-content\/uploads\/2024\/01\/img_8087.jpg 930w\" sizes=\"(max-width: 300px) 100vw, 300px\" \/><figcaption class=\"wp-element-caption\">A C\u00e2mara de S\u00e3o Paulo deve abrir uma Comiss\u00e3o Parlamentar de Inqu\u00e9rito (CPI) para investigar as organiza\u00e7\u00f5es n\u00e3o governamentais (ONGs) que atuam na Cracol\u00e2ndia, na regi\u00e3o central de S\u00e3o Paulo. As assinaturas necess\u00e1rias j\u00e1 foram recolhidas. O autor da proposta, vereador Rubinho Nunes (Uni\u00e3o), prev\u00ea que a comiss\u00e3o ser\u00e1 instaurada em fevereiro, ap\u00f3s o recesso parlamentar. Segundo ele, o padre J\u00falio Lancellotti ser\u00e1 um dos principais alvos da CPI das ONGs.<br>Rubinho acusa as ONGs de promoverem uma \u201cm\u00e1fia da mis\u00e9ria\u201d, que \u201cexplora os dependentes qu\u00edmicos do centro da capital\u201d. Segundo ele, essas organiza\u00e7\u00f5es recebem dinheiro p\u00fablico para distribuir alimentos, kit de higiene e itens para o uso de drogas, pr\u00e1tica conhecida como pol\u00edtica de redu\u00e7\u00e3o de danos, \u00e0 popula\u00e7\u00e3o em situa\u00e7\u00e3o de rua, o que, argumenta ele, gera um \u201cciclo vicioso\u201d no qual o usu\u00e1rio de crack n\u00e3o consegue largar o v\u00edcio.<br>Procurado pelo Estad\u00e3o, o padre J\u00falio Lancelloti declarou que a instala\u00e7\u00e3o de CPIs para investigar o uso de recursos p\u00fablicos pelo terceiro setor \u00e9 uma a\u00e7\u00e3o leg\u00edtima do Poder Legislativo. Al\u00e9m disso, acrescentou que n\u00e3o faz parte de nenhuma organiza\u00e7\u00e3o conveniada \u00e0 Prefeitura de S\u00e3o Paulo, mas, sim, da Par\u00f3quia S\u00e3o Miguel Arcanjo.<br>O vereador do Uni\u00e3o Brasil conta que o pedido de requerimento para a abertura da CPI foi apresentado no fim do ano passado com 25 assinaturas, mas que hoje a medida j\u00e1 conta com o apoio de 30 vereadores. O regimento interno da C\u00e2mara estabelece o m\u00ednimo de 18 assinaturas para a instala\u00e7\u00e3o de uma CPI.<br>Ele ainda esclarece que duas entidades ser\u00e3o prioridade nas investiga\u00e7\u00f5es conduzidas pela comiss\u00e3o: o Centro Social Nossa Senhora do Bom Parto, conhecida como Bompar, e a Craco Resiste. As duas atuam junto \u00e0 popula\u00e7\u00e3o em situa\u00e7\u00e3o de rua e dependentes qu\u00edmicos no centro de S\u00e3o Paulo, assim como o padre J\u00falio Lancellotti, que j\u00e1 foi conselheiro do Bompar.<br>\u201cOs dependentes qu\u00edmicos precisam de programas de tratamento de alta qualidade para ajudar a superar o v\u00edcio. Uma CPI pode avaliar a efic\u00e1cia dos programas oferecidos pelas ONGs, determinando se elas est\u00e3o alcan\u00e7ando os resultados desejados, pois em algumas situa\u00e7\u00f5es, pode haver preocupa\u00e7\u00f5es \u00e9ticas, como a explora\u00e7\u00e3o de dependentes qu\u00edmicos\u201d, justifica Rubinho, no pedido de abertura da CPI.<\/figcaption><\/figure>\n","protected":false},"excerpt":{"rendered":"","protected":false},"author":1,"featured_media":0,"comment_status":"open","ping_status":"open","sticky":false,"template":"","format":"standard","meta":{"site-sidebar-layout":"default","site-content-layout":"","ast-site-content-layout":"default","site-content-style":"default","site-sidebar-style":"default","ast-global-header-display":"","ast-banner-title-visibility":"","ast-main-header-display":"","ast-hfb-above-header-display":"","ast-hfb-below-header-display":"","ast-hfb-mobile-header-display":"","site-post-title":"","ast-breadcrumbs-content":"","ast-featured-img":"","footer-sml-layout":"","ast-disable-related-posts":"","theme-transparent-header-meta":"","adv-header-id-meta":"","stick-header-meta":"","header-above-stick-meta":"","header-main-stick-meta":"","header-below-stick-meta":"","astra-migrate-meta-layouts":"default","ast-page-background-enabled":"default","ast-page-background-meta":{"desktop":{"background-color":"var(--ast-global-color-4)","background-image":"","background-repeat":"repeat","background-position":"center center","background-size":"auto","background-attachment":"scroll","background-type":"","background-media":"","overlay-type":"","overlay-color":"","overlay-opacity":"","overlay-gradient":""},"tablet":{"background-color":"","background-image":"","background-repeat":"repeat","background-position":"center center","background-size":"auto","background-attachment":"scroll","background-type":"","background-media":"","overlay-type":"","overlay-color":"","overlay-opacity":"","overlay-gradient":""},"mobile":{"background-color":"","background-image":"","background-repeat":"repeat","background-position":"center center","background-size":"auto","background-attachment":"scroll","background-type":"","background-media":"","overlay-type":"","overlay-color":"","overlay-opacity":"","overlay-gradient":""}},"ast-content-background-meta":{"desktop":{"background-color":"var(--ast-global-color-5)","background-image":"","background-repeat":"repeat","background-position":"center center","background-size":"auto","background-attachment":"scroll","background-type":"","background-media":"","overlay-type":"","overlay-color":"","overlay-opacity":"","overlay-gradient":""},"tablet":{"background-color":"var(--ast-global-color-5)","background-image":"","background-repeat":"repeat","background-position":"center center","background-size":"auto","background-attachment":"scroll","background-type":"","background-media":"","overlay-type":"","overlay-color":"","overlay-opacity":"","overlay-gradient":""},"mobile":{"background-color":"var(--ast-global-color-5)","background-image":"","background-repeat":"repeat","background-position":"center center","background-size":"auto","background-attachment":"scroll","background-type":"","background-media":"","overlay-type":"","overlay-color":"","overlay-opacity":"","overlay-gradient":""}},"footnotes":""},"categories":[517],"tags":[],"class_list":["post-21061","post","type-post","status-publish","format-standard","hentry","category-aconteceu"],"_links":{"self":[{"href":"https:\/\/noticiasnoface.com.br\/index.php\/wp-json\/wp\/v2\/posts\/21061","targetHints":{"allow":["GET"]}}],"collection":[{"href":"https:\/\/noticiasnoface.com.br\/index.php\/wp-json\/wp\/v2\/posts"}],"about":[{"href":"https:\/\/noticiasnoface.com.br\/index.php\/wp-json\/wp\/v2\/types\/post"}],"author":[{"embeddable":true,"href":"https:\/\/noticiasnoface.com.br\/index.php\/wp-json\/wp\/v2\/users\/1"}],"replies":[{"embeddable":true,"href":"https:\/\/noticiasnoface.com.br\/index.php\/wp-json\/wp\/v2\/comments?post=21061"}],"version-history":[{"count":1,"href":"https:\/\/noticiasnoface.com.br\/index.php\/wp-json\/wp\/v2\/posts\/21061\/revisions"}],"predecessor-version":[{"id":21062,"href":"https:\/\/noticiasnoface.com.br\/index.php\/wp-json\/wp\/v2\/posts\/21061\/revisions\/21062"}],"wp:attachment":[{"href":"https:\/\/noticiasnoface.com.br\/index.php\/wp-json\/wp\/v2\/media?parent=21061"}],"wp:term":[{"taxonomy":"category","embeddable":true,"href":"https:\/\/noticiasnoface.com.br\/index.php\/wp-json\/wp\/v2\/categories?post=21061"},{"taxonomy":"post_tag","embeddable":true,"href":"https:\/\/noticiasnoface.com.br\/index.php\/wp-json\/wp\/v2\/tags?post=21061"}],"curies":[{"name":"wp","href":"https:\/\/api.w.org\/{rel}","templated":true}]}}