{"id":21064,"date":"2024-01-04T00:04:32","date_gmt":"2024-01-04T03:04:32","guid":{"rendered":"https:\/\/noticiasnoface.com.br\/?p=21064"},"modified":"2024-01-04T07:46:10","modified_gmt":"2024-01-04T10:46:10","slug":"sheila-carvalho-faz-endemonizacao-facial-e-fica-a-cara-da-gretchen","status":"publish","type":"post","link":"https:\/\/noticiasnoface.com.br\/index.php\/2024\/01\/04\/sheila-carvalho-faz-endemonizacao-facial-e-fica-a-cara-da-gretchen\/","title":{"rendered":"Deu Merda- Sheila Carvalho faz endemoniza\u00e7\u00e3o facial e fica a cara da Gretchen"},"content":{"rendered":"\n<figure class=\"wp-block-image size-large\"><img loading=\"lazy\" decoding=\"async\" width=\"1024\" height=\"568\" src=\"https:\/\/noticiasnoface.com.br\/wp-content\/uploads\/2024\/01\/img_8120-1-1024x568.jpg\" alt=\"\" class=\"wp-image-21063\" srcset=\"https:\/\/noticiasnoface.com.br\/wp-content\/uploads\/2024\/01\/img_8120-1-1024x568.jpg 1024w, https:\/\/noticiasnoface.com.br\/wp-content\/uploads\/2024\/01\/img_8120-1-300x167.jpg 300w, https:\/\/noticiasnoface.com.br\/wp-content\/uploads\/2024\/01\/img_8120-1-768x426.jpg 768w, https:\/\/noticiasnoface.com.br\/wp-content\/uploads\/2024\/01\/img_8120-1.jpg 1290w\" sizes=\"auto, (max-width: 1024px) 100vw, 1024px\" \/><figcaption class=\"wp-element-caption\">Irreconhec\u00edvel? Rosto de Scheila Carvalho chama aten\u00e7\u00e3o em foto com Carla Perez: \u2018Pensei que fosse a Gretchen\u2019<br \/>Ap\u00f3s registro do reencontro com a loira, apar\u00eancia da morena virou alvo de internautas.<br \/><br \/>No \u00faltimo s\u00e1bado (7), Scheila Carvalho esteve em um show de Anitta em Salvador, na Bahia, e repercutiu ao posar para fotos na companhia de Carla Perez. Amigas desde a \u00e9poca do \u00c9 o Tchan, as dan\u00e7arinas surgiram em fotos aproveitando o evento, mas foi o rosto da morena que acabou chamando a aten\u00e7\u00e3o de internautas.<br \/><br \/>Segundo mat\u00e9ria publicada pelo R7, a apar\u00eancia de Scheila Carvalho gerou coment\u00e1rios na web, e a morena chegou a ser comparada com Gretchen e Gracyanne Barbosa. Muitos chegaram a dizer que a dan\u00e7arina estaria irreconhec\u00edvel e levantaram a hip\u00f3tese de que a amiga de Carla Perez tenha exagerado em procedimentos est\u00e9ticos.<\/figcaption><\/figure>\n\n\n\n<p class=\"wp-block-paragraph\"><\/p>\n\n\n\n<figure class=\"wp-block-image size-large\"><img loading=\"lazy\" decoding=\"async\" width=\"1024\" height=\"557\" src=\"https:\/\/noticiasnoface.com.br\/wp-content\/uploads\/2024\/01\/img_8121-1-1024x557.jpg\" alt=\"\" class=\"wp-image-21066\" srcset=\"https:\/\/noticiasnoface.com.br\/wp-content\/uploads\/2024\/01\/img_8121-1-1024x557.jpg 1024w, https:\/\/noticiasnoface.com.br\/wp-content\/uploads\/2024\/01\/img_8121-1-300x163.jpg 300w, https:\/\/noticiasnoface.com.br\/wp-content\/uploads\/2024\/01\/img_8121-1-768x418.jpg 768w, https:\/\/noticiasnoface.com.br\/wp-content\/uploads\/2024\/01\/img_8121-1.jpg 1290w\" sizes=\"auto, (max-width: 1024px) 100vw, 1024px\" \/><figcaption class=\"wp-element-caption\">Resultado de endemoniza\u00e7\u00e3o facial e Sheila Carvalho e Gretchen <\/figcaption><\/figure>\n","protected":false},"excerpt":{"rendered":"","protected":false},"author":1,"featured_media":0,"comment_status":"open","ping_status":"open","sticky":false,"template":"","format":"standard","meta":{"site-sidebar-layout":"default","site-content-layout":"","ast-site-content-layout":"default","site-content-style":"default","site-sidebar-style":"default","ast-global-header-display":"","ast-banner-title-visibility":"","ast-main-header-display":"","ast-hfb-above-header-display":"","ast-hfb-below-header-display":"","ast-hfb-mobile-header-display":"","site-post-title":"","ast-breadcrumbs-content":"","ast-featured-img":"","footer-sml-layout":"","ast-disable-related-posts":"","theme-transparent-header-meta":"","adv-header-id-meta":"","stick-header-meta":"","header-above-stick-meta":"","header-main-stick-meta":"","header-below-stick-meta":"","astra-migrate-meta-layouts":"default","ast-page-background-enabled":"default","ast-page-background-meta":{"desktop":{"background-color":"var(--ast-global-color-4)","background-image":"","background-repeat":"repeat","background-position":"center center","background-size":"auto","background-attachment":"scroll","background-type":"","background-media":"","overlay-type":"","overlay-color":"","overlay-opacity":"","overlay-gradient":""},"tablet":{"background-color":"","background-image":"","background-repeat":"repeat","background-position":"center center","background-size":"auto","background-attachment":"scroll","background-type":"","background-media":"","overlay-type":"","overlay-color":"","overlay-opacity":"","overlay-gradient":""},"mobile":{"background-color":"","background-image":"","background-repeat":"repeat","background-position":"center center","background-size":"auto","background-attachment":"scroll","background-type":"","background-media":"","overlay-type":"","overlay-color":"","overlay-opacity":"","overlay-gradient":""}},"ast-content-background-meta":{"desktop":{"background-color":"var(--ast-global-color-5)","background-image":"","background-repeat":"repeat","background-position":"center center","background-size":"auto","background-attachment":"scroll","background-type":"","background-media":"","overlay-type":"","overlay-color":"","overlay-opacity":"","overlay-gradient":""},"tablet":{"background-color":"var(--ast-global-color-5)","background-image":"","background-repeat":"repeat","background-position":"center center","background-size":"auto","background-attachment":"scroll","background-type":"","background-media":"","overlay-type":"","overlay-color":"","overlay-opacity":"","overlay-gradient":""},"mobile":{"background-color":"var(--ast-global-color-5)","background-image":"","background-repeat":"repeat","background-position":"center center","background-size":"auto","background-attachment":"scroll","background-type":"","background-media":"","overlay-type":"","overlay-color":"","overlay-opacity":"","overlay-gradient":""}},"footnotes":""},"categories":[154],"tags":[],"class_list":["post-21064","post","type-post","status-publish","format-standard","hentry","category-comportamento"],"yoast_head":"<!-- This site is optimized with the Yoast SEO plugin v28.3 - https:\/\/yoast.com\/product\/yoast-seo-wordpress\/ -->\n<title>Deu Merda- Sheila Carvalho faz endemoniza\u00e7\u00e3o facial e fica a cara da Gretchen - NOTICIAS NO FACE<\/title>\n<meta name=\"robots\" content=\"index, follow, max-snippet:-1, max-image-preview:large, max-video-preview:-1\" \/>\n<link rel=\"canonical\" href=\"https:\/\/noticiasnoface.com.br\/index.php\/2024\/01\/04\/sheila-carvalho-faz-endemonizacao-facial-e-fica-a-cara-da-gretchen\/\" \/>\n<meta property=\"og:locale\" content=\"pt_BR\" \/>\n<meta property=\"og:type\" content=\"article\" \/>\n<meta property=\"og:title\" content=\"Deu Merda- Sheila Carvalho faz endemoniza\u00e7\u00e3o facial e fica a cara da Gretchen - NOTICIAS NO FACE\" \/>\n<meta property=\"og:url\" content=\"https:\/\/noticiasnoface.com.br\/index.php\/2024\/01\/04\/sheila-carvalho-faz-endemonizacao-facial-e-fica-a-cara-da-gretchen\/\" \/>\n<meta property=\"og:site_name\" content=\"NOTICIAS NO FACE\" \/>\n<meta property=\"article:publisher\" content=\"https:\/\/www.facebook.com\/profile.php?id=100012908593281\" \/>\n<meta property=\"article:author\" content=\"https:\/\/www.facebook.com\/noticiasnf?mibextid=LQQJ4d\" \/>\n<meta property=\"article:published_time\" content=\"2024-01-04T03:04:32+00:00\" \/>\n<meta property=\"article:modified_time\" content=\"2024-01-04T10:46:10+00:00\" \/>\n<meta property=\"og:image\" content=\"https:\/\/noticiasnoface.com.br\/wp-content\/uploads\/2024\/01\/img_8120-1-1024x568.jpg\" \/>\n<meta name=\"author\" content=\"Noticias No Face\" \/>\n<meta name=\"twitter:card\" content=\"summary_large_image\" \/>\n<meta name=\"twitter:label1\" content=\"Escrito por\" \/>\n\t<meta name=\"twitter:data1\" content=\"Noticias No Face\" \/>\n\t<meta name=\"twitter:label2\" content=\"Est. tempo de leitura\" \/>\n\t<meta name=\"twitter:data2\" content=\"1 minuto\" \/>\n<script type=\"application\/ld+json\" class=\"yoast-schema-graph\">{\"@context\":\"https:\\\/\\\/schema.org\",\"@graph\":[{\"@type\":\"Article\",\"@id\":\"https:\\\/\\\/noticiasnoface.com.br\\\/index.php\\\/2024\\\/01\\\/04\\\/sheila-carvalho-faz-endemonizacao-facial-e-fica-a-cara-da-gretchen\\\/#article\",\"isPartOf\":{\"@id\":\"https:\\\/\\\/noticiasnoface.com.br\\\/index.php\\\/2024\\\/01\\\/04\\\/sheila-carvalho-faz-endemonizacao-facial-e-fica-a-cara-da-gretchen\\\/\"},\"author\":{\"name\":\"Noticias No Face\",\"@id\":\"https:\\\/\\\/noticiasnoface.com.br\\\/#\\\/schema\\\/person\\\/6d6bb5e4ecce219cd6ecb0ec9e14d8f7\"},\"headline\":\"Deu Merda- Sheila Carvalho faz endemoniza\u00e7\u00e3o facial e fica a cara da Gretchen\",\"datePublished\":\"2024-01-04T03:04:32+00:00\",\"dateModified\":\"2024-01-04T10:46:10+00:00\",\"mainEntityOfPage\":{\"@id\":\"https:\\\/\\\/noticiasnoface.com.br\\\/index.php\\\/2024\\\/01\\\/04\\\/sheila-carvalho-faz-endemonizacao-facial-e-fica-a-cara-da-gretchen\\\/\"},\"wordCount\":174,\"commentCount\":0,\"publisher\":{\"@id\":\"https:\\\/\\\/noticiasnoface.com.br\\\/#organization\"},\"image\":{\"@id\":\"https:\\\/\\\/noticiasnoface.com.br\\\/index.php\\\/2024\\\/01\\\/04\\\/sheila-carvalho-faz-endemonizacao-facial-e-fica-a-cara-da-gretchen\\\/#primaryimage\"},\"thumbnailUrl\":\"https:\\\/\\\/noticiasnoface.com.br\\\/wp-content\\\/uploads\\\/2024\\\/01\\\/img_8120-1-1024x568.jpg\",\"articleSection\":[\"Comportamento\"],\"inLanguage\":\"pt-BR\",\"potentialAction\":[{\"@type\":\"CommentAction\",\"name\":\"Comment\",\"target\":[\"https:\\\/\\\/noticiasnoface.com.br\\\/index.php\\\/2024\\\/01\\\/04\\\/sheila-carvalho-faz-endemonizacao-facial-e-fica-a-cara-da-gretchen\\\/#respond\"]}]},{\"@type\":\"WebPage\",\"@id\":\"https:\\\/\\\/noticiasnoface.com.br\\\/index.php\\\/2024\\\/01\\\/04\\\/sheila-carvalho-faz-endemonizacao-facial-e-fica-a-cara-da-gretchen\\\/\",\"url\":\"https:\\\/\\\/noticiasnoface.com.br\\\/index.php\\\/2024\\\/01\\\/04\\\/sheila-carvalho-faz-endemonizacao-facial-e-fica-a-cara-da-gretchen\\\/\",\"name\":\"Deu Merda- Sheila Carvalho faz endemoniza\u00e7\u00e3o facial e fica a cara da Gretchen - NOTICIAS NO FACE\",\"isPartOf\":{\"@id\":\"https:\\\/\\\/noticiasnoface.com.br\\\/#website\"},\"primaryImageOfPage\":{\"@id\":\"https:\\\/\\\/noticiasnoface.com.br\\\/index.php\\\/2024\\\/01\\\/04\\\/sheila-carvalho-faz-endemonizacao-facial-e-fica-a-cara-da-gretchen\\\/#primaryimage\"},\"image\":{\"@id\":\"https:\\\/\\\/noticiasnoface.com.br\\\/index.php\\\/2024\\\/01\\\/04\\\/sheila-carvalho-faz-endemonizacao-facial-e-fica-a-cara-da-gretchen\\\/#primaryimage\"},\"thumbnailUrl\":\"https:\\\/\\\/noticiasnoface.com.br\\\/wp-content\\\/uploads\\\/2024\\\/01\\\/img_8120-1-1024x568.jpg\",\"datePublished\":\"2024-01-04T03:04:32+00:00\",\"dateModified\":\"2024-01-04T10:46:10+00:00\",\"breadcrumb\":{\"@id\":\"https:\\\/\\\/noticiasnoface.com.br\\\/index.php\\\/2024\\\/01\\\/04\\\/sheila-carvalho-faz-endemonizacao-facial-e-fica-a-cara-da-gretchen\\\/#breadcrumb\"},\"inLanguage\":\"pt-BR\",\"potentialAction\":[{\"@type\":\"ReadAction\",\"target\":[\"https:\\\/\\\/noticiasnoface.com.br\\\/index.php\\\/2024\\\/01\\\/04\\\/sheila-carvalho-faz-endemonizacao-facial-e-fica-a-cara-da-gretchen\\\/\"]}]},{\"@type\":\"ImageObject\",\"inLanguage\":\"pt-BR\",\"@id\":\"https:\\\/\\\/noticiasnoface.com.br\\\/index.php\\\/2024\\\/01\\\/04\\\/sheila-carvalho-faz-endemonizacao-facial-e-fica-a-cara-da-gretchen\\\/#primaryimage\",\"url\":\"https:\\\/\\\/noticiasnoface.com.br\\\/wp-content\\\/uploads\\\/2024\\\/01\\\/img_8120-1.jpg\",\"contentUrl\":\"https:\\\/\\\/noticiasnoface.com.br\\\/wp-content\\\/uploads\\\/2024\\\/01\\\/img_8120-1.jpg\",\"width\":1290,\"height\":716},{\"@type\":\"BreadcrumbList\",\"@id\":\"https:\\\/\\\/noticiasnoface.com.br\\\/index.php\\\/2024\\\/01\\\/04\\\/sheila-carvalho-faz-endemonizacao-facial-e-fica-a-cara-da-gretchen\\\/#breadcrumb\",\"itemListElement\":[{\"@type\":\"ListItem\",\"position\":1,\"name\":\"In\u00edcio\",\"item\":\"https:\\\/\\\/noticiasnoface.com.br\\\/\"},{\"@type\":\"ListItem\",\"position\":2,\"name\":\"Deu Merda- Sheila Carvalho faz endemoniza\u00e7\u00e3o facial e fica a cara da Gretchen\"}]},{\"@type\":\"WebSite\",\"@id\":\"https:\\\/\\\/noticiasnoface.com.br\\\/#website\",\"url\":\"https:\\\/\\\/noticiasnoface.com.br\\\/\",\"name\":\"Noticias No Face\",\"description\":\"NNF\",\"publisher\":{\"@id\":\"https:\\\/\\\/noticiasnoface.com.br\\\/#organization\"},\"potentialAction\":[{\"@type\":\"SearchAction\",\"target\":{\"@type\":\"EntryPoint\",\"urlTemplate\":\"https:\\\/\\\/noticiasnoface.com.br\\\/?s={search_term_string}\"},\"query-input\":{\"@type\":\"PropertyValueSpecification\",\"valueRequired\":true,\"valueName\":\"search_term_string\"}}],\"inLanguage\":\"pt-BR\"},{\"@type\":\"Organization\",\"@id\":\"https:\\\/\\\/noticiasnoface.com.br\\\/#organization\",\"name\":\"Noticias no face\",\"url\":\"https:\\\/\\\/noticiasnoface.com.br\\\/\",\"logo\":{\"@type\":\"ImageObject\",\"inLanguage\":\"pt-BR\",\"@id\":\"https:\\\/\\\/noticiasnoface.com.br\\\/#\\\/schema\\\/logo\\\/image\\\/\",\"url\":\"https:\\\/\\\/noticiasnoface.com.br\\\/wp-content\\\/uploads\\\/2024\\\/03\\\/FB_IMG_1627525396589_Original.jpeg\",\"contentUrl\":\"https:\\\/\\\/noticiasnoface.com.br\\\/wp-content\\\/uploads\\\/2024\\\/03\\\/FB_IMG_1627525396589_Original.jpeg\",\"width\":1304,\"height\":1285,\"caption\":\"Noticias no face\"},\"image\":{\"@id\":\"https:\\\/\\\/noticiasnoface.com.br\\\/#\\\/schema\\\/logo\\\/image\\\/\"},\"sameAs\":[\"https:\\\/\\\/www.facebook.com\\\/profile.php?id=100012908593281\",\"https:\\\/\\\/www.instagram.com\\\/noticianoface?igsh=MWVvMXQ0MjA3cHY1aQ==\",\"https:\\\/\\\/www.threads.net\\\/@noticiasnoface\"]},{\"@type\":\"Person\",\"@id\":\"https:\\\/\\\/noticiasnoface.com.br\\\/#\\\/schema\\\/person\\\/6d6bb5e4ecce219cd6ecb0ec9e14d8f7\",\"name\":\"Noticias No Face\",\"image\":{\"@type\":\"ImageObject\",\"inLanguage\":\"pt-BR\",\"@id\":\"https:\\\/\\\/secure.gravatar.com\\\/avatar\\\/16a373ebacd5b4a7908eb9b55ce0623c12f93b525e8b3e089429e16c67cf2de0?s=96&d=mm&r=g\",\"url\":\"https:\\\/\\\/secure.gravatar.com\\\/avatar\\\/16a373ebacd5b4a7908eb9b55ce0623c12f93b525e8b3e089429e16c67cf2de0?s=96&d=mm&r=g\",\"contentUrl\":\"https:\\\/\\\/secure.gravatar.com\\\/avatar\\\/16a373ebacd5b4a7908eb9b55ce0623c12f93b525e8b3e089429e16c67cf2de0?s=96&d=mm&r=g\",\"caption\":\"Noticias No Face\"},\"sameAs\":[\"http:\\\/\\\/noticiasnoface.com.br\",\"https:\\\/\\\/www.facebook.com\\\/noticiasnf?mibextid=LQQJ4d\",\"https:\\\/\\\/www.instagram.com\\\/noticianoface?igsh=MWVvMXQ0MjA3cHY1aQ==\"],\"url\":\"https:\\\/\\\/noticiasnoface.com.br\\\/author\\\/marcostrigueiro\\\/\"}]}<\/script>\n<!-- \/ Yoast SEO plugin. -->","yoast_head_json":{"title":"Deu Merda- Sheila Carvalho faz endemoniza\u00e7\u00e3o facial e fica a cara da Gretchen - NOTICIAS NO FACE","robots":{"index":"index","follow":"follow","max-snippet":"max-snippet:-1","max-image-preview":"max-image-preview:large","max-video-preview":"max-video-preview:-1"},"canonical":"https:\/\/noticiasnoface.com.br\/index.php\/2024\/01\/04\/sheila-carvalho-faz-endemonizacao-facial-e-fica-a-cara-da-gretchen\/","og_locale":"pt_BR","og_type":"article","og_title":"Deu Merda- Sheila Carvalho faz endemoniza\u00e7\u00e3o facial e fica a cara da Gretchen - NOTICIAS NO FACE","og_url":"https:\/\/noticiasnoface.com.br\/index.php\/2024\/01\/04\/sheila-carvalho-faz-endemonizacao-facial-e-fica-a-cara-da-gretchen\/","og_site_name":"NOTICIAS NO FACE","article_publisher":"https:\/\/www.facebook.com\/profile.php?id=100012908593281","article_author":"https:\/\/www.facebook.com\/noticiasnf?mibextid=LQQJ4d","article_published_time":"2024-01-04T03:04:32+00:00","article_modified_time":"2024-01-04T10:46:10+00:00","og_image":[{"url":"https:\/\/noticiasnoface.com.br\/wp-content\/uploads\/2024\/01\/img_8120-1-1024x568.jpg","type":"","width":"","height":""}],"author":"Noticias No Face","twitter_card":"summary_large_image","twitter_misc":{"Escrito por":"Noticias No Face","Est. tempo de leitura":"1 minuto"},"schema":{"@context":"https:\/\/schema.org","@graph":[{"@type":"Article","@id":"https:\/\/noticiasnoface.com.br\/index.php\/2024\/01\/04\/sheila-carvalho-faz-endemonizacao-facial-e-fica-a-cara-da-gretchen\/#article","isPartOf":{"@id":"https:\/\/noticiasnoface.com.br\/index.php\/2024\/01\/04\/sheila-carvalho-faz-endemonizacao-facial-e-fica-a-cara-da-gretchen\/"},"author":{"name":"Noticias No Face","@id":"https:\/\/noticiasnoface.com.br\/#\/schema\/person\/6d6bb5e4ecce219cd6ecb0ec9e14d8f7"},"headline":"Deu Merda- Sheila Carvalho faz endemoniza\u00e7\u00e3o facial e fica a cara da Gretchen","datePublished":"2024-01-04T03:04:32+00:00","dateModified":"2024-01-04T10:46:10+00:00","mainEntityOfPage":{"@id":"https:\/\/noticiasnoface.com.br\/index.php\/2024\/01\/04\/sheila-carvalho-faz-endemonizacao-facial-e-fica-a-cara-da-gretchen\/"},"wordCount":174,"commentCount":0,"publisher":{"@id":"https:\/\/noticiasnoface.com.br\/#organization"},"image":{"@id":"https:\/\/noticiasnoface.com.br\/index.php\/2024\/01\/04\/sheila-carvalho-faz-endemonizacao-facial-e-fica-a-cara-da-gretchen\/#primaryimage"},"thumbnailUrl":"https:\/\/noticiasnoface.com.br\/wp-content\/uploads\/2024\/01\/img_8120-1-1024x568.jpg","articleSection":["Comportamento"],"inLanguage":"pt-BR","potentialAction":[{"@type":"CommentAction","name":"Comment","target":["https:\/\/noticiasnoface.com.br\/index.php\/2024\/01\/04\/sheila-carvalho-faz-endemonizacao-facial-e-fica-a-cara-da-gretchen\/#respond"]}]},{"@type":"WebPage","@id":"https:\/\/noticiasnoface.com.br\/index.php\/2024\/01\/04\/sheila-carvalho-faz-endemonizacao-facial-e-fica-a-cara-da-gretchen\/","url":"https:\/\/noticiasnoface.com.br\/index.php\/2024\/01\/04\/sheila-carvalho-faz-endemonizacao-facial-e-fica-a-cara-da-gretchen\/","name":"Deu Merda- Sheila Carvalho faz endemoniza\u00e7\u00e3o facial e fica a cara da Gretchen - NOTICIAS NO FACE","isPartOf":{"@id":"https:\/\/noticiasnoface.com.br\/#website"},"primaryImageOfPage":{"@id":"https:\/\/noticiasnoface.com.br\/index.php\/2024\/01\/04\/sheila-carvalho-faz-endemonizacao-facial-e-fica-a-cara-da-gretchen\/#primaryimage"},"image":{"@id":"https:\/\/noticiasnoface.com.br\/index.php\/2024\/01\/04\/sheila-carvalho-faz-endemonizacao-facial-e-fica-a-cara-da-gretchen\/#primaryimage"},"thumbnailUrl":"https:\/\/noticiasnoface.com.br\/wp-content\/uploads\/2024\/01\/img_8120-1-1024x568.jpg","datePublished":"2024-01-04T03:04:32+00:00","dateModified":"2024-01-04T10:46:10+00:00","breadcrumb":{"@id":"https:\/\/noticiasnoface.com.br\/index.php\/2024\/01\/04\/sheila-carvalho-faz-endemonizacao-facial-e-fica-a-cara-da-gretchen\/#breadcrumb"},"inLanguage":"pt-BR","potentialAction":[{"@type":"ReadAction","target":["https:\/\/noticiasnoface.com.br\/index.php\/2024\/01\/04\/sheila-carvalho-faz-endemonizacao-facial-e-fica-a-cara-da-gretchen\/"]}]},{"@type":"ImageObject","inLanguage":"pt-BR","@id":"https:\/\/noticiasnoface.com.br\/index.php\/2024\/01\/04\/sheila-carvalho-faz-endemonizacao-facial-e-fica-a-cara-da-gretchen\/#primaryimage","url":"https:\/\/noticiasnoface.com.br\/wp-content\/uploads\/2024\/01\/img_8120-1.jpg","contentUrl":"https:\/\/noticiasnoface.com.br\/wp-content\/uploads\/2024\/01\/img_8120-1.jpg","width":1290,"height":716},{"@type":"BreadcrumbList","@id":"https:\/\/noticiasnoface.com.br\/index.php\/2024\/01\/04\/sheila-carvalho-faz-endemonizacao-facial-e-fica-a-cara-da-gretchen\/#breadcrumb","itemListElement":[{"@type":"ListItem","position":1,"name":"In\u00edcio","item":"https:\/\/noticiasnoface.com.br\/"},{"@type":"ListItem","position":2,"name":"Deu Merda- Sheila Carvalho faz endemoniza\u00e7\u00e3o facial e fica a cara da Gretchen"}]},{"@type":"WebSite","@id":"https:\/\/noticiasnoface.com.br\/#website","url":"https:\/\/noticiasnoface.com.br\/","name":"Noticias No Face","description":"NNF","publisher":{"@id":"https:\/\/noticiasnoface.com.br\/#organization"},"potentialAction":[{"@type":"SearchAction","target":{"@type":"EntryPoint","urlTemplate":"https:\/\/noticiasnoface.com.br\/?s={search_term_string}"},"query-input":{"@type":"PropertyValueSpecification","valueRequired":true,"valueName":"search_term_string"}}],"inLanguage":"pt-BR"},{"@type":"Organization","@id":"https:\/\/noticiasnoface.com.br\/#organization","name":"Noticias no face","url":"https:\/\/noticiasnoface.com.br\/","logo":{"@type":"ImageObject","inLanguage":"pt-BR","@id":"https:\/\/noticiasnoface.com.br\/#\/schema\/logo\/image\/","url":"https:\/\/noticiasnoface.com.br\/wp-content\/uploads\/2024\/03\/FB_IMG_1627525396589_Original.jpeg","contentUrl":"https:\/\/noticiasnoface.com.br\/wp-content\/uploads\/2024\/03\/FB_IMG_1627525396589_Original.jpeg","width":1304,"height":1285,"caption":"Noticias no face"},"image":{"@id":"https:\/\/noticiasnoface.com.br\/#\/schema\/logo\/image\/"},"sameAs":["https:\/\/www.facebook.com\/profile.php?id=100012908593281","https:\/\/www.instagram.com\/noticianoface?igsh=MWVvMXQ0MjA3cHY1aQ==","https:\/\/www.threads.net\/@noticiasnoface"]},{"@type":"Person","@id":"https:\/\/noticiasnoface.com.br\/#\/schema\/person\/6d6bb5e4ecce219cd6ecb0ec9e14d8f7","name":"Noticias No Face","image":{"@type":"ImageObject","inLanguage":"pt-BR","@id":"https:\/\/secure.gravatar.com\/avatar\/16a373ebacd5b4a7908eb9b55ce0623c12f93b525e8b3e089429e16c67cf2de0?s=96&d=mm&r=g","url":"https:\/\/secure.gravatar.com\/avatar\/16a373ebacd5b4a7908eb9b55ce0623c12f93b525e8b3e089429e16c67cf2de0?s=96&d=mm&r=g","contentUrl":"https:\/\/secure.gravatar.com\/avatar\/16a373ebacd5b4a7908eb9b55ce0623c12f93b525e8b3e089429e16c67cf2de0?s=96&d=mm&r=g","caption":"Noticias No Face"},"sameAs":["http:\/\/noticiasnoface.com.br","https:\/\/www.facebook.com\/noticiasnf?mibextid=LQQJ4d","https:\/\/www.instagram.com\/noticianoface?igsh=MWVvMXQ0MjA3cHY1aQ=="],"url":"https:\/\/noticiasnoface.com.br\/author\/marcostrigueiro\/"}]}},"_links":{"self":[{"href":"https:\/\/noticiasnoface.com.br\/index.php\/wp-json\/wp\/v2\/posts\/21064","targetHints":{"allow":["GET"]}}],"collection":[{"href":"https:\/\/noticiasnoface.com.br\/index.php\/wp-json\/wp\/v2\/posts"}],"about":[{"href":"https:\/\/noticiasnoface.com.br\/index.php\/wp-json\/wp\/v2\/types\/post"}],"author":[{"embeddable":true,"href":"https:\/\/noticiasnoface.com.br\/index.php\/wp-json\/wp\/v2\/users\/1"}],"replies":[{"embeddable":true,"href":"https:\/\/noticiasnoface.com.br\/index.php\/wp-json\/wp\/v2\/comments?post=21064"}],"version-history":[{"count":5,"href":"https:\/\/noticiasnoface.com.br\/index.php\/wp-json\/wp\/v2\/posts\/21064\/revisions"}],"predecessor-version":[{"id":21070,"href":"https:\/\/noticiasnoface.com.br\/index.php\/wp-json\/wp\/v2\/posts\/21064\/revisions\/21070"}],"wp:attachment":[{"href":"https:\/\/noticiasnoface.com.br\/index.php\/wp-json\/wp\/v2\/media?parent=21064"}],"wp:term":[{"taxonomy":"category","embeddable":true,"href":"https:\/\/noticiasnoface.com.br\/index.php\/wp-json\/wp\/v2\/categories?post=21064"},{"taxonomy":"post_tag","embeddable":true,"href":"https:\/\/noticiasnoface.com.br\/index.php\/wp-json\/wp\/v2\/tags?post=21064"}],"curies":[{"name":"wp","href":"https:\/\/api.w.org\/{rel}","templated":true}]}}