{"id":21083,"date":"2024-01-05T20:21:14","date_gmt":"2024-01-05T23:21:14","guid":{"rendered":"https:\/\/noticiasnoface.com.br\/?p=21083"},"modified":"2024-01-05T20:22:47","modified_gmt":"2024-01-05T23:22:47","slug":"preencho-todos-os-criterios-para-ter-apoio-de-taveira-diz-wolney-franca","status":"publish","type":"post","link":"https:\/\/noticiasnoface.com.br\/index.php\/2024\/01\/05\/preencho-todos-os-criterios-para-ter-apoio-de-taveira-diz-wolney-franca\/","title":{"rendered":"\u201cPreencho todos os crit\u00e9rios para ter apoio de Taveira\u201d diz Wolney Fran\u00e7a"},"content":{"rendered":"\n<figure class=\"wp-block-image size-large\"><img data-opt-id=268381527  fetchpriority=\"high\" decoding=\"async\" width=\"1024\" height=\"619\" src=\"https:\/\/mlbfrsat7ahr.i.optimole.com\/w:1024\/h:619\/q:mauto\/ig:avif\/https:\/\/noticiasnoface.com.br\/wp-content\/uploads\/2024\/01\/photo-output-1.png\" alt=\"\" class=\"wp-image-21082\" srcset=\"https:\/\/mlbfrsat7ahr.i.optimole.com\/w:1024\/h:619\/q:mauto\/ig:avif\/https:\/\/noticiasnoface.com.br\/wp-content\/uploads\/2024\/01\/photo-output-1.png 1024w, https:\/\/mlbfrsat7ahr.i.optimole.com\/w:300\/h:181\/q:mauto\/ig:avif\/https:\/\/noticiasnoface.com.br\/wp-content\/uploads\/2024\/01\/photo-output-1.png 300w, https:\/\/mlbfrsat7ahr.i.optimole.com\/w:768\/h:464\/q:mauto\/ig:avif\/https:\/\/noticiasnoface.com.br\/wp-content\/uploads\/2024\/01\/photo-output-1.png 768w, https:\/\/mlbfrsat7ahr.i.optimole.com\/w:1536\/h:929\/q:mauto\/ig:avif\/https:\/\/noticiasnoface.com.br\/wp-content\/uploads\/2024\/01\/photo-output-1.png 1536w, https:\/\/mlbfrsat7ahr.i.optimole.com\/w:1786\/h:1080\/q:mauto\/ig:avif\/https:\/\/noticiasnoface.com.br\/wp-content\/uploads\/2024\/01\/photo-output-1.png 2000w\" sizes=\"(max-width: 1000px) 100vw, 1000px\" \/><figcaption class=\"wp-element-caption\">Presidente da C\u00e2mara Municipal de Parnamirim e da Federa\u00e7\u00e3o das C\u00e2maras Municipais do RN, Wolney Fran\u00e7a, afirmou que \u201cpreenche crit\u00e9rios\u201d para ser o candidato \u00e0 Prefeitura de Parnamirim apoiado pelo atual prefeito Rosano Taveira.<br \/>\u201cDentro dos crit\u00e9rios que o prefeito coloca, como capacidade de trabalho, candidato de consenso, de liderar, a gente entende que preenche esses crit\u00e9rios\u201d, afirmou em entrevista \u00e0 Jovem Pan News Natal nesta sexta-feira (5).<br \/>Fran\u00e7a ressaltou ser pr\u00e9-candidato a prefeito da terceira maior cidade do Rio Grande do Norte. Ele disse que suas ideias s\u00e3o conhecidas por parte da popula\u00e7\u00e3o e foram materializadas em a\u00e7\u00f5es no Poder Legislativo.<br \/>\u201cTenho como oferecer o nosso trabalho \u00e0 frente da C\u00e2mara de Parnamirim. Colocamos nossas ideias \u00e0 avalia\u00e7\u00e3o e ser\u00e1 a popula\u00e7\u00e3o que vai decidir qual o candidato que se conecta mais ao pensamento da cidade\u201d, concluiu. VIA PORTAL MATHEUS P\u00c9REZ <\/figcaption><\/figure>\n","protected":false},"excerpt":{"rendered":"","protected":false},"author":1,"featured_media":0,"comment_status":"open","ping_status":"open","sticky":false,"template":"","format":"standard","meta":{"site-sidebar-layout":"default","site-content-layout":"","ast-site-content-layout":"default","site-content-style":"default","site-sidebar-style":"default","ast-global-header-display":"","ast-banner-title-visibility":"","ast-main-header-display":"","ast-hfb-above-header-display":"","ast-hfb-below-header-display":"","ast-hfb-mobile-header-display":"","site-post-title":"","ast-breadcrumbs-content":"","ast-featured-img":"","footer-sml-layout":"","ast-disable-related-posts":"","theme-transparent-header-meta":"","adv-header-id-meta":"","stick-header-meta":"","header-above-stick-meta":"","header-main-stick-meta":"","header-below-stick-meta":"","astra-migrate-meta-layouts":"default","ast-page-background-enabled":"default","ast-page-background-meta":{"desktop":{"background-color":"var(--ast-global-color-4)","background-image":"","background-repeat":"repeat","background-position":"center center","background-size":"auto","background-attachment":"scroll","background-type":"","background-media":"","overlay-type":"","overlay-color":"","overlay-opacity":"","overlay-gradient":""},"tablet":{"background-color":"","background-image":"","background-repeat":"repeat","background-position":"center center","background-size":"auto","background-attachment":"scroll","background-type":"","background-media":"","overlay-type":"","overlay-color":"","overlay-opacity":"","overlay-gradient":""},"mobile":{"background-color":"","background-image":"","background-repeat":"repeat","background-position":"center center","background-size":"auto","background-attachment":"scroll","background-type":"","background-media":"","overlay-type":"","overlay-color":"","overlay-opacity":"","overlay-gradient":""}},"ast-content-background-meta":{"desktop":{"background-color":"var(--ast-global-color-5)","background-image":"","background-repeat":"repeat","background-position":"center center","background-size":"auto","background-attachment":"scroll","background-type":"","background-media":"","overlay-type":"","overlay-color":"","overlay-opacity":"","overlay-gradient":""},"tablet":{"background-color":"var(--ast-global-color-5)","background-image":"","background-repeat":"repeat","background-position":"center center","background-size":"auto","background-attachment":"scroll","background-type":"","background-media":"","overlay-type":"","overlay-color":"","overlay-opacity":"","overlay-gradient":""},"mobile":{"background-color":"var(--ast-global-color-5)","background-image":"","background-repeat":"repeat","background-position":"center center","background-size":"auto","background-attachment":"scroll","background-type":"","background-media":"","overlay-type":"","overlay-color":"","overlay-opacity":"","overlay-gradient":""}},"footnotes":""},"categories":[517],"tags":[],"class_list":["post-21083","post","type-post","status-publish","format-standard","hentry","category-aconteceu"],"_links":{"self":[{"href":"https:\/\/noticiasnoface.com.br\/index.php\/wp-json\/wp\/v2\/posts\/21083","targetHints":{"allow":["GET"]}}],"collection":[{"href":"https:\/\/noticiasnoface.com.br\/index.php\/wp-json\/wp\/v2\/posts"}],"about":[{"href":"https:\/\/noticiasnoface.com.br\/index.php\/wp-json\/wp\/v2\/types\/post"}],"author":[{"embeddable":true,"href":"https:\/\/noticiasnoface.com.br\/index.php\/wp-json\/wp\/v2\/users\/1"}],"replies":[{"embeddable":true,"href":"https:\/\/noticiasnoface.com.br\/index.php\/wp-json\/wp\/v2\/comments?post=21083"}],"version-history":[{"count":3,"href":"https:\/\/noticiasnoface.com.br\/index.php\/wp-json\/wp\/v2\/posts\/21083\/revisions"}],"predecessor-version":[{"id":21086,"href":"https:\/\/noticiasnoface.com.br\/index.php\/wp-json\/wp\/v2\/posts\/21083\/revisions\/21086"}],"wp:attachment":[{"href":"https:\/\/noticiasnoface.com.br\/index.php\/wp-json\/wp\/v2\/media?parent=21083"}],"wp:term":[{"taxonomy":"category","embeddable":true,"href":"https:\/\/noticiasnoface.com.br\/index.php\/wp-json\/wp\/v2\/categories?post=21083"},{"taxonomy":"post_tag","embeddable":true,"href":"https:\/\/noticiasnoface.com.br\/index.php\/wp-json\/wp\/v2\/tags?post=21083"}],"curies":[{"name":"wp","href":"https:\/\/api.w.org\/{rel}","templated":true}]}}