{"id":21102,"date":"2024-01-07T13:08:44","date_gmt":"2024-01-07T16:08:44","guid":{"rendered":"https:\/\/noticiasnoface.com.br\/?p=21102"},"modified":"2024-01-07T13:08:45","modified_gmt":"2024-01-07T16:08:45","slug":"stf-marca-julgamento-da-cupula-da-pm-do-df-por-8-de-janeiro","status":"publish","type":"post","link":"https:\/\/noticiasnoface.com.br\/index.php\/2024\/01\/07\/stf-marca-julgamento-da-cupula-da-pm-do-df-por-8-de-janeiro\/","title":{"rendered":"STF marca julgamento da c\u00fapula da PM do DF por 8 de janeiro"},"content":{"rendered":"\n<figure class=\"wp-block-image size-large\"><img data-opt-id=481938727  fetchpriority=\"high\" decoding=\"async\" width=\"1024\" height=\"681\" src=\"https:\/\/mlbfrsat7ahr.i.optimole.com\/w:1024\/h:681\/q:mauto\/ig:avif\/https:\/\/noticiasnoface.com.br\/wp-content\/uploads\/2024\/01\/photo-output-4.jpg\" class=\"wp-image-21101\" srcset=\"https:\/\/mlbfrsat7ahr.i.optimole.com\/w:1024\/h:681\/q:mauto\/ig:avif\/https:\/\/noticiasnoface.com.br\/wp-content\/uploads\/2024\/01\/photo-output-4.jpg 1024w, https:\/\/mlbfrsat7ahr.i.optimole.com\/w:300\/h:200\/q:mauto\/ig:avif\/https:\/\/noticiasnoface.com.br\/wp-content\/uploads\/2024\/01\/photo-output-4.jpg 300w, https:\/\/mlbfrsat7ahr.i.optimole.com\/w:768\/h:511\/q:mauto\/ig:avif\/https:\/\/noticiasnoface.com.br\/wp-content\/uploads\/2024\/01\/photo-output-4.jpg 768w, https:\/\/mlbfrsat7ahr.i.optimole.com\/w:1536\/h:1021\/q:mauto\/ig:avif\/https:\/\/noticiasnoface.com.br\/wp-content\/uploads\/2024\/01\/photo-output-4.jpg 1536w, https:\/\/mlbfrsat7ahr.i.optimole.com\/w:1624\/h:1080\/q:mauto\/ig:avif\/https:\/\/noticiasnoface.com.br\/wp-content\/uploads\/2024\/01\/photo-output-4.jpg 2000w\" sizes=\"(max-width: 1000px) 100vw, 1000px\" \/><figcaption class=\"wp-element-caption\">O <strong>Supremo Tribunal Federal<\/strong> definiu a data para o julgamento de <strong>sete ex-integrantes da c\u00fapula da Pol\u00edcia Militar do Distrito Federal<\/strong>(PMDF) por <strong>omiss\u00e3o nos <a href=\"https:\/\/oantagonista.com.br\/brasil\/governadores-darao-o-cano-em-lula-em-evento-petista-alusivo-ao-8-de-janeiro\/\" target=\"_blank\" rel=\"noopener\">atos de 8 de janeiro<\/a><\/strong>.<br>Eles ser\u00e3o julgados pela Primeira Turma da Corte entres os dias 9 e 20 de fevereiro, no plen\u00e1rio virtual.<br>Em 18 de agosto, a Pol\u00edcia Federal e a Procuradoria-Geral da Rep\u00fablica (PGR) executaram uma <a href=\"https:\/\/oantagonista.com.br\/brasil\/pf-prende-integrantes-da-cupula-da-pmdf-denunciados-pelo-8-1\/\" target=\"_blank\" rel=\"noopener\">opera\u00e7\u00e3o em Bras\u00edlia contra esses integrantes<\/a> da PMDF. Na data, foram cumpridos <strong>7 mandados de pris\u00e3o preventiva<\/strong> e 5 de busca e apreens\u00e3o. <br>Dentre os alvos estava o ent\u00e3o comandante-geral da PMDF, <strong>Klepter Rosa Gon\u00e7alves<\/strong>. Ele foi preso e tamb\u00e9m ser\u00e1 julgado pela Primeira Turma do STF.<br>Os outros policiais  que ser\u00e3o julgados tamb\u00e9m foram alvos da opera\u00e7\u00e3o, batizada de Inc\u00faria: F\u00e1bio Augusto Vieira, Paulo Jos\u00e9 Ferreira de Souza Bezerra, Marcelo Casimiro Vasconcelos Rodrigues e Rafael Pereira Martins. <br>Completam a lista <strong>dois integrantes<\/strong> da alta c\u00fapula que j\u00e1 estavam presos: o comandante-geral durante o 8 de janeiro, <strong><a href=\"https:\/\/oantagonista.uol.com.br\/brasil\/moraes-mantem-prisao-de-ex-comandante-da-pm-do-df\/?__hstc=175654397.e2e0cc1c674d29823a35fdeccf7417ec.1704643655195.1704643655195.1704643655195.1&#038;__hssc=175654397.1.1704643655195&#038;__hsfp=340329297\" target=\"_blank\" rel=\"noopener\">Jorge Eduardo Barreto Naime (foto)<\/a><\/strong>, e <strong><a href=\"https:\/\/oantagonista.uol.com.br\/brasil\/na-primeira-manifestacao-e-so-deixar-invadir-o-congresso\/?__hstc=175654397.e2e0cc1c674d29823a35fdeccf7417ec.1704643655195.1704643655195.1704643655195.1&#038;__hssc=175654397.1.1704643655195&#038;__hsfp=340329297\" target=\"_blank\" rel=\"noopener\">Fl\u00e1vio Silvestre de Alencar<\/a><\/strong>.<br>Segundo a PGR, os investigados <strong>prevaricaram na conten\u00e7\u00e3o das invas\u00f5es<\/strong> \u00e0s sedes dos Tr\u00eas Poderes, porque estariam <strong>alinhados com a ideologia dos insurgentes<\/strong>. Todos respondem pelos crimes de aboli\u00e7\u00e3o violenta do Estado Democr\u00e1tico de Direito, golpe de Estado, dano qualificado, deteriora\u00e7\u00e3o de patrim\u00f4nio tombado, assim como por infra\u00e7\u00e3o \u00e0 Lei Org\u00e2nica e o Regimento Interno da PMDF.<br>Os procuradores destacaram <em>\u201ca constata\u00e7\u00e3o de que havia profunda contamina\u00e7\u00e3o ideol\u00f3gica de parte dos oficiais da Pol\u00edcia Militar do DF, que se mostrou adepta de teorias conspirat\u00f3rias sobre fraudes eleitorais e de teorias golpistas\u201d<\/em>. Carlos Frederico Santos menciona provas de que os agentes encarregados do comando da corpora\u00e7\u00e3o <em>\u201creceberam, antes de 8 de janeiro de 2023, diversas informa\u00e7\u00f5es de intelig\u00eancia que indicavam as inten\u00e7\u00f5es golpistas do movimento e o risco iminente da efetiva invas\u00e3o \u00e0s sedes dos Tr\u00eas Poderes\u201d<\/em>.<\/figcaption><\/figure>\n\n\n\n<p><\/p>\n","protected":false},"excerpt":{"rendered":"","protected":false},"author":1,"featured_media":0,"comment_status":"open","ping_status":"open","sticky":false,"template":"","format":"standard","meta":{"site-sidebar-layout":"default","site-content-layout":"","ast-site-content-layout":"default","site-content-style":"default","site-sidebar-style":"default","ast-global-header-display":"","ast-banner-title-visibility":"","ast-main-header-display":"","ast-hfb-above-header-display":"","ast-hfb-below-header-display":"","ast-hfb-mobile-header-display":"","site-post-title":"","ast-breadcrumbs-content":"","ast-featured-img":"","footer-sml-layout":"","ast-disable-related-posts":"","theme-transparent-header-meta":"","adv-header-id-meta":"","stick-header-meta":"","header-above-stick-meta":"","header-main-stick-meta":"","header-below-stick-meta":"","astra-migrate-meta-layouts":"default","ast-page-background-enabled":"default","ast-page-background-meta":{"desktop":{"background-color":"var(--ast-global-color-4)","background-image":"","background-repeat":"repeat","background-position":"center center","background-size":"auto","background-attachment":"scroll","background-type":"","background-media":"","overlay-type":"","overlay-color":"","overlay-opacity":"","overlay-gradient":""},"tablet":{"background-color":"","background-image":"","background-repeat":"repeat","background-position":"center center","background-size":"auto","background-attachment":"scroll","background-type":"","background-media":"","overlay-type":"","overlay-color":"","overlay-opacity":"","overlay-gradient":""},"mobile":{"background-color":"","background-image":"","background-repeat":"repeat","background-position":"center center","background-size":"auto","background-attachment":"scroll","background-type":"","background-media":"","overlay-type":"","overlay-color":"","overlay-opacity":"","overlay-gradient":""}},"ast-content-background-meta":{"desktop":{"background-color":"var(--ast-global-color-5)","background-image":"","background-repeat":"repeat","background-position":"center center","background-size":"auto","background-attachment":"scroll","background-type":"","background-media":"","overlay-type":"","overlay-color":"","overlay-opacity":"","overlay-gradient":""},"tablet":{"background-color":"var(--ast-global-color-5)","background-image":"","background-repeat":"repeat","background-position":"center center","background-size":"auto","background-attachment":"scroll","background-type":"","background-media":"","overlay-type":"","overlay-color":"","overlay-opacity":"","overlay-gradient":""},"mobile":{"background-color":"var(--ast-global-color-5)","background-image":"","background-repeat":"repeat","background-position":"center center","background-size":"auto","background-attachment":"scroll","background-type":"","background-media":"","overlay-type":"","overlay-color":"","overlay-opacity":"","overlay-gradient":""}},"footnotes":""},"categories":[517],"tags":[],"class_list":["post-21102","post","type-post","status-publish","format-standard","hentry","category-aconteceu"],"_links":{"self":[{"href":"https:\/\/noticiasnoface.com.br\/index.php\/wp-json\/wp\/v2\/posts\/21102","targetHints":{"allow":["GET"]}}],"collection":[{"href":"https:\/\/noticiasnoface.com.br\/index.php\/wp-json\/wp\/v2\/posts"}],"about":[{"href":"https:\/\/noticiasnoface.com.br\/index.php\/wp-json\/wp\/v2\/types\/post"}],"author":[{"embeddable":true,"href":"https:\/\/noticiasnoface.com.br\/index.php\/wp-json\/wp\/v2\/users\/1"}],"replies":[{"embeddable":true,"href":"https:\/\/noticiasnoface.com.br\/index.php\/wp-json\/wp\/v2\/comments?post=21102"}],"version-history":[{"count":1,"href":"https:\/\/noticiasnoface.com.br\/index.php\/wp-json\/wp\/v2\/posts\/21102\/revisions"}],"predecessor-version":[{"id":21103,"href":"https:\/\/noticiasnoface.com.br\/index.php\/wp-json\/wp\/v2\/posts\/21102\/revisions\/21103"}],"wp:attachment":[{"href":"https:\/\/noticiasnoface.com.br\/index.php\/wp-json\/wp\/v2\/media?parent=21102"}],"wp:term":[{"taxonomy":"category","embeddable":true,"href":"https:\/\/noticiasnoface.com.br\/index.php\/wp-json\/wp\/v2\/categories?post=21102"},{"taxonomy":"post_tag","embeddable":true,"href":"https:\/\/noticiasnoface.com.br\/index.php\/wp-json\/wp\/v2\/tags?post=21102"}],"curies":[{"name":"wp","href":"https:\/\/api.w.org\/{rel}","templated":true}]}}