{"id":21113,"date":"2024-01-07T17:20:37","date_gmt":"2024-01-07T20:20:37","guid":{"rendered":"https:\/\/noticiasnoface.com.br\/?p=21113"},"modified":"2024-01-07T17:20:38","modified_gmt":"2024-01-07T20:20:38","slug":"dorival-junior-e-o-novo-tecnico-da-selecao-brasileira","status":"publish","type":"post","link":"https:\/\/noticiasnoface.com.br\/index.php\/2024\/01\/07\/dorival-junior-e-o-novo-tecnico-da-selecao-brasileira\/","title":{"rendered":"Dorival J\u00fanior \u00e9 o novo t\u00e9cnico da sele\u00e7\u00e3o brasileira"},"content":{"rendered":"\n<figure class=\"wp-block-image size-large\"><img data-opt-id=1265076952  fetchpriority=\"high\" decoding=\"async\" width=\"1024\" height=\"586\" src=\"https:\/\/mlbfrsat7ahr.i.optimole.com\/w:1024\/h:586\/q:mauto\/ig:avif\/https:\/\/noticiasnoface.com.br\/wp-content\/uploads\/2024\/01\/photo-output-5.jpg\" class=\"wp-image-21112\" srcset=\"https:\/\/mlbfrsat7ahr.i.optimole.com\/w:1024\/h:586\/q:mauto\/ig:avif\/https:\/\/noticiasnoface.com.br\/wp-content\/uploads\/2024\/01\/photo-output-5.jpg 1024w, https:\/\/mlbfrsat7ahr.i.optimole.com\/w:300\/h:172\/q:mauto\/ig:avif\/https:\/\/noticiasnoface.com.br\/wp-content\/uploads\/2024\/01\/photo-output-5.jpg 300w, https:\/\/mlbfrsat7ahr.i.optimole.com\/w:768\/h:439\/q:mauto\/ig:avif\/https:\/\/noticiasnoface.com.br\/wp-content\/uploads\/2024\/01\/photo-output-5.jpg 768w, https:\/\/mlbfrsat7ahr.i.optimole.com\/w:1536\/h:879\/q:mauto\/ig:avif\/https:\/\/noticiasnoface.com.br\/wp-content\/uploads\/2024\/01\/photo-output-5.jpg 1536w, https:\/\/mlbfrsat7ahr.i.optimole.com\/w:1888\/h:1080\/q:mauto\/ig:avif\/https:\/\/noticiasnoface.com.br\/wp-content\/uploads\/2024\/01\/photo-output-5.jpg 2000w\" sizes=\"(max-width: 1000px) 100vw, 1000px\" \/><figcaption class=\"wp-element-caption\">Dorival na partida entre S\u00e3o Paaulo x Red Bul Bragantino. Ele est\u00e1 no SPFC desde abril de 2023 Cr\u00e9dito: Rubens Chiri\/Saopaulofc.net <br><strong>Dorival J\u00fanior<\/strong> ser\u00e1 o novo t\u00e9cnico da <strong>Sele\u00e7\u00e3o Brasileira<\/strong> para o ciclo da Copa do Mundo de 2026. O treinador aceitou a proposta da Confedera\u00e7\u00e3o Brasileira de Futebol (CBF) para deixar o S\u00e3o Paulo.<br>O an\u00fancio oficial deve ser feito apenas nos pr\u00f3ximos dias, j\u00e1 que a CBF est\u00e1 focada em se despedir do \u00eddolo <a href=\"https:\/\/www.cnnbrasil.com.br\/esportes\/corpo-de-zagallo-chega-ao-cemiterio-sao-joao-batista-no-rio-de-janeiro\/\" target=\"_blank\" rel=\"noopener\">Zagallo, morto aos 92 anos<\/a>.<\/figcaption><\/figure>\n","protected":false},"excerpt":{"rendered":"","protected":false},"author":1,"featured_media":0,"comment_status":"open","ping_status":"open","sticky":false,"template":"","format":"standard","meta":{"site-sidebar-layout":"default","site-content-layout":"","ast-site-content-layout":"default","site-content-style":"default","site-sidebar-style":"default","ast-global-header-display":"","ast-banner-title-visibility":"","ast-main-header-display":"","ast-hfb-above-header-display":"","ast-hfb-below-header-display":"","ast-hfb-mobile-header-display":"","site-post-title":"","ast-breadcrumbs-content":"","ast-featured-img":"","footer-sml-layout":"","ast-disable-related-posts":"","theme-transparent-header-meta":"","adv-header-id-meta":"","stick-header-meta":"","header-above-stick-meta":"","header-main-stick-meta":"","header-below-stick-meta":"","astra-migrate-meta-layouts":"default","ast-page-background-enabled":"default","ast-page-background-meta":{"desktop":{"background-color":"var(--ast-global-color-4)","background-image":"","background-repeat":"repeat","background-position":"center center","background-size":"auto","background-attachment":"scroll","background-type":"","background-media":"","overlay-type":"","overlay-color":"","overlay-opacity":"","overlay-gradient":""},"tablet":{"background-color":"","background-image":"","background-repeat":"repeat","background-position":"center center","background-size":"auto","background-attachment":"scroll","background-type":"","background-media":"","overlay-type":"","overlay-color":"","overlay-opacity":"","overlay-gradient":""},"mobile":{"background-color":"","background-image":"","background-repeat":"repeat","background-position":"center center","background-size":"auto","background-attachment":"scroll","background-type":"","background-media":"","overlay-type":"","overlay-color":"","overlay-opacity":"","overlay-gradient":""}},"ast-content-background-meta":{"desktop":{"background-color":"var(--ast-global-color-5)","background-image":"","background-repeat":"repeat","background-position":"center center","background-size":"auto","background-attachment":"scroll","background-type":"","background-media":"","overlay-type":"","overlay-color":"","overlay-opacity":"","overlay-gradient":""},"tablet":{"background-color":"var(--ast-global-color-5)","background-image":"","background-repeat":"repeat","background-position":"center center","background-size":"auto","background-attachment":"scroll","background-type":"","background-media":"","overlay-type":"","overlay-color":"","overlay-opacity":"","overlay-gradient":""},"mobile":{"background-color":"var(--ast-global-color-5)","background-image":"","background-repeat":"repeat","background-position":"center center","background-size":"auto","background-attachment":"scroll","background-type":"","background-media":"","overlay-type":"","overlay-color":"","overlay-opacity":"","overlay-gradient":""}},"footnotes":""},"categories":[517],"tags":[],"class_list":["post-21113","post","type-post","status-publish","format-standard","hentry","category-aconteceu"],"_links":{"self":[{"href":"https:\/\/noticiasnoface.com.br\/index.php\/wp-json\/wp\/v2\/posts\/21113","targetHints":{"allow":["GET"]}}],"collection":[{"href":"https:\/\/noticiasnoface.com.br\/index.php\/wp-json\/wp\/v2\/posts"}],"about":[{"href":"https:\/\/noticiasnoface.com.br\/index.php\/wp-json\/wp\/v2\/types\/post"}],"author":[{"embeddable":true,"href":"https:\/\/noticiasnoface.com.br\/index.php\/wp-json\/wp\/v2\/users\/1"}],"replies":[{"embeddable":true,"href":"https:\/\/noticiasnoface.com.br\/index.php\/wp-json\/wp\/v2\/comments?post=21113"}],"version-history":[{"count":1,"href":"https:\/\/noticiasnoface.com.br\/index.php\/wp-json\/wp\/v2\/posts\/21113\/revisions"}],"predecessor-version":[{"id":21114,"href":"https:\/\/noticiasnoface.com.br\/index.php\/wp-json\/wp\/v2\/posts\/21113\/revisions\/21114"}],"wp:attachment":[{"href":"https:\/\/noticiasnoface.com.br\/index.php\/wp-json\/wp\/v2\/media?parent=21113"}],"wp:term":[{"taxonomy":"category","embeddable":true,"href":"https:\/\/noticiasnoface.com.br\/index.php\/wp-json\/wp\/v2\/categories?post=21113"},{"taxonomy":"post_tag","embeddable":true,"href":"https:\/\/noticiasnoface.com.br\/index.php\/wp-json\/wp\/v2\/tags?post=21113"}],"curies":[{"name":"wp","href":"https:\/\/api.w.org\/{rel}","templated":true}]}}