{"id":21122,"date":"2024-01-07T21:28:27","date_gmt":"2024-01-08T00:28:27","guid":{"rendered":"https:\/\/noticiasnoface.com.br\/?p=21122"},"modified":"2024-01-07T21:28:27","modified_gmt":"2024-01-08T00:28:27","slug":"suspeitos-de-matar-policial-penal-comemoraram-aniversario-da-vitima","status":"publish","type":"post","link":"https:\/\/noticiasnoface.com.br\/index.php\/2024\/01\/07\/suspeitos-de-matar-policial-penal-comemoraram-aniversario-da-vitima\/","title":{"rendered":"Suspeitos de matar policial penal comemoraram anivers\u00e1rio da v\u00edtima"},"content":{"rendered":"\n<figure class=\"wp-block-video\"><video height=\"1278\" style=\"aspect-ratio: 720 \/ 1278;\" width=\"720\" controls src=\"https:\/\/noticiasnoface.com.br\/wp-content\/uploads\/2024\/01\/9b99d2f8-917f-4eb3-ab40-afd21b1210ad-1.mp4\"><\/video><figcaption class=\"wp-element-caption\">A s\u00f3rdida trama para executar o <a href=\"https:\/\/www.metropoles.com\/distrito-federal\/saiba-quem-e-o-policial-penal-desaparecido-que-teve-carro-carbonizado\" target=\"_blank\" rel=\"noreferrer noopener\">policial penal de Goi\u00e1s Jos\u00e9 Fran\u00e7ualdo Leite Nobrega<\/a> <em>(foto em destaque)<\/em> tem nuances de crueldade e trai\u00e7\u00e3o. O principal suspeito de ter arquitetado o plano \u00e9 Manelito Lima J\u00fanior, amigo da v\u00edtima por 15 anos.<br>Como de costume, todos os anos Manelito<a href=\"https:\/\/www.metropoles.com\/distrito-federal\/assassinos-conviveram-com-familia-de-policial-penal-mesmo-apos-mata-lo\" target=\"_blank\" rel=\"noreferrer noopener\">organizava a festa de anivers\u00e1rio para o policial penal<\/a>. Quando a v\u00edtima completou 36 anos, em 2022, foi o algoz quem planejou tamb\u00e9m a comemora\u00e7\u00e3o junto com a esposa da v\u00edtima \u2013 que faz anivers\u00e1rio em dezembro. Veja a imagem:<br>Antes de matar o amigo a sangue frio com quatro tiros, sendo um nas costas e tr\u00eas no peito, Manelito estava novamente tra\u00e7ando planos para a comemora\u00e7\u00e3o da data especial. \u201cEles eram carne e unha\u201d, disse um familiar que preferiu n\u00e3o ser identificado. \u201cOs dois estavam em todas as festas juntos, eram amigos mesmo. Sempre foi algu\u00e9m acima de qualquer suspeita\u201d, declarou.<br>A confian\u00e7a era tanta que Jos\u00e9 Fran\u00e7ualdo deixava Manelito como respons\u00e1vel pelas finan\u00e7as de uma loja de aluguel de material de constru\u00e7\u00e3o. Manelito frequentava o seio familiar da v\u00edtima e compareceu ao anivers\u00e1rio de 8 anos da sobrinha do policial penal.<br>O corpo do servidor foi encontrado nesse s\u00e1bado (6\/1) e estava desaparecido havia mais de um m\u00eas. Ele foi <a href=\"https:\/\/www.metropoles.com\/distrito-federal\/policial-penal-foi-executado-com-4-tiros-1-nas-costas-e-3-no-peito\" target=\"_blank\" rel=\"noopener\">assassinado com quatro tiros<\/a>: um nas costas e tr\u00eas no peito. O corpo encontrava-se em avan\u00e7ado estado de decomposi\u00e7\u00e3o.<br>\u201cEles estavam dentro da casa dele, j\u00e1 trabalhavam com ele h\u00e1 mais de 10 anos\u201d, disse ao <strong>Metr\u00f3poles<\/strong> um parente da v\u00edtima, que preferiu n\u00e3o ser identificado. \u201cFazer isso por dinheiro foi uma <a href=\"https:\/\/www.metropoles.com\/distrito-federal\/covardia-tremenda-diz-familiar-sobre-assassinato-de-policial-penal\" target=\"_blank\" rel=\"noopener\">covardia tremenda<\/a>\u201c, declarou.<br><strong>Veja o momento da pris\u00e3o de um dos suspeitos:<\/strong><br>Al\u00e9m de Manelito, outro funcion\u00e1rio da loja tamb\u00e9m foi detido. O segundo suspeito \u00e9 Daniel Amorim Rosa de Oliveira. A terceira detida \u00e9 Marinalda Mendes Vieira. O papel de cada um no crime b\u00e1rbaro ainda n\u00e3o foi detalhado pela Pol\u00edcia Civil de Goi\u00e1s (PCGO).<br>O presidente do Sindicato dos Policiais Penais de Goi\u00e1s, Maxsuell Miranda das Neves, lamentou a not\u00edcia. \u201cA categoria est\u00e1 de luto pela morte do nosso irm\u00e3o. Fran\u00e7ualdo era um excelente profissional e muito querido pela tropa. O que fizeram foi uma covardia muito grande, porque ele deu emprego para algumas pessoas e acabou covardemente assassinado por elas.\u201d<br>Sumi\u00e7o em novembro<br>O servidor estava desaparecido desde 27 de novembro de 2023. As informa\u00e7\u00f5es foram confirmadas pelos parentes do policial.<br>\u201cAcreditamos sinceramente que o Aldo [apelido do policial] tenha morrido por causa de dinheiro, pois Manelito e o Daniel guardavam a esp\u00e9cie, por volta de R$ 150 mil, e esse valor ele descobriu que estava sendo roubado\u201d, detalhou o familiar. \u201cA\u00ed ele deu uma \u2018press\u00e3o\u2019 neles, e ficou combinado de acertarem as contas no fim do m\u00eas, exatamente quando morreu\u201d, afirmou o parente.<br>Morador de \u00c1guas Lindas (GO), <a href=\"https:\/\/www.metropoles.com\/distrito-federal\/policial-penal-desaparecido-entorno\" target=\"_blank\" rel=\"noreferrer noopener\">Jos\u00e9 Fran\u00e7ualdo trabalhava no pres\u00eddio<\/a> de Santo Ant\u00f4nio do Descoberto (GO), no Entorno do Distrito Federal.<br><strong>Veja o passo a passo dos acontecimentos:<\/strong><br>Antes do desaparecimento, o policial informou ao irm\u00e3o que iria ao Distrito Federal buscar R$ 40 mil.<br>O servidor p\u00fablico foi visto pessoalmente por parentes pela \u00faltima vez na tarde de segunda-feira (27\/11).<br>Na ter\u00e7a (28\/11), Jos\u00e9 Fran\u00e7ualdo se dirigiu \u00e0 capital federal.<br>O \u00faltimo contato dele com parentes por mensagens via WhatsApp aconteceu na tarde do dia 28 de novembro.<br>Por volta das 18h51, imagens de c\u00e2meras de seguran\u00e7a na DF-130, sentido Rajadinha, em Planaltina (GO), mostram o ve\u00edculo do policial.<br>Horas depois, o ve\u00edculo foi encontrado carbonizado na \u00e1rea do N\u00facleo Rural Tr\u00eas Conquistas, no Parano\u00e1 (DF).<br>Na quarta-feira (29\/11), a Pol\u00edcia Civil do Distrito Federal (<a href=\"https:\/\/www.pcdf.df.gov.br\/\" target=\"_blank\" rel=\"noreferrer noopener\">PCDF<\/a>) confirmou se tratar da caminhonete do servidor p\u00fablico.<\/figcaption><\/figure>\n","protected":false},"excerpt":{"rendered":"","protected":false},"author":1,"featured_media":0,"comment_status":"open","ping_status":"open","sticky":false,"template":"","format":"standard","meta":{"site-sidebar-layout":"default","site-content-layout":"","ast-site-content-layout":"default","site-content-style":"default","site-sidebar-style":"default","ast-global-header-display":"","ast-banner-title-visibility":"","ast-main-header-display":"","ast-hfb-above-header-display":"","ast-hfb-below-header-display":"","ast-hfb-mobile-header-display":"","site-post-title":"","ast-breadcrumbs-content":"","ast-featured-img":"","footer-sml-layout":"","ast-disable-related-posts":"","theme-transparent-header-meta":"","adv-header-id-meta":"","stick-header-meta":"","header-above-stick-meta":"","header-main-stick-meta":"","header-below-stick-meta":"","astra-migrate-meta-layouts":"default","ast-page-background-enabled":"default","ast-page-background-meta":{"desktop":{"background-color":"var(--ast-global-color-4)","background-image":"","background-repeat":"repeat","background-position":"center center","background-size":"auto","background-attachment":"scroll","background-type":"","background-media":"","overlay-type":"","overlay-color":"","overlay-opacity":"","overlay-gradient":""},"tablet":{"background-color":"","background-image":"","background-repeat":"repeat","background-position":"center center","background-size":"auto","background-attachment":"scroll","background-type":"","background-media":"","overlay-type":"","overlay-color":"","overlay-opacity":"","overlay-gradient":""},"mobile":{"background-color":"","background-image":"","background-repeat":"repeat","background-position":"center center","background-size":"auto","background-attachment":"scroll","background-type":"","background-media":"","overlay-type":"","overlay-color":"","overlay-opacity":"","overlay-gradient":""}},"ast-content-background-meta":{"desktop":{"background-color":"var(--ast-global-color-5)","background-image":"","background-repeat":"repeat","background-position":"center center","background-size":"auto","background-attachment":"scroll","background-type":"","background-media":"","overlay-type":"","overlay-color":"","overlay-opacity":"","overlay-gradient":""},"tablet":{"background-color":"var(--ast-global-color-5)","background-image":"","background-repeat":"repeat","background-position":"center center","background-size":"auto","background-attachment":"scroll","background-type":"","background-media":"","overlay-type":"","overlay-color":"","overlay-opacity":"","overlay-gradient":""},"mobile":{"background-color":"var(--ast-global-color-5)","background-image":"","background-repeat":"repeat","background-position":"center center","background-size":"auto","background-attachment":"scroll","background-type":"","background-media":"","overlay-type":"","overlay-color":"","overlay-opacity":"","overlay-gradient":""}},"footnotes":""},"categories":[517],"tags":[],"class_list":["post-21122","post","type-post","status-publish","format-standard","hentry","category-aconteceu"],"_links":{"self":[{"href":"https:\/\/noticiasnoface.com.br\/index.php\/wp-json\/wp\/v2\/posts\/21122","targetHints":{"allow":["GET"]}}],"collection":[{"href":"https:\/\/noticiasnoface.com.br\/index.php\/wp-json\/wp\/v2\/posts"}],"about":[{"href":"https:\/\/noticiasnoface.com.br\/index.php\/wp-json\/wp\/v2\/types\/post"}],"author":[{"embeddable":true,"href":"https:\/\/noticiasnoface.com.br\/index.php\/wp-json\/wp\/v2\/users\/1"}],"replies":[{"embeddable":true,"href":"https:\/\/noticiasnoface.com.br\/index.php\/wp-json\/wp\/v2\/comments?post=21122"}],"version-history":[{"count":1,"href":"https:\/\/noticiasnoface.com.br\/index.php\/wp-json\/wp\/v2\/posts\/21122\/revisions"}],"predecessor-version":[{"id":21123,"href":"https:\/\/noticiasnoface.com.br\/index.php\/wp-json\/wp\/v2\/posts\/21122\/revisions\/21123"}],"wp:attachment":[{"href":"https:\/\/noticiasnoface.com.br\/index.php\/wp-json\/wp\/v2\/media?parent=21122"}],"wp:term":[{"taxonomy":"category","embeddable":true,"href":"https:\/\/noticiasnoface.com.br\/index.php\/wp-json\/wp\/v2\/categories?post=21122"},{"taxonomy":"post_tag","embeddable":true,"href":"https:\/\/noticiasnoface.com.br\/index.php\/wp-json\/wp\/v2\/tags?post=21122"}],"curies":[{"name":"wp","href":"https:\/\/api.w.org\/{rel}","templated":true}]}}