{"id":21140,"date":"2024-01-09T07:36:46","date_gmt":"2024-01-09T10:36:46","guid":{"rendered":"https:\/\/noticiasnoface.com.br\/?p=21140"},"modified":"2024-01-09T07:36:47","modified_gmt":"2024-01-09T10:36:47","slug":"restaurante-que-dizia-bolsonaristas-nao-sao-bem-vindos-faliu-em-curitiba","status":"publish","type":"post","link":"https:\/\/noticiasnoface.com.br\/index.php\/2024\/01\/09\/restaurante-que-dizia-bolsonaristas-nao-sao-bem-vindos-faliu-em-curitiba\/","title":{"rendered":"Restaurante que dizia \u201cBOLSONARISTAS N\u00c3O S\u00c3O BEM VINDOS\u201d faliu em Curitiba"},"content":{"rendered":"\n<figure class=\"wp-block-image size-large\"><img loading=\"lazy\" decoding=\"async\" width=\"1024\" height=\"581\" src=\"https:\/\/noticiasnoface.com.br\/wp-content\/uploads\/2024\/01\/photo-output-1-3-1024x581.jpg\" class=\"wp-image-21139\" srcset=\"https:\/\/noticiasnoface.com.br\/wp-content\/uploads\/2024\/01\/photo-output-1-3-1024x581.jpg 1024w, https:\/\/noticiasnoface.com.br\/wp-content\/uploads\/2024\/01\/photo-output-1-3-300x170.jpg 300w, https:\/\/noticiasnoface.com.br\/wp-content\/uploads\/2024\/01\/photo-output-1-3-768x436.jpg 768w, https:\/\/noticiasnoface.com.br\/wp-content\/uploads\/2024\/01\/photo-output-1-3-1536x872.jpg 1536w, https:\/\/noticiasnoface.com.br\/wp-content\/uploads\/2024\/01\/photo-output-1-3.jpg 2000w\" sizes=\"auto, (max-width: 1024px) 100vw, 1024px\" \/><figcaption class=\"wp-element-caption\">O empres\u00e1rio esquerdista lulista Beto Madalosso anunciou o fechamento da loja f\u00edsica da Trolha, uma esp\u00e9cie de pizza enrolada que virou um sucesso do Restaurante Carlo (outro de seus empreendimentos) durante a pandemia da Covid 19.<br>Entusiasta da gastronomia, ele confirmou que ir\u00e1 fechar as portas do estabelecimento, mas garantiu que al\u00e9m do Trolha continuar sendo vendido por delivery, em breve ele retornar\u00e1 com outro formato de loja. O Trolha inaugurou em abril deste ano.O empres\u00e1rio sempre negou os ataques aos bolsonaristas, mas a turma da direita n\u00e3o perdoa.<br><br>Beto anunciou a decis\u00e3o em uma s\u00e9rie de stories publicados no seu perfil no Instagram. Num passeio pelas instala\u00e7\u00f5es da loja\/conceito aberta na Rua Saldanha Marinho, ele contou um pouco sobre o investimento que fez na ideia e sobre a decis\u00e3o de encerrar as atividades por n\u00e3o alcan\u00e7ar o objetivo projetado anteriormente.<\/figcaption><\/figure>\n","protected":false},"excerpt":{"rendered":"","protected":false},"author":1,"featured_media":0,"comment_status":"open","ping_status":"open","sticky":false,"template":"","format":"standard","meta":{"site-sidebar-layout":"default","site-content-layout":"","ast-site-content-layout":"default","site-content-style":"default","site-sidebar-style":"default","ast-global-header-display":"","ast-banner-title-visibility":"","ast-main-header-display":"","ast-hfb-above-header-display":"","ast-hfb-below-header-display":"","ast-hfb-mobile-header-display":"","site-post-title":"","ast-breadcrumbs-content":"","ast-featured-img":"","footer-sml-layout":"","ast-disable-related-posts":"","theme-transparent-header-meta":"","adv-header-id-meta":"","stick-header-meta":"","header-above-stick-meta":"","header-main-stick-meta":"","header-below-stick-meta":"","astra-migrate-meta-layouts":"default","ast-page-background-enabled":"default","ast-page-background-meta":{"desktop":{"background-color":"var(--ast-global-color-4)","background-image":"","background-repeat":"repeat","background-position":"center center","background-size":"auto","background-attachment":"scroll","background-type":"","background-media":"","overlay-type":"","overlay-color":"","overlay-opacity":"","overlay-gradient":""},"tablet":{"background-color":"","background-image":"","background-repeat":"repeat","background-position":"center center","background-size":"auto","background-attachment":"scroll","background-type":"","background-media":"","overlay-type":"","overlay-color":"","overlay-opacity":"","overlay-gradient":""},"mobile":{"background-color":"","background-image":"","background-repeat":"repeat","background-position":"center center","background-size":"auto","background-attachment":"scroll","background-type":"","background-media":"","overlay-type":"","overlay-color":"","overlay-opacity":"","overlay-gradient":""}},"ast-content-background-meta":{"desktop":{"background-color":"var(--ast-global-color-5)","background-image":"","background-repeat":"repeat","background-position":"center center","background-size":"auto","background-attachment":"scroll","background-type":"","background-media":"","overlay-type":"","overlay-color":"","overlay-opacity":"","overlay-gradient":""},"tablet":{"background-color":"var(--ast-global-color-5)","background-image":"","background-repeat":"repeat","background-position":"center center","background-size":"auto","background-attachment":"scroll","background-type":"","background-media":"","overlay-type":"","overlay-color":"","overlay-opacity":"","overlay-gradient":""},"mobile":{"background-color":"var(--ast-global-color-5)","background-image":"","background-repeat":"repeat","background-position":"center center","background-size":"auto","background-attachment":"scroll","background-type":"","background-media":"","overlay-type":"","overlay-color":"","overlay-opacity":"","overlay-gradient":""}},"footnotes":""},"categories":[517],"tags":[],"class_list":["post-21140","post","type-post","status-publish","format-standard","hentry","category-aconteceu"],"yoast_head":"<!-- This site is optimized with the Yoast SEO plugin v28.3 - https:\/\/yoast.com\/product\/yoast-seo-wordpress\/ -->\n<title>Restaurante que dizia \u201cBOLSONARISTAS N\u00c3O S\u00c3O BEM VINDOS\u201d faliu em Curitiba - NOTICIAS NO FACE<\/title>\n<meta name=\"robots\" content=\"index, follow, max-snippet:-1, max-image-preview:large, max-video-preview:-1\" \/>\n<link rel=\"canonical\" href=\"https:\/\/noticiasnoface.com.br\/index.php\/2024\/01\/09\/restaurante-que-dizia-bolsonaristas-nao-sao-bem-vindos-faliu-em-curitiba\/\" \/>\n<meta property=\"og:locale\" content=\"pt_BR\" \/>\n<meta property=\"og:type\" content=\"article\" \/>\n<meta property=\"og:title\" content=\"Restaurante que dizia \u201cBOLSONARISTAS N\u00c3O S\u00c3O BEM VINDOS\u201d faliu em Curitiba - NOTICIAS NO FACE\" \/>\n<meta property=\"og:url\" content=\"https:\/\/noticiasnoface.com.br\/index.php\/2024\/01\/09\/restaurante-que-dizia-bolsonaristas-nao-sao-bem-vindos-faliu-em-curitiba\/\" \/>\n<meta property=\"og:site_name\" content=\"NOTICIAS NO FACE\" \/>\n<meta property=\"article:publisher\" content=\"https:\/\/www.facebook.com\/profile.php?id=100012908593281\" \/>\n<meta property=\"article:author\" content=\"https:\/\/www.facebook.com\/noticiasnf?mibextid=LQQJ4d\" \/>\n<meta property=\"article:published_time\" content=\"2024-01-09T10:36:46+00:00\" \/>\n<meta property=\"article:modified_time\" content=\"2024-01-09T10:36:47+00:00\" \/>\n<meta property=\"og:image\" content=\"https:\/\/noticiasnoface.com.br\/wp-content\/uploads\/2024\/01\/photo-output-1-3-1024x581.jpg\" \/>\n<meta name=\"author\" content=\"Noticias No Face\" \/>\n<meta name=\"twitter:card\" content=\"summary_large_image\" \/>\n<meta name=\"twitter:label1\" content=\"Escrito por\" \/>\n\t<meta name=\"twitter:data1\" content=\"Noticias No Face\" \/>\n\t<meta name=\"twitter:label2\" content=\"Est. tempo de leitura\" \/>\n\t<meta name=\"twitter:data2\" content=\"1 minuto\" \/>\n<script type=\"application\/ld+json\" class=\"yoast-schema-graph\">{\"@context\":\"https:\\\/\\\/schema.org\",\"@graph\":[{\"@type\":\"Article\",\"@id\":\"https:\\\/\\\/noticiasnoface.com.br\\\/index.php\\\/2024\\\/01\\\/09\\\/restaurante-que-dizia-bolsonaristas-nao-sao-bem-vindos-faliu-em-curitiba\\\/#article\",\"isPartOf\":{\"@id\":\"https:\\\/\\\/noticiasnoface.com.br\\\/index.php\\\/2024\\\/01\\\/09\\\/restaurante-que-dizia-bolsonaristas-nao-sao-bem-vindos-faliu-em-curitiba\\\/\"},\"author\":{\"name\":\"Noticias No Face\",\"@id\":\"https:\\\/\\\/noticiasnoface.com.br\\\/#\\\/schema\\\/person\\\/6d6bb5e4ecce219cd6ecb0ec9e14d8f7\"},\"headline\":\"Restaurante que dizia \u201cBOLSONARISTAS N\u00c3O S\u00c3O BEM VINDOS\u201d faliu em Curitiba\",\"datePublished\":\"2024-01-09T10:36:46+00:00\",\"dateModified\":\"2024-01-09T10:36:47+00:00\",\"mainEntityOfPage\":{\"@id\":\"https:\\\/\\\/noticiasnoface.com.br\\\/index.php\\\/2024\\\/01\\\/09\\\/restaurante-que-dizia-bolsonaristas-nao-sao-bem-vindos-faliu-em-curitiba\\\/\"},\"wordCount\":167,\"commentCount\":0,\"publisher\":{\"@id\":\"https:\\\/\\\/noticiasnoface.com.br\\\/#organization\"},\"image\":{\"@id\":\"https:\\\/\\\/noticiasnoface.com.br\\\/index.php\\\/2024\\\/01\\\/09\\\/restaurante-que-dizia-bolsonaristas-nao-sao-bem-vindos-faliu-em-curitiba\\\/#primaryimage\"},\"thumbnailUrl\":\"https:\\\/\\\/noticiasnoface.com.br\\\/wp-content\\\/uploads\\\/2024\\\/01\\\/photo-output-1-3-1024x581.jpg\",\"articleSection\":[\"ACONTECEU\"],\"inLanguage\":\"pt-BR\",\"potentialAction\":[{\"@type\":\"CommentAction\",\"name\":\"Comment\",\"target\":[\"https:\\\/\\\/noticiasnoface.com.br\\\/index.php\\\/2024\\\/01\\\/09\\\/restaurante-que-dizia-bolsonaristas-nao-sao-bem-vindos-faliu-em-curitiba\\\/#respond\"]}]},{\"@type\":\"WebPage\",\"@id\":\"https:\\\/\\\/noticiasnoface.com.br\\\/index.php\\\/2024\\\/01\\\/09\\\/restaurante-que-dizia-bolsonaristas-nao-sao-bem-vindos-faliu-em-curitiba\\\/\",\"url\":\"https:\\\/\\\/noticiasnoface.com.br\\\/index.php\\\/2024\\\/01\\\/09\\\/restaurante-que-dizia-bolsonaristas-nao-sao-bem-vindos-faliu-em-curitiba\\\/\",\"name\":\"Restaurante que dizia \u201cBOLSONARISTAS N\u00c3O S\u00c3O BEM VINDOS\u201d faliu em Curitiba - NOTICIAS NO FACE\",\"isPartOf\":{\"@id\":\"https:\\\/\\\/noticiasnoface.com.br\\\/#website\"},\"primaryImageOfPage\":{\"@id\":\"https:\\\/\\\/noticiasnoface.com.br\\\/index.php\\\/2024\\\/01\\\/09\\\/restaurante-que-dizia-bolsonaristas-nao-sao-bem-vindos-faliu-em-curitiba\\\/#primaryimage\"},\"image\":{\"@id\":\"https:\\\/\\\/noticiasnoface.com.br\\\/index.php\\\/2024\\\/01\\\/09\\\/restaurante-que-dizia-bolsonaristas-nao-sao-bem-vindos-faliu-em-curitiba\\\/#primaryimage\"},\"thumbnailUrl\":\"https:\\\/\\\/noticiasnoface.com.br\\\/wp-content\\\/uploads\\\/2024\\\/01\\\/photo-output-1-3-1024x581.jpg\",\"datePublished\":\"2024-01-09T10:36:46+00:00\",\"dateModified\":\"2024-01-09T10:36:47+00:00\",\"breadcrumb\":{\"@id\":\"https:\\\/\\\/noticiasnoface.com.br\\\/index.php\\\/2024\\\/01\\\/09\\\/restaurante-que-dizia-bolsonaristas-nao-sao-bem-vindos-faliu-em-curitiba\\\/#breadcrumb\"},\"inLanguage\":\"pt-BR\",\"potentialAction\":[{\"@type\":\"ReadAction\",\"target\":[\"https:\\\/\\\/noticiasnoface.com.br\\\/index.php\\\/2024\\\/01\\\/09\\\/restaurante-que-dizia-bolsonaristas-nao-sao-bem-vindos-faliu-em-curitiba\\\/\"]}]},{\"@type\":\"ImageObject\",\"inLanguage\":\"pt-BR\",\"@id\":\"https:\\\/\\\/noticiasnoface.com.br\\\/index.php\\\/2024\\\/01\\\/09\\\/restaurante-que-dizia-bolsonaristas-nao-sao-bem-vindos-faliu-em-curitiba\\\/#primaryimage\",\"url\":\"https:\\\/\\\/noticiasnoface.com.br\\\/wp-content\\\/uploads\\\/2024\\\/01\\\/photo-output-1-3.jpg\",\"contentUrl\":\"https:\\\/\\\/noticiasnoface.com.br\\\/wp-content\\\/uploads\\\/2024\\\/01\\\/photo-output-1-3.jpg\",\"width\":2000,\"height\":1135},{\"@type\":\"BreadcrumbList\",\"@id\":\"https:\\\/\\\/noticiasnoface.com.br\\\/index.php\\\/2024\\\/01\\\/09\\\/restaurante-que-dizia-bolsonaristas-nao-sao-bem-vindos-faliu-em-curitiba\\\/#breadcrumb\",\"itemListElement\":[{\"@type\":\"ListItem\",\"position\":1,\"name\":\"In\u00edcio\",\"item\":\"https:\\\/\\\/noticiasnoface.com.br\\\/\"},{\"@type\":\"ListItem\",\"position\":2,\"name\":\"Restaurante que dizia \u201cBOLSONARISTAS N\u00c3O S\u00c3O BEM VINDOS\u201d faliu em Curitiba\"}]},{\"@type\":\"WebSite\",\"@id\":\"https:\\\/\\\/noticiasnoface.com.br\\\/#website\",\"url\":\"https:\\\/\\\/noticiasnoface.com.br\\\/\",\"name\":\"Noticias No Face\",\"description\":\"NNF\",\"publisher\":{\"@id\":\"https:\\\/\\\/noticiasnoface.com.br\\\/#organization\"},\"potentialAction\":[{\"@type\":\"SearchAction\",\"target\":{\"@type\":\"EntryPoint\",\"urlTemplate\":\"https:\\\/\\\/noticiasnoface.com.br\\\/?s={search_term_string}\"},\"query-input\":{\"@type\":\"PropertyValueSpecification\",\"valueRequired\":true,\"valueName\":\"search_term_string\"}}],\"inLanguage\":\"pt-BR\"},{\"@type\":\"Organization\",\"@id\":\"https:\\\/\\\/noticiasnoface.com.br\\\/#organization\",\"name\":\"Noticias no face\",\"url\":\"https:\\\/\\\/noticiasnoface.com.br\\\/\",\"logo\":{\"@type\":\"ImageObject\",\"inLanguage\":\"pt-BR\",\"@id\":\"https:\\\/\\\/noticiasnoface.com.br\\\/#\\\/schema\\\/logo\\\/image\\\/\",\"url\":\"https:\\\/\\\/noticiasnoface.com.br\\\/wp-content\\\/uploads\\\/2024\\\/03\\\/FB_IMG_1627525396589_Original.jpeg\",\"contentUrl\":\"https:\\\/\\\/noticiasnoface.com.br\\\/wp-content\\\/uploads\\\/2024\\\/03\\\/FB_IMG_1627525396589_Original.jpeg\",\"width\":1304,\"height\":1285,\"caption\":\"Noticias no face\"},\"image\":{\"@id\":\"https:\\\/\\\/noticiasnoface.com.br\\\/#\\\/schema\\\/logo\\\/image\\\/\"},\"sameAs\":[\"https:\\\/\\\/www.facebook.com\\\/profile.php?id=100012908593281\",\"https:\\\/\\\/www.instagram.com\\\/noticianoface?igsh=MWVvMXQ0MjA3cHY1aQ==\",\"https:\\\/\\\/www.threads.net\\\/@noticiasnoface\"]},{\"@type\":\"Person\",\"@id\":\"https:\\\/\\\/noticiasnoface.com.br\\\/#\\\/schema\\\/person\\\/6d6bb5e4ecce219cd6ecb0ec9e14d8f7\",\"name\":\"Noticias No Face\",\"image\":{\"@type\":\"ImageObject\",\"inLanguage\":\"pt-BR\",\"@id\":\"https:\\\/\\\/secure.gravatar.com\\\/avatar\\\/16a373ebacd5b4a7908eb9b55ce0623c12f93b525e8b3e089429e16c67cf2de0?s=96&d=mm&r=g\",\"url\":\"https:\\\/\\\/secure.gravatar.com\\\/avatar\\\/16a373ebacd5b4a7908eb9b55ce0623c12f93b525e8b3e089429e16c67cf2de0?s=96&d=mm&r=g\",\"contentUrl\":\"https:\\\/\\\/secure.gravatar.com\\\/avatar\\\/16a373ebacd5b4a7908eb9b55ce0623c12f93b525e8b3e089429e16c67cf2de0?s=96&d=mm&r=g\",\"caption\":\"Noticias No Face\"},\"sameAs\":[\"http:\\\/\\\/noticiasnoface.com.br\",\"https:\\\/\\\/www.facebook.com\\\/noticiasnf?mibextid=LQQJ4d\",\"https:\\\/\\\/www.instagram.com\\\/noticianoface?igsh=MWVvMXQ0MjA3cHY1aQ==\"],\"url\":\"https:\\\/\\\/noticiasnoface.com.br\\\/author\\\/marcostrigueiro\\\/\"}]}<\/script>\n<!-- \/ Yoast SEO plugin. -->","yoast_head_json":{"title":"Restaurante que dizia \u201cBOLSONARISTAS N\u00c3O S\u00c3O BEM VINDOS\u201d faliu em Curitiba - NOTICIAS NO FACE","robots":{"index":"index","follow":"follow","max-snippet":"max-snippet:-1","max-image-preview":"max-image-preview:large","max-video-preview":"max-video-preview:-1"},"canonical":"https:\/\/noticiasnoface.com.br\/index.php\/2024\/01\/09\/restaurante-que-dizia-bolsonaristas-nao-sao-bem-vindos-faliu-em-curitiba\/","og_locale":"pt_BR","og_type":"article","og_title":"Restaurante que dizia \u201cBOLSONARISTAS N\u00c3O S\u00c3O BEM VINDOS\u201d faliu em Curitiba - NOTICIAS NO FACE","og_url":"https:\/\/noticiasnoface.com.br\/index.php\/2024\/01\/09\/restaurante-que-dizia-bolsonaristas-nao-sao-bem-vindos-faliu-em-curitiba\/","og_site_name":"NOTICIAS NO FACE","article_publisher":"https:\/\/www.facebook.com\/profile.php?id=100012908593281","article_author":"https:\/\/www.facebook.com\/noticiasnf?mibextid=LQQJ4d","article_published_time":"2024-01-09T10:36:46+00:00","article_modified_time":"2024-01-09T10:36:47+00:00","og_image":[{"url":"https:\/\/noticiasnoface.com.br\/wp-content\/uploads\/2024\/01\/photo-output-1-3-1024x581.jpg","type":"","width":"","height":""}],"author":"Noticias No Face","twitter_card":"summary_large_image","twitter_misc":{"Escrito por":"Noticias No Face","Est. tempo de leitura":"1 minuto"},"schema":{"@context":"https:\/\/schema.org","@graph":[{"@type":"Article","@id":"https:\/\/noticiasnoface.com.br\/index.php\/2024\/01\/09\/restaurante-que-dizia-bolsonaristas-nao-sao-bem-vindos-faliu-em-curitiba\/#article","isPartOf":{"@id":"https:\/\/noticiasnoface.com.br\/index.php\/2024\/01\/09\/restaurante-que-dizia-bolsonaristas-nao-sao-bem-vindos-faliu-em-curitiba\/"},"author":{"name":"Noticias No Face","@id":"https:\/\/noticiasnoface.com.br\/#\/schema\/person\/6d6bb5e4ecce219cd6ecb0ec9e14d8f7"},"headline":"Restaurante que dizia \u201cBOLSONARISTAS N\u00c3O S\u00c3O BEM VINDOS\u201d faliu em Curitiba","datePublished":"2024-01-09T10:36:46+00:00","dateModified":"2024-01-09T10:36:47+00:00","mainEntityOfPage":{"@id":"https:\/\/noticiasnoface.com.br\/index.php\/2024\/01\/09\/restaurante-que-dizia-bolsonaristas-nao-sao-bem-vindos-faliu-em-curitiba\/"},"wordCount":167,"commentCount":0,"publisher":{"@id":"https:\/\/noticiasnoface.com.br\/#organization"},"image":{"@id":"https:\/\/noticiasnoface.com.br\/index.php\/2024\/01\/09\/restaurante-que-dizia-bolsonaristas-nao-sao-bem-vindos-faliu-em-curitiba\/#primaryimage"},"thumbnailUrl":"https:\/\/noticiasnoface.com.br\/wp-content\/uploads\/2024\/01\/photo-output-1-3-1024x581.jpg","articleSection":["ACONTECEU"],"inLanguage":"pt-BR","potentialAction":[{"@type":"CommentAction","name":"Comment","target":["https:\/\/noticiasnoface.com.br\/index.php\/2024\/01\/09\/restaurante-que-dizia-bolsonaristas-nao-sao-bem-vindos-faliu-em-curitiba\/#respond"]}]},{"@type":"WebPage","@id":"https:\/\/noticiasnoface.com.br\/index.php\/2024\/01\/09\/restaurante-que-dizia-bolsonaristas-nao-sao-bem-vindos-faliu-em-curitiba\/","url":"https:\/\/noticiasnoface.com.br\/index.php\/2024\/01\/09\/restaurante-que-dizia-bolsonaristas-nao-sao-bem-vindos-faliu-em-curitiba\/","name":"Restaurante que dizia \u201cBOLSONARISTAS N\u00c3O S\u00c3O BEM VINDOS\u201d faliu em Curitiba - NOTICIAS NO FACE","isPartOf":{"@id":"https:\/\/noticiasnoface.com.br\/#website"},"primaryImageOfPage":{"@id":"https:\/\/noticiasnoface.com.br\/index.php\/2024\/01\/09\/restaurante-que-dizia-bolsonaristas-nao-sao-bem-vindos-faliu-em-curitiba\/#primaryimage"},"image":{"@id":"https:\/\/noticiasnoface.com.br\/index.php\/2024\/01\/09\/restaurante-que-dizia-bolsonaristas-nao-sao-bem-vindos-faliu-em-curitiba\/#primaryimage"},"thumbnailUrl":"https:\/\/noticiasnoface.com.br\/wp-content\/uploads\/2024\/01\/photo-output-1-3-1024x581.jpg","datePublished":"2024-01-09T10:36:46+00:00","dateModified":"2024-01-09T10:36:47+00:00","breadcrumb":{"@id":"https:\/\/noticiasnoface.com.br\/index.php\/2024\/01\/09\/restaurante-que-dizia-bolsonaristas-nao-sao-bem-vindos-faliu-em-curitiba\/#breadcrumb"},"inLanguage":"pt-BR","potentialAction":[{"@type":"ReadAction","target":["https:\/\/noticiasnoface.com.br\/index.php\/2024\/01\/09\/restaurante-que-dizia-bolsonaristas-nao-sao-bem-vindos-faliu-em-curitiba\/"]}]},{"@type":"ImageObject","inLanguage":"pt-BR","@id":"https:\/\/noticiasnoface.com.br\/index.php\/2024\/01\/09\/restaurante-que-dizia-bolsonaristas-nao-sao-bem-vindos-faliu-em-curitiba\/#primaryimage","url":"https:\/\/noticiasnoface.com.br\/wp-content\/uploads\/2024\/01\/photo-output-1-3.jpg","contentUrl":"https:\/\/noticiasnoface.com.br\/wp-content\/uploads\/2024\/01\/photo-output-1-3.jpg","width":2000,"height":1135},{"@type":"BreadcrumbList","@id":"https:\/\/noticiasnoface.com.br\/index.php\/2024\/01\/09\/restaurante-que-dizia-bolsonaristas-nao-sao-bem-vindos-faliu-em-curitiba\/#breadcrumb","itemListElement":[{"@type":"ListItem","position":1,"name":"In\u00edcio","item":"https:\/\/noticiasnoface.com.br\/"},{"@type":"ListItem","position":2,"name":"Restaurante que dizia \u201cBOLSONARISTAS N\u00c3O S\u00c3O BEM VINDOS\u201d faliu em Curitiba"}]},{"@type":"WebSite","@id":"https:\/\/noticiasnoface.com.br\/#website","url":"https:\/\/noticiasnoface.com.br\/","name":"Noticias No Face","description":"NNF","publisher":{"@id":"https:\/\/noticiasnoface.com.br\/#organization"},"potentialAction":[{"@type":"SearchAction","target":{"@type":"EntryPoint","urlTemplate":"https:\/\/noticiasnoface.com.br\/?s={search_term_string}"},"query-input":{"@type":"PropertyValueSpecification","valueRequired":true,"valueName":"search_term_string"}}],"inLanguage":"pt-BR"},{"@type":"Organization","@id":"https:\/\/noticiasnoface.com.br\/#organization","name":"Noticias no face","url":"https:\/\/noticiasnoface.com.br\/","logo":{"@type":"ImageObject","inLanguage":"pt-BR","@id":"https:\/\/noticiasnoface.com.br\/#\/schema\/logo\/image\/","url":"https:\/\/noticiasnoface.com.br\/wp-content\/uploads\/2024\/03\/FB_IMG_1627525396589_Original.jpeg","contentUrl":"https:\/\/noticiasnoface.com.br\/wp-content\/uploads\/2024\/03\/FB_IMG_1627525396589_Original.jpeg","width":1304,"height":1285,"caption":"Noticias no face"},"image":{"@id":"https:\/\/noticiasnoface.com.br\/#\/schema\/logo\/image\/"},"sameAs":["https:\/\/www.facebook.com\/profile.php?id=100012908593281","https:\/\/www.instagram.com\/noticianoface?igsh=MWVvMXQ0MjA3cHY1aQ==","https:\/\/www.threads.net\/@noticiasnoface"]},{"@type":"Person","@id":"https:\/\/noticiasnoface.com.br\/#\/schema\/person\/6d6bb5e4ecce219cd6ecb0ec9e14d8f7","name":"Noticias No Face","image":{"@type":"ImageObject","inLanguage":"pt-BR","@id":"https:\/\/secure.gravatar.com\/avatar\/16a373ebacd5b4a7908eb9b55ce0623c12f93b525e8b3e089429e16c67cf2de0?s=96&d=mm&r=g","url":"https:\/\/secure.gravatar.com\/avatar\/16a373ebacd5b4a7908eb9b55ce0623c12f93b525e8b3e089429e16c67cf2de0?s=96&d=mm&r=g","contentUrl":"https:\/\/secure.gravatar.com\/avatar\/16a373ebacd5b4a7908eb9b55ce0623c12f93b525e8b3e089429e16c67cf2de0?s=96&d=mm&r=g","caption":"Noticias No Face"},"sameAs":["http:\/\/noticiasnoface.com.br","https:\/\/www.facebook.com\/noticiasnf?mibextid=LQQJ4d","https:\/\/www.instagram.com\/noticianoface?igsh=MWVvMXQ0MjA3cHY1aQ=="],"url":"https:\/\/noticiasnoface.com.br\/author\/marcostrigueiro\/"}]}},"_links":{"self":[{"href":"https:\/\/noticiasnoface.com.br\/index.php\/wp-json\/wp\/v2\/posts\/21140","targetHints":{"allow":["GET"]}}],"collection":[{"href":"https:\/\/noticiasnoface.com.br\/index.php\/wp-json\/wp\/v2\/posts"}],"about":[{"href":"https:\/\/noticiasnoface.com.br\/index.php\/wp-json\/wp\/v2\/types\/post"}],"author":[{"embeddable":true,"href":"https:\/\/noticiasnoface.com.br\/index.php\/wp-json\/wp\/v2\/users\/1"}],"replies":[{"embeddable":true,"href":"https:\/\/noticiasnoface.com.br\/index.php\/wp-json\/wp\/v2\/comments?post=21140"}],"version-history":[{"count":1,"href":"https:\/\/noticiasnoface.com.br\/index.php\/wp-json\/wp\/v2\/posts\/21140\/revisions"}],"predecessor-version":[{"id":21141,"href":"https:\/\/noticiasnoface.com.br\/index.php\/wp-json\/wp\/v2\/posts\/21140\/revisions\/21141"}],"wp:attachment":[{"href":"https:\/\/noticiasnoface.com.br\/index.php\/wp-json\/wp\/v2\/media?parent=21140"}],"wp:term":[{"taxonomy":"category","embeddable":true,"href":"https:\/\/noticiasnoface.com.br\/index.php\/wp-json\/wp\/v2\/categories?post=21140"},{"taxonomy":"post_tag","embeddable":true,"href":"https:\/\/noticiasnoface.com.br\/index.php\/wp-json\/wp\/v2\/tags?post=21140"}],"curies":[{"name":"wp","href":"https:\/\/api.w.org\/{rel}","templated":true}]}}