{"id":21392,"date":"2024-01-24T11:55:31","date_gmt":"2024-01-24T14:55:31","guid":{"rendered":"https:\/\/noticiasnoface.com.br\/?p=21392"},"modified":"2024-01-24T11:55:40","modified_gmt":"2024-01-24T14:55:40","slug":"luiz-almir-nao-sera-candidato-a-prefeito-de-natal","status":"publish","type":"post","link":"https:\/\/noticiasnoface.com.br\/index.php\/2024\/01\/24\/luiz-almir-nao-sera-candidato-a-prefeito-de-natal\/","title":{"rendered":"Luiz Almir n\u00e3o ser\u00e1 candidato a prefeito de Natal"},"content":{"rendered":"\n<figure class=\"wp-block-image size-large\"><img data-opt-id=2000903858  fetchpriority=\"high\" decoding=\"async\" width=\"1024\" height=\"679\" src=\"https:\/\/mlbfrsat7ahr.i.optimole.com\/w:1024\/h:679\/q:mauto\/ig:avif\/https:\/\/noticiasnoface.com.br\/wp-content\/uploads\/2024\/01\/photo-output-4-1.jpg\" class=\"wp-image-21391\" srcset=\"https:\/\/mlbfrsat7ahr.i.optimole.com\/w:1024\/h:679\/q:mauto\/ig:avif\/https:\/\/noticiasnoface.com.br\/wp-content\/uploads\/2024\/01\/photo-output-4-1.jpg 1024w, https:\/\/mlbfrsat7ahr.i.optimole.com\/w:300\/h:199\/q:mauto\/ig:avif\/https:\/\/noticiasnoface.com.br\/wp-content\/uploads\/2024\/01\/photo-output-4-1.jpg 300w, https:\/\/mlbfrsat7ahr.i.optimole.com\/w:768\/h:509\/q:mauto\/ig:avif\/https:\/\/noticiasnoface.com.br\/wp-content\/uploads\/2024\/01\/photo-output-4-1.jpg 768w, https:\/\/mlbfrsat7ahr.i.optimole.com\/w:1536\/h:1018\/q:mauto\/ig:avif\/https:\/\/noticiasnoface.com.br\/wp-content\/uploads\/2024\/01\/photo-output-4-1.jpg 1536w, https:\/\/mlbfrsat7ahr.i.optimole.com\/w:1628\/h:1080\/q:mauto\/ig:avif\/https:\/\/noticiasnoface.com.br\/wp-content\/uploads\/2024\/01\/photo-output-4-1.jpg 2000w\" sizes=\"(max-width: 1000px) 100vw, 1000px\" \/><figcaption class=\"wp-element-caption\">O Ex-deputado, Ex-vereador, Jornalista e Comunicador Luiz Almir n\u00e3o ser\u00e1 candidato nas elei\u00e7\u00f5es de 2024.<br>Anunciado pelo Avante como pr\u00e9-candidato, Luiz Almir desistiu das postula\u00e7\u00f5es e continuar\u00e1 dedicado ao jornalismo na 96 FM e na Band RN onde \u00e9 l\u00edder de audi\u00eancia.<br><br>A  intensa carreira na TV e no R\u00e1dio e da necessidade de cuidar da fam\u00edlia, foram fatores determinantes. <br>A desist\u00eancia ser\u00e1 anunciada em seu programa na Band e est\u00e1 sendo antecipada pelo Blog em virtude de uma reuni\u00e3o que tivemos h\u00e1 poucos instantes.<\/figcaption><\/figure>\n","protected":false},"excerpt":{"rendered":"","protected":false},"author":1,"featured_media":0,"comment_status":"open","ping_status":"open","sticky":false,"template":"","format":"standard","meta":{"site-sidebar-layout":"default","site-content-layout":"","ast-site-content-layout":"default","site-content-style":"default","site-sidebar-style":"default","ast-global-header-display":"","ast-banner-title-visibility":"","ast-main-header-display":"","ast-hfb-above-header-display":"","ast-hfb-below-header-display":"","ast-hfb-mobile-header-display":"","site-post-title":"","ast-breadcrumbs-content":"","ast-featured-img":"","footer-sml-layout":"","ast-disable-related-posts":"","theme-transparent-header-meta":"","adv-header-id-meta":"","stick-header-meta":"","header-above-stick-meta":"","header-main-stick-meta":"","header-below-stick-meta":"","astra-migrate-meta-layouts":"default","ast-page-background-enabled":"default","ast-page-background-meta":{"desktop":{"background-color":"var(--ast-global-color-4)","background-image":"","background-repeat":"repeat","background-position":"center center","background-size":"auto","background-attachment":"scroll","background-type":"","background-media":"","overlay-type":"","overlay-color":"","overlay-opacity":"","overlay-gradient":""},"tablet":{"background-color":"","background-image":"","background-repeat":"repeat","background-position":"center center","background-size":"auto","background-attachment":"scroll","background-type":"","background-media":"","overlay-type":"","overlay-color":"","overlay-opacity":"","overlay-gradient":""},"mobile":{"background-color":"","background-image":"","background-repeat":"repeat","background-position":"center center","background-size":"auto","background-attachment":"scroll","background-type":"","background-media":"","overlay-type":"","overlay-color":"","overlay-opacity":"","overlay-gradient":""}},"ast-content-background-meta":{"desktop":{"background-color":"var(--ast-global-color-5)","background-image":"","background-repeat":"repeat","background-position":"center center","background-size":"auto","background-attachment":"scroll","background-type":"","background-media":"","overlay-type":"","overlay-color":"","overlay-opacity":"","overlay-gradient":""},"tablet":{"background-color":"var(--ast-global-color-5)","background-image":"","background-repeat":"repeat","background-position":"center center","background-size":"auto","background-attachment":"scroll","background-type":"","background-media":"","overlay-type":"","overlay-color":"","overlay-opacity":"","overlay-gradient":""},"mobile":{"background-color":"var(--ast-global-color-5)","background-image":"","background-repeat":"repeat","background-position":"center center","background-size":"auto","background-attachment":"scroll","background-type":"","background-media":"","overlay-type":"","overlay-color":"","overlay-opacity":"","overlay-gradient":""}},"footnotes":""},"categories":[517],"tags":[1011,2883,1613,566],"class_list":["post-21392","post","type-post","status-publish","format-standard","hentry","category-aconteceu","tag-candidato","tag-eleicoes-2024","tag-luiz-almir","tag-prefeitura-de-natal"],"_links":{"self":[{"href":"https:\/\/noticiasnoface.com.br\/index.php\/wp-json\/wp\/v2\/posts\/21392","targetHints":{"allow":["GET"]}}],"collection":[{"href":"https:\/\/noticiasnoface.com.br\/index.php\/wp-json\/wp\/v2\/posts"}],"about":[{"href":"https:\/\/noticiasnoface.com.br\/index.php\/wp-json\/wp\/v2\/types\/post"}],"author":[{"embeddable":true,"href":"https:\/\/noticiasnoface.com.br\/index.php\/wp-json\/wp\/v2\/users\/1"}],"replies":[{"embeddable":true,"href":"https:\/\/noticiasnoface.com.br\/index.php\/wp-json\/wp\/v2\/comments?post=21392"}],"version-history":[{"count":1,"href":"https:\/\/noticiasnoface.com.br\/index.php\/wp-json\/wp\/v2\/posts\/21392\/revisions"}],"predecessor-version":[{"id":21393,"href":"https:\/\/noticiasnoface.com.br\/index.php\/wp-json\/wp\/v2\/posts\/21392\/revisions\/21393"}],"wp:attachment":[{"href":"https:\/\/noticiasnoface.com.br\/index.php\/wp-json\/wp\/v2\/media?parent=21392"}],"wp:term":[{"taxonomy":"category","embeddable":true,"href":"https:\/\/noticiasnoface.com.br\/index.php\/wp-json\/wp\/v2\/categories?post=21392"},{"taxonomy":"post_tag","embeddable":true,"href":"https:\/\/noticiasnoface.com.br\/index.php\/wp-json\/wp\/v2\/tags?post=21392"}],"curies":[{"name":"wp","href":"https:\/\/api.w.org\/{rel}","templated":true}]}}