{"id":21437,"date":"2024-01-29T08:12:24","date_gmt":"2024-01-29T11:12:24","guid":{"rendered":"https:\/\/noticiasnoface.com.br\/?p=21437"},"modified":"2024-01-29T08:12:25","modified_gmt":"2024-01-29T11:12:25","slug":"carlos-bolsonaro-e-alvo-da-policia-federal","status":"publish","type":"post","link":"https:\/\/noticiasnoface.com.br\/index.php\/2024\/01\/29\/carlos-bolsonaro-e-alvo-da-policia-federal\/","title":{"rendered":"Carlos Bolsonaro \u00e9 alvo da pol\u00edcia federal"},"content":{"rendered":"\n<figure class=\"wp-block-image size-large\"><img data-opt-id=1783634064  fetchpriority=\"high\" decoding=\"async\" width=\"1227\" height=\"1246\" src=\"https:\/\/mlbfrsat7ahr.i.optimole.com\/w:auto\/h:auto\/q:mauto\/ig:avif\/https:\/\/noticiasnoface.com.br\/wp-content\/uploads\/2023\/11\/image-1.jpg\" alt=\"\" class=\"wp-image-20524\" srcset=\"https:\/\/mlbfrsat7ahr.i.optimole.com\/w:1063\/h:1080\/q:mauto\/ig:avif\/https:\/\/noticiasnoface.com.br\/wp-content\/uploads\/2023\/11\/image-1.jpg 1227w, https:\/\/mlbfrsat7ahr.i.optimole.com\/w:295\/h:300\/q:mauto\/ig:avif\/https:\/\/noticiasnoface.com.br\/wp-content\/uploads\/2023\/11\/image-1.jpg 295w, https:\/\/mlbfrsat7ahr.i.optimole.com\/w:1008\/h:1024\/q:mauto\/ig:avif\/https:\/\/noticiasnoface.com.br\/wp-content\/uploads\/2023\/11\/image-1.jpg 1008w, https:\/\/mlbfrsat7ahr.i.optimole.com\/w:768\/h:780\/q:mauto\/ig:avif\/https:\/\/noticiasnoface.com.br\/wp-content\/uploads\/2023\/11\/image-1.jpg 768w\" sizes=\"(max-width: 1000px) 100vw, 1000px\" \/><figcaption class=\"wp-element-caption\">Carlos Bolsonaro \u00e9 alvo da PF em nova fase de opera\u00e7\u00e3o sobre uso ilegal da Abin<br>29.jan.2024 \u00e0s 7h41<br>A Pol\u00edcia Federal cumpre na manh\u00e3 desta segunda-feira (29) mandados de busca e apreens\u00e3o para avan\u00e7ar na investiga\u00e7\u00e3o sobre a atua\u00e7\u00e3o da chamada &#8220;Abin Paralela&#8221; no governo de <a href=\"https:\/\/www1.folha.uol.com.br\/folha-topicos\/jair-bolsonaro\/\" target=\"_blank\" rel=\"noopener\">Jair Bolsonaro<\/a> (PL).<br>Um dos alvos \u00e9 <a href=\"https:\/\/www1.folha.uol.com.br\/folha-topicos\/carlos-bolsonaro\/\" target=\"_blank\" rel=\"noopener\">Carlos Bolsonaro<\/a>, vereador do Rio de Janeiro e filho do ex-presidente. Nessa nova a\u00e7\u00e3o, a PF mira pessoas que foram destinat\u00e1rias das informa\u00e7\u00f5es produzidas de forma ilegal pela ag\u00eancia de intelig\u00eancia do governo federal.<br>A\u00e7\u00e3o \u00e9 um desdobramento das opera\u00e7\u00f5es Vigil\u00e2ncia Aproximada, deflagrada pela Pol\u00edcia Federal na \u00faltima quinta-feira (25), e da \u00daltima Milha, realizada em outubro de 2023.<br>Ambas opera\u00e7\u00f5es envolvem o uso do software espi\u00e3o FirstMile pela <a href=\"https:\/\/www1.folha.uol.com.br\/folha-topicos\/abin\/\" target=\"_blank\" rel=\"noopener\">Abin<\/a> (Ag\u00eancia Brasileira de Intelig\u00eancia) e produ\u00e7\u00e3o de relat\u00f3rios de intelig\u00eancia no governo Bolsonaro.<br>A PF investiga se a ag\u00eancia utilizou o software de geolocaliza\u00e7\u00e3o e se produziu relat\u00f3rios sobre ministros do <a href=\"https:\/\/www1.folha.uol.com.br\/folha-topicos\/stf\/\" target=\"_blank\" rel=\"noopener\">STF<\/a>, pol\u00edticos e outros advers\u00e1rios do ex-presidente.<br>Na opera\u00e7\u00e3o da \u00faltima quinta (25), o foco principal foram policiais que atuavam na Abin, em especial no CIN (Centro de Intelig\u00eancia Nacional), estrutura criada durante a gest\u00e3o Bolsonaro. Ao todo, sete policiais federais foram alvos da a\u00e7\u00e3o. Foram expedidos mandados de busca e apreens\u00e3o inclusive contra <a href=\"https:\/\/www1.folha.uol.com.br\/poder\/2024\/01\/saiba-quem-e-alexandre-ramagem-alvo-da-pf-em-operacao-sobre-software-espiao.shtml\" target=\"_blank\" rel=\"noopener\">Alexandre Ramagem, diretor da ag\u00eancia<\/a> na \u00e9poca em que o uso ilegal do software teria ocorrido.<br>O CIN foi criado durante a gest\u00e3o de Ramagem e teria produzido relat\u00f3rios e utilizado do FirstMile em favor de interesses do governo Bolsonaro. Ramagem \u00e9 muito pr\u00f3ximo da fam\u00edlia Bolsonaro, em especial de Carlos Bolsonaro, alvo da PF nesta segunda-feira (29).<br>A liga\u00e7\u00e3o entre os dois foi um dos motivos de Ramagem ter seu nome barrado pelo ministro Alexandre de Moraes, do STF, para o comando da PF, em 2020. \u00c0 \u00e9poca, a rela\u00e7\u00e3o de amizade dos dois j\u00e1 era conhecia e os dois passaram juntos a festa da virada de ano de 2019 para 2020.<br>As suspeitas que vieram \u00e0 tona na opera\u00e7\u00e3o da semana passada causaram rea\u00e7\u00e3o pol\u00edtica em Bras\u00edlia, com a presidente do PT, <a href=\"https:\/\/www1.folha.uol.com.br\/folha-topicos\/gleisi-hoffmann\/\" target=\"_blank\" rel=\"noopener\">Gleisi Hoffmann,<\/a> falando em &#8220;um dos maiores esc\u00e2ndalos da hist\u00f3ria&#8221; e a &#8220;ponta de um novelo que envolveu dezenas de milhares de pessoas&#8221;.<br>Por outro lado, o caso deve causar ainda mais tens\u00e3o na rela\u00e7\u00e3o de parte do Congresso com o Supremo, j\u00e1 que foi a segunda opera\u00e7\u00e3o em pouco mais de uma semana com buscas dentro da sede do Legislativo.<br>Bolsonaristas tentam articular medidas para rever os poderes do STF na volta do recesso, em fevereiro, e dizem que h\u00e1 persegui\u00e7\u00e3o pol\u00edtica.<br>O deputado federal <a href=\"https:\/\/www1.folha.uol.com.br\/folha-topicos\/eduardo-bolsonaro\/\" target=\"_blank\" rel=\"noopener\">Eduardo Bolsonaro<\/a> (PL-SP) escreveu em rede social: &#8220;Mais um cap\u00edtulo da ditadura do Judici\u00e1rio. Cabe ao <a href=\"https:\/\/www1.folha.uol.com.br\/folha-topicos\/senado\/\" target=\"_blank\" rel=\"noopener\">Senado<\/a> brecar esta persegui\u00e7\u00e3o e preservar as liberdades&#8221;.<\/figcaption><\/figure>\n","protected":false},"excerpt":{"rendered":"","protected":false},"author":1,"featured_media":0,"comment_status":"open","ping_status":"open","sticky":false,"template":"","format":"standard","meta":{"site-sidebar-layout":"default","site-content-layout":"","ast-site-content-layout":"default","site-content-style":"default","site-sidebar-style":"default","ast-global-header-display":"","ast-banner-title-visibility":"","ast-main-header-display":"","ast-hfb-above-header-display":"","ast-hfb-below-header-display":"","ast-hfb-mobile-header-display":"","site-post-title":"","ast-breadcrumbs-content":"","ast-featured-img":"","footer-sml-layout":"","ast-disable-related-posts":"","theme-transparent-header-meta":"","adv-header-id-meta":"","stick-header-meta":"","header-above-stick-meta":"","header-main-stick-meta":"","header-below-stick-meta":"","astra-migrate-meta-layouts":"default","ast-page-background-enabled":"default","ast-page-background-meta":{"desktop":{"background-color":"var(--ast-global-color-4)","background-image":"","background-repeat":"repeat","background-position":"center center","background-size":"auto","background-attachment":"scroll","background-type":"","background-media":"","overlay-type":"","overlay-color":"","overlay-opacity":"","overlay-gradient":""},"tablet":{"background-color":"","background-image":"","background-repeat":"repeat","background-position":"center center","background-size":"auto","background-attachment":"scroll","background-type":"","background-media":"","overlay-type":"","overlay-color":"","overlay-opacity":"","overlay-gradient":""},"mobile":{"background-color":"","background-image":"","background-repeat":"repeat","background-position":"center center","background-size":"auto","background-attachment":"scroll","background-type":"","background-media":"","overlay-type":"","overlay-color":"","overlay-opacity":"","overlay-gradient":""}},"ast-content-background-meta":{"desktop":{"background-color":"var(--ast-global-color-5)","background-image":"","background-repeat":"repeat","background-position":"center center","background-size":"auto","background-attachment":"scroll","background-type":"","background-media":"","overlay-type":"","overlay-color":"","overlay-opacity":"","overlay-gradient":""},"tablet":{"background-color":"var(--ast-global-color-5)","background-image":"","background-repeat":"repeat","background-position":"center center","background-size":"auto","background-attachment":"scroll","background-type":"","background-media":"","overlay-type":"","overlay-color":"","overlay-opacity":"","overlay-gradient":""},"mobile":{"background-color":"var(--ast-global-color-5)","background-image":"","background-repeat":"repeat","background-position":"center center","background-size":"auto","background-attachment":"scroll","background-type":"","background-media":"","overlay-type":"","overlay-color":"","overlay-opacity":"","overlay-gradient":""}},"footnotes":""},"categories":[517],"tags":[3279,3271,720,409],"class_list":["post-21437","post","type-post","status-publish","format-standard","hentry","category-aconteceu","tag-abin","tag-alvo","tag-carlos-bolsonaro","tag-policia-federal"],"_links":{"self":[{"href":"https:\/\/noticiasnoface.com.br\/index.php\/wp-json\/wp\/v2\/posts\/21437","targetHints":{"allow":["GET"]}}],"collection":[{"href":"https:\/\/noticiasnoface.com.br\/index.php\/wp-json\/wp\/v2\/posts"}],"about":[{"href":"https:\/\/noticiasnoface.com.br\/index.php\/wp-json\/wp\/v2\/types\/post"}],"author":[{"embeddable":true,"href":"https:\/\/noticiasnoface.com.br\/index.php\/wp-json\/wp\/v2\/users\/1"}],"replies":[{"embeddable":true,"href":"https:\/\/noticiasnoface.com.br\/index.php\/wp-json\/wp\/v2\/comments?post=21437"}],"version-history":[{"count":1,"href":"https:\/\/noticiasnoface.com.br\/index.php\/wp-json\/wp\/v2\/posts\/21437\/revisions"}],"predecessor-version":[{"id":21438,"href":"https:\/\/noticiasnoface.com.br\/index.php\/wp-json\/wp\/v2\/posts\/21437\/revisions\/21438"}],"wp:attachment":[{"href":"https:\/\/noticiasnoface.com.br\/index.php\/wp-json\/wp\/v2\/media?parent=21437"}],"wp:term":[{"taxonomy":"category","embeddable":true,"href":"https:\/\/noticiasnoface.com.br\/index.php\/wp-json\/wp\/v2\/categories?post=21437"},{"taxonomy":"post_tag","embeddable":true,"href":"https:\/\/noticiasnoface.com.br\/index.php\/wp-json\/wp\/v2\/tags?post=21437"}],"curies":[{"name":"wp","href":"https:\/\/api.w.org\/{rel}","templated":true}]}}