{"id":21445,"date":"2024-01-29T20:31:59","date_gmt":"2024-01-29T23:31:59","guid":{"rendered":"https:\/\/noticiasnoface.com.br\/?p=21445"},"modified":"2024-01-29T20:32:00","modified_gmt":"2024-01-29T23:32:00","slug":"eriko-jacome-devolve-administracao-de-natal-ao-prefeito-alvaro-dias","status":"publish","type":"post","link":"https:\/\/noticiasnoface.com.br\/index.php\/2024\/01\/29\/eriko-jacome-devolve-administracao-de-natal-ao-prefeito-alvaro-dias\/","title":{"rendered":"Eriko J\u00e1come devolve administra\u00e7\u00e3o de Natal ao prefeito \u00c1lvaro Dias"},"content":{"rendered":"\n<figure class=\"wp-block-image size-large\"><img data-opt-id=731175722  fetchpriority=\"high\" decoding=\"async\" width=\"767\" height=\"1024\" src=\"https:\/\/mlbfrsat7ahr.i.optimole.com\/w:767\/h:1024\/q:mauto\/ig:avif\/https:\/\/noticiasnoface.com.br\/wp-content\/uploads\/2024\/01\/d67e0f91-9fcd-43a4-a792-418c5c7617e5-1.jpg\" class=\"wp-image-21444\" srcset=\"https:\/\/mlbfrsat7ahr.i.optimole.com\/w:767\/h:1024\/q:mauto\/ig:avif\/https:\/\/noticiasnoface.com.br\/wp-content\/uploads\/2024\/01\/d67e0f91-9fcd-43a4-a792-418c5c7617e5-1.jpg 767w, https:\/\/mlbfrsat7ahr.i.optimole.com\/w:225\/h:300\/q:mauto\/ig:avif\/https:\/\/noticiasnoface.com.br\/wp-content\/uploads\/2024\/01\/d67e0f91-9fcd-43a4-a792-418c5c7617e5-1.jpg 225w, https:\/\/mlbfrsat7ahr.i.optimole.com\/w:768\/h:1026\/q:mauto\/ig:avif\/https:\/\/noticiasnoface.com.br\/wp-content\/uploads\/2024\/01\/d67e0f91-9fcd-43a4-a792-418c5c7617e5-1.jpg 768w, https:\/\/mlbfrsat7ahr.i.optimole.com\/w:808\/h:1080\/q:mauto\/ig:avif\/https:\/\/noticiasnoface.com.br\/wp-content\/uploads\/2024\/01\/d67e0f91-9fcd-43a4-a792-418c5c7617e5-1.jpg 1150w, https:\/\/mlbfrsat7ahr.i.optimole.com\/w:808\/h:1080\/q:mauto\/ig:avif\/https:\/\/noticiasnoface.com.br\/wp-content\/uploads\/2024\/01\/d67e0f91-9fcd-43a4-a792-418c5c7617e5-1.jpg 1198w\" sizes=\"(max-width: 767px) 100vw, 767px\" \/><figcaption class=\"wp-element-caption\"><em>Eriko J\u00e1come devolve administra\u00e7\u00e3o de Natal ao prefeito \u00c1lvaro Dias<\/em><br>Na tarde desta segunda-feira (29), o presidente da C\u00e2mara Municipal, Eriko J\u00e1come, que assumiu interinamente a prefeitura, assinou o termo que reconduz a administra\u00e7\u00e3o da cidade ao prefeito \u00c1lvaro Dias. Este gesto simb\u00f3lico marca o t\u00e9rmino de um per\u00edodo em que Eriko J\u00e1come esteve \u00e0 frente da gest\u00e3o municipal.<br>O prefeito \u00c1lvaro Dias expressou sua satisfa\u00e7\u00e3o com o trabalho realizado por Eriko durante sua aus\u00eancia, reconhecendo a efic\u00e1cia e o comprometimento do presidente da C\u00e2mara em sua gest\u00e3o interina. Esta n\u00e3o \u00e9 a primeira vez que \u00c1lvaro Dias confia a administra\u00e7\u00e3o da cidade a Eriko J\u00e1come, refor\u00e7ando a rela\u00e7\u00e3o de confian\u00e7a e respeito m\u00fatuo entre os l\u00edderes pol\u00edticos.<br>&#8220;Gostaria de expressar minha profunda gratid\u00e3o pela oportunidade de servir a cidade de Natal como prefeito interino. Foi uma experi\u00eancia incr\u00edvel e enriquecedora, que me permitiu contribuir ainda mais para o bem-estar da nossa cidade. Estou orgulhoso do trabalho que realizamos juntos e agrade\u00e7o a confian\u00e7a depositada em mim pelo prefeito \u00c1lvaro Dias&#8221;<\/figcaption><\/figure>\n","protected":false},"excerpt":{"rendered":"","protected":false},"author":1,"featured_media":0,"comment_status":"open","ping_status":"open","sticky":false,"template":"","format":"standard","meta":{"site-sidebar-layout":"default","site-content-layout":"","ast-site-content-layout":"default","site-content-style":"default","site-sidebar-style":"default","ast-global-header-display":"","ast-banner-title-visibility":"","ast-main-header-display":"","ast-hfb-above-header-display":"","ast-hfb-below-header-display":"","ast-hfb-mobile-header-display":"","site-post-title":"","ast-breadcrumbs-content":"","ast-featured-img":"","footer-sml-layout":"","ast-disable-related-posts":"","theme-transparent-header-meta":"","adv-header-id-meta":"","stick-header-meta":"","header-above-stick-meta":"","header-main-stick-meta":"","header-below-stick-meta":"","astra-migrate-meta-layouts":"default","ast-page-background-enabled":"default","ast-page-background-meta":{"desktop":{"background-color":"var(--ast-global-color-4)","background-image":"","background-repeat":"repeat","background-position":"center center","background-size":"auto","background-attachment":"scroll","background-type":"","background-media":"","overlay-type":"","overlay-color":"","overlay-opacity":"","overlay-gradient":""},"tablet":{"background-color":"","background-image":"","background-repeat":"repeat","background-position":"center center","background-size":"auto","background-attachment":"scroll","background-type":"","background-media":"","overlay-type":"","overlay-color":"","overlay-opacity":"","overlay-gradient":""},"mobile":{"background-color":"","background-image":"","background-repeat":"repeat","background-position":"center center","background-size":"auto","background-attachment":"scroll","background-type":"","background-media":"","overlay-type":"","overlay-color":"","overlay-opacity":"","overlay-gradient":""}},"ast-content-background-meta":{"desktop":{"background-color":"var(--ast-global-color-5)","background-image":"","background-repeat":"repeat","background-position":"center center","background-size":"auto","background-attachment":"scroll","background-type":"","background-media":"","overlay-type":"","overlay-color":"","overlay-opacity":"","overlay-gradient":""},"tablet":{"background-color":"var(--ast-global-color-5)","background-image":"","background-repeat":"repeat","background-position":"center center","background-size":"auto","background-attachment":"scroll","background-type":"","background-media":"","overlay-type":"","overlay-color":"","overlay-opacity":"","overlay-gradient":""},"mobile":{"background-color":"var(--ast-global-color-5)","background-image":"","background-repeat":"repeat","background-position":"center center","background-size":"auto","background-attachment":"scroll","background-type":"","background-media":"","overlay-type":"","overlay-color":"","overlay-opacity":"","overlay-gradient":""}},"footnotes":""},"categories":[517],"tags":[2471,2557,566],"class_list":["post-21445","post","type-post","status-publish","format-standard","hentry","category-aconteceu","tag-eriko-jacome","tag-prefeito-alvaro-dias","tag-prefeitura-de-natal"],"_links":{"self":[{"href":"https:\/\/noticiasnoface.com.br\/index.php\/wp-json\/wp\/v2\/posts\/21445","targetHints":{"allow":["GET"]}}],"collection":[{"href":"https:\/\/noticiasnoface.com.br\/index.php\/wp-json\/wp\/v2\/posts"}],"about":[{"href":"https:\/\/noticiasnoface.com.br\/index.php\/wp-json\/wp\/v2\/types\/post"}],"author":[{"embeddable":true,"href":"https:\/\/noticiasnoface.com.br\/index.php\/wp-json\/wp\/v2\/users\/1"}],"replies":[{"embeddable":true,"href":"https:\/\/noticiasnoface.com.br\/index.php\/wp-json\/wp\/v2\/comments?post=21445"}],"version-history":[{"count":1,"href":"https:\/\/noticiasnoface.com.br\/index.php\/wp-json\/wp\/v2\/posts\/21445\/revisions"}],"predecessor-version":[{"id":21446,"href":"https:\/\/noticiasnoface.com.br\/index.php\/wp-json\/wp\/v2\/posts\/21445\/revisions\/21446"}],"wp:attachment":[{"href":"https:\/\/noticiasnoface.com.br\/index.php\/wp-json\/wp\/v2\/media?parent=21445"}],"wp:term":[{"taxonomy":"category","embeddable":true,"href":"https:\/\/noticiasnoface.com.br\/index.php\/wp-json\/wp\/v2\/categories?post=21445"},{"taxonomy":"post_tag","embeddable":true,"href":"https:\/\/noticiasnoface.com.br\/index.php\/wp-json\/wp\/v2\/tags?post=21445"}],"curies":[{"name":"wp","href":"https:\/\/api.w.org\/{rel}","templated":true}]}}