{"id":21463,"date":"2024-01-30T22:25:31","date_gmt":"2024-01-31T01:25:31","guid":{"rendered":"https:\/\/noticiasnoface.com.br\/?p=21463"},"modified":"2024-01-30T22:25:32","modified_gmt":"2024-01-31T01:25:32","slug":"tre-marca-dia-da-cassacao-de-sergio-moro-19-de-fevereiro","status":"publish","type":"post","link":"https:\/\/noticiasnoface.com.br\/index.php\/2024\/01\/30\/tre-marca-dia-da-cassacao-de-sergio-moro-19-de-fevereiro\/","title":{"rendered":"TRE marca dia da cassa\u00e7\u00e3o de S\u00e9rgio Moro, 19 de fevereiro"},"content":{"rendered":"\n<figure class=\"wp-block-image size-large\"><img data-opt-id=1783634064  fetchpriority=\"high\" decoding=\"async\" width=\"1227\" height=\"1246\" src=\"https:\/\/mlbfrsat7ahr.i.optimole.com\/w:auto\/h:auto\/q:mauto\/ig:avif\/https:\/\/noticiasnoface.com.br\/wp-content\/uploads\/2023\/11\/image-1.jpg\" alt=\"\" class=\"wp-image-20524\" srcset=\"https:\/\/mlbfrsat7ahr.i.optimole.com\/w:1063\/h:1080\/q:mauto\/ig:avif\/https:\/\/noticiasnoface.com.br\/wp-content\/uploads\/2023\/11\/image-1.jpg 1227w, https:\/\/mlbfrsat7ahr.i.optimole.com\/w:295\/h:300\/q:mauto\/ig:avif\/https:\/\/noticiasnoface.com.br\/wp-content\/uploads\/2023\/11\/image-1.jpg 295w, https:\/\/mlbfrsat7ahr.i.optimole.com\/w:1008\/h:1024\/q:mauto\/ig:avif\/https:\/\/noticiasnoface.com.br\/wp-content\/uploads\/2023\/11\/image-1.jpg 1008w, https:\/\/mlbfrsat7ahr.i.optimole.com\/w:768\/h:780\/q:mauto\/ig:avif\/https:\/\/noticiasnoface.com.br\/wp-content\/uploads\/2023\/11\/image-1.jpg 768w\" sizes=\"(max-width: 1000px) 100vw, 1000px\" \/><figcaption class=\"wp-element-caption\">TRE-PR marca julgamento de cassa\u00e7\u00e3o de mandato de Moro<br>O Tribunal Regional Eleitoral do Paran\u00e1 marcou a data do julgamento de cassa\u00e7\u00e3o do mandato do senador Sergio Moro (Uni\u00e3o Brasil-PR; foto).<br>A data \u00e9 19 de fevereiro.<br>O agendamento vem na esteira da decis\u00e3o do desembargador da Justi\u00e7a Eleitoral do Paran\u00e1 <strong><a href=\"https:\/\/oantagonista.com.br\/brasil\/suspense-para-o-julgamento-de-moro-no-parana\/\" target=\"_blank\" rel=\"noreferrer noopener\">Luciano Carrasco Falavinha<\/a><\/strong> pela a inclus\u00e3o na pauta do julgamento da corte das duas a\u00e7\u00f5es que podem levar \u00e0 cassa\u00e7\u00e3o do mandado do senador <strong><a href=\"https:\/\/www.youtube.com\/watch?v=d6HWB1fC32w\" target=\"_blank\" rel=\"noreferrer noopener\">S\u00e9rgio Moro<\/a><\/strong> (Uni\u00e3o-PR).<br><em>\u201cInclua-se em pauta para julgamento na primeira data poss\u00edvel\u201d<\/em>, escreveu o seu desembargador no despacho.<br>Caber\u00e1 agora ao Tribunal Regional Eleitoral do Paran\u00e1 definir a data de julgamento.<br>Mudan\u00e7as<br>Mudan\u00e7as na corte paranaense, entretanto, podem atrasar essa defini\u00e7\u00e3o.<br>O juiz Thiago Paiva se aposentou na semana passada, mas ainda n\u00e3o foi definido o seu sucessor. Para a an\u00e1lise de processos envolvendo pedidos de cassa\u00e7\u00e3o, o tribunal precisa ter o qu\u00f3rum completo, conforme determina o C\u00f3digo Eleitoral.<br>Uma dia antes da aposentadoria de Paiva, o ministro Alexandre de Moraes, como presidente do Tribunal Superior Eleitoral (TSE), determinou a <strong><a href=\"https:\/\/oantagonista.com.br\/brasil\/a-urgencia-de-moraes-para-o-julgamento-de-moro\/\" target=\"_blank\" rel=\"noreferrer noopener\">tramita\u00e7\u00e3o em regime de urg\u00eancia da lista tr\u00edplice <\/a><\/strong>para preenchimento da vaga de juiz titular do TRE-PR.<br>Esta lista, por\u00e9m ainda precisa ser submetida ao pleno do TSE para depois ser remetida ao presidente Lula, a quem caber\u00e1 definir o nome do escolhido.<br>MP pede a cassa\u00e7\u00e3o de Moro<br>O Minist\u00e9rio P\u00fablico Eleitoral do Paran\u00e1 (MPE-PR) manifestou-se a favor da acolhida parcial da a\u00e7\u00e3o eleitoral movida pelo PL e pelo PT que pede a <strong><a href=\"https:\/\/oantagonista.com.br\/brasil\/mp-acata-parcialmente-acao-que-pede-cassacao-de-moro\/\" target=\"_blank\" rel=\"noopener\">cassa\u00e7\u00e3o do mandato do senador S\u00e9rgio Moro (Uni\u00e3o-PR)<\/a>.<\/strong><br>A alega\u00e7\u00e3o dos partidos \u00e9 de que Moro teria cometido abuso de poder econ\u00f4mico durante sua pr\u00e9-campanha para as elei\u00e7\u00f5es gerais de 2022.<\/figcaption><\/figure>\n","protected":false},"excerpt":{"rendered":"","protected":false},"author":1,"featured_media":0,"comment_status":"open","ping_status":"open","sticky":false,"template":"","format":"standard","meta":{"site-sidebar-layout":"default","site-content-layout":"","ast-site-content-layout":"default","site-content-style":"default","site-sidebar-style":"default","ast-global-header-display":"","ast-banner-title-visibility":"","ast-main-header-display":"","ast-hfb-above-header-display":"","ast-hfb-below-header-display":"","ast-hfb-mobile-header-display":"","site-post-title":"","ast-breadcrumbs-content":"","ast-featured-img":"","footer-sml-layout":"","ast-disable-related-posts":"","theme-transparent-header-meta":"","adv-header-id-meta":"","stick-header-meta":"","header-above-stick-meta":"","header-main-stick-meta":"","header-below-stick-meta":"","astra-migrate-meta-layouts":"default","ast-page-background-enabled":"default","ast-page-background-meta":{"desktop":{"background-color":"var(--ast-global-color-4)","background-image":"","background-repeat":"repeat","background-position":"center center","background-size":"auto","background-attachment":"scroll","background-type":"","background-media":"","overlay-type":"","overlay-color":"","overlay-opacity":"","overlay-gradient":""},"tablet":{"background-color":"","background-image":"","background-repeat":"repeat","background-position":"center center","background-size":"auto","background-attachment":"scroll","background-type":"","background-media":"","overlay-type":"","overlay-color":"","overlay-opacity":"","overlay-gradient":""},"mobile":{"background-color":"","background-image":"","background-repeat":"repeat","background-position":"center center","background-size":"auto","background-attachment":"scroll","background-type":"","background-media":"","overlay-type":"","overlay-color":"","overlay-opacity":"","overlay-gradient":""}},"ast-content-background-meta":{"desktop":{"background-color":"var(--ast-global-color-5)","background-image":"","background-repeat":"repeat","background-position":"center center","background-size":"auto","background-attachment":"scroll","background-type":"","background-media":"","overlay-type":"","overlay-color":"","overlay-opacity":"","overlay-gradient":""},"tablet":{"background-color":"var(--ast-global-color-5)","background-image":"","background-repeat":"repeat","background-position":"center center","background-size":"auto","background-attachment":"scroll","background-type":"","background-media":"","overlay-type":"","overlay-color":"","overlay-opacity":"","overlay-gradient":""},"mobile":{"background-color":"var(--ast-global-color-5)","background-image":"","background-repeat":"repeat","background-position":"center center","background-size":"auto","background-attachment":"scroll","background-type":"","background-media":"","overlay-type":"","overlay-color":"","overlay-opacity":"","overlay-gradient":""}},"footnotes":""},"categories":[517],"tags":[548,317,193,390,285],"class_list":["post-21463","post","type-post","status-publish","format-standard","hentry","category-aconteceu","tag-cassacao","tag-eleicoes","tag-senador","tag-sergio-moro","tag-tre"],"_links":{"self":[{"href":"https:\/\/noticiasnoface.com.br\/index.php\/wp-json\/wp\/v2\/posts\/21463","targetHints":{"allow":["GET"]}}],"collection":[{"href":"https:\/\/noticiasnoface.com.br\/index.php\/wp-json\/wp\/v2\/posts"}],"about":[{"href":"https:\/\/noticiasnoface.com.br\/index.php\/wp-json\/wp\/v2\/types\/post"}],"author":[{"embeddable":true,"href":"https:\/\/noticiasnoface.com.br\/index.php\/wp-json\/wp\/v2\/users\/1"}],"replies":[{"embeddable":true,"href":"https:\/\/noticiasnoface.com.br\/index.php\/wp-json\/wp\/v2\/comments?post=21463"}],"version-history":[{"count":1,"href":"https:\/\/noticiasnoface.com.br\/index.php\/wp-json\/wp\/v2\/posts\/21463\/revisions"}],"predecessor-version":[{"id":21464,"href":"https:\/\/noticiasnoface.com.br\/index.php\/wp-json\/wp\/v2\/posts\/21463\/revisions\/21464"}],"wp:attachment":[{"href":"https:\/\/noticiasnoface.com.br\/index.php\/wp-json\/wp\/v2\/media?parent=21463"}],"wp:term":[{"taxonomy":"category","embeddable":true,"href":"https:\/\/noticiasnoface.com.br\/index.php\/wp-json\/wp\/v2\/categories?post=21463"},{"taxonomy":"post_tag","embeddable":true,"href":"https:\/\/noticiasnoface.com.br\/index.php\/wp-json\/wp\/v2\/tags?post=21463"}],"curies":[{"name":"wp","href":"https:\/\/api.w.org\/{rel}","templated":true}]}}