{"id":21472,"date":"2024-01-31T15:23:46","date_gmt":"2024-01-31T18:23:46","guid":{"rendered":"https:\/\/noticiasnoface.com.br\/?p=21472"},"modified":"2024-01-31T15:26:27","modified_gmt":"2024-01-31T18:26:27","slug":"candidatura-de-joanna-nao-esta-definida-diz-alvaro-dias","status":"publish","type":"post","link":"https:\/\/noticiasnoface.com.br\/index.php\/2024\/01\/31\/candidatura-de-joanna-nao-esta-definida-diz-alvaro-dias\/","title":{"rendered":"Candidatura de Joanna esta firme, diz \u00c1lvaro Dias"},"content":{"rendered":"\n<figure class=\"wp-block-video\"><video height=\"1918\" style=\"aspect-ratio: 1080 \/ 1918;\" width=\"1080\" controls src=\"https:\/\/noticiasnoface.com.br\/wp-content\/uploads\/2024\/01\/copy_68f62a09-07f7-4eb5-91cf-9be762d38a54.mp4\"><\/video><figcaption class=\"wp-element-caption\">Na verdade de firme n\u00e3o tem nada.<br \/>Ah pobi da Joanna War est\u00e1 se reianu todinha p\u00e1 tentar ser candidata a prefeita de Natal, mas n\u00e3o decola. Vendo o baixo rendimento de WAR, o prefeito \u00c1lvaro Dias declarou que tem conversado com todos, incluindo Paulinho Freire e cabe\u00e7a de sonho de valsa. Achando pouco, \u00c1lvaro Dias tem uma conversa com General Gir\u00e3o amanh\u00e3. A pobi da Joanna est\u00e1 inconsol\u00e1vel \u2026<\/figcaption><\/figure>\n","protected":false},"excerpt":{"rendered":"","protected":false},"author":1,"featured_media":0,"comment_status":"open","ping_status":"open","sticky":false,"template":"","format":"standard","meta":{"site-sidebar-layout":"default","site-content-layout":"","ast-site-content-layout":"default","site-content-style":"default","site-sidebar-style":"default","ast-global-header-display":"","ast-banner-title-visibility":"","ast-main-header-display":"","ast-hfb-above-header-display":"","ast-hfb-below-header-display":"","ast-hfb-mobile-header-display":"","site-post-title":"","ast-breadcrumbs-content":"","ast-featured-img":"","footer-sml-layout":"","ast-disable-related-posts":"","theme-transparent-header-meta":"","adv-header-id-meta":"","stick-header-meta":"","header-above-stick-meta":"","header-main-stick-meta":"","header-below-stick-meta":"","astra-migrate-meta-layouts":"default","ast-page-background-enabled":"default","ast-page-background-meta":{"desktop":{"background-color":"var(--ast-global-color-4)","background-image":"","background-repeat":"repeat","background-position":"center center","background-size":"auto","background-attachment":"scroll","background-type":"","background-media":"","overlay-type":"","overlay-color":"","overlay-opacity":"","overlay-gradient":""},"tablet":{"background-color":"","background-image":"","background-repeat":"repeat","background-position":"center center","background-size":"auto","background-attachment":"scroll","background-type":"","background-media":"","overlay-type":"","overlay-color":"","overlay-opacity":"","overlay-gradient":""},"mobile":{"background-color":"","background-image":"","background-repeat":"repeat","background-position":"center center","background-size":"auto","background-attachment":"scroll","background-type":"","background-media":"","overlay-type":"","overlay-color":"","overlay-opacity":"","overlay-gradient":""}},"ast-content-background-meta":{"desktop":{"background-color":"var(--ast-global-color-5)","background-image":"","background-repeat":"repeat","background-position":"center center","background-size":"auto","background-attachment":"scroll","background-type":"","background-media":"","overlay-type":"","overlay-color":"","overlay-opacity":"","overlay-gradient":""},"tablet":{"background-color":"var(--ast-global-color-5)","background-image":"","background-repeat":"repeat","background-position":"center center","background-size":"auto","background-attachment":"scroll","background-type":"","background-media":"","overlay-type":"","overlay-color":"","overlay-opacity":"","overlay-gradient":""},"mobile":{"background-color":"var(--ast-global-color-5)","background-image":"","background-repeat":"repeat","background-position":"center center","background-size":"auto","background-attachment":"scroll","background-type":"","background-media":"","overlay-type":"","overlay-color":"","overlay-opacity":"","overlay-gradient":""}},"footnotes":""},"categories":[517],"tags":[192,3283,2557],"class_list":["post-21472","post","type-post","status-publish","format-standard","hentry","category-aconteceu","tag-eleicoes-2022","tag-joanna-guerra","tag-prefeito-alvaro-dias"],"_links":{"self":[{"href":"https:\/\/noticiasnoface.com.br\/index.php\/wp-json\/wp\/v2\/posts\/21472","targetHints":{"allow":["GET"]}}],"collection":[{"href":"https:\/\/noticiasnoface.com.br\/index.php\/wp-json\/wp\/v2\/posts"}],"about":[{"href":"https:\/\/noticiasnoface.com.br\/index.php\/wp-json\/wp\/v2\/types\/post"}],"author":[{"embeddable":true,"href":"https:\/\/noticiasnoface.com.br\/index.php\/wp-json\/wp\/v2\/users\/1"}],"replies":[{"embeddable":true,"href":"https:\/\/noticiasnoface.com.br\/index.php\/wp-json\/wp\/v2\/comments?post=21472"}],"version-history":[{"count":3,"href":"https:\/\/noticiasnoface.com.br\/index.php\/wp-json\/wp\/v2\/posts\/21472\/revisions"}],"predecessor-version":[{"id":21475,"href":"https:\/\/noticiasnoface.com.br\/index.php\/wp-json\/wp\/v2\/posts\/21472\/revisions\/21475"}],"wp:attachment":[{"href":"https:\/\/noticiasnoface.com.br\/index.php\/wp-json\/wp\/v2\/media?parent=21472"}],"wp:term":[{"taxonomy":"category","embeddable":true,"href":"https:\/\/noticiasnoface.com.br\/index.php\/wp-json\/wp\/v2\/categories?post=21472"},{"taxonomy":"post_tag","embeddable":true,"href":"https:\/\/noticiasnoface.com.br\/index.php\/wp-json\/wp\/v2\/tags?post=21472"}],"curies":[{"name":"wp","href":"https:\/\/api.w.org\/{rel}","templated":true}]}}