{"id":21483,"date":"2024-02-01T07:14:03","date_gmt":"2024-02-01T10:14:03","guid":{"rendered":"https:\/\/noticiasnoface.com.br\/?p=21483"},"modified":"2024-02-01T07:14:44","modified_gmt":"2024-02-01T10:14:44","slug":"mais-um-filho-pra-neymar","status":"publish","type":"post","link":"https:\/\/noticiasnoface.com.br\/index.php\/2024\/02\/01\/mais-um-filho-pra-neymar\/","title":{"rendered":"Mais um filho pra Neymar"},"content":{"rendered":"\n<figure class=\"wp-block-image size-large\"><img data-opt-id=777449515  fetchpriority=\"high\" decoding=\"async\" width=\"1024\" height=\"611\" src=\"https:\/\/mlbfrsat7ahr.i.optimole.com\/w:1024\/h:611\/q:mauto\/ig:avif\/https:\/\/noticiasnoface.com.br\/wp-content\/uploads\/2024\/02\/photo-output-2.jpg\" alt=\"\" class=\"wp-image-21482\" srcset=\"https:\/\/mlbfrsat7ahr.i.optimole.com\/w:1024\/h:611\/q:mauto\/ig:avif\/https:\/\/noticiasnoface.com.br\/wp-content\/uploads\/2024\/02\/photo-output-2.jpg 1024w, https:\/\/mlbfrsat7ahr.i.optimole.com\/w:300\/h:179\/q:mauto\/ig:avif\/https:\/\/noticiasnoface.com.br\/wp-content\/uploads\/2024\/02\/photo-output-2.jpg 300w, https:\/\/mlbfrsat7ahr.i.optimole.com\/w:768\/h:458\/q:mauto\/ig:avif\/https:\/\/noticiasnoface.com.br\/wp-content\/uploads\/2024\/02\/photo-output-2.jpg 768w, https:\/\/mlbfrsat7ahr.i.optimole.com\/w:1536\/h:917\/q:mauto\/ig:avif\/https:\/\/noticiasnoface.com.br\/wp-content\/uploads\/2024\/02\/photo-output-2.jpg 1536w, https:\/\/mlbfrsat7ahr.i.optimole.com\/w:1809\/h:1080\/q:mauto\/ig:avif\/https:\/\/noticiasnoface.com.br\/wp-content\/uploads\/2024\/02\/photo-output-2.jpg 2000w\" sizes=\"(max-width: 1000px) 100vw, 1000px\" \/><figcaption class=\"wp-element-caption\">Ex-modelo que afirma ter filha com Neymar diz que celular com fotos do encontro dos dois desapareceu<br \/>Gabriella G\u00e1sp\u00e1r vem tentando entrar em contato com atacante e sua fam\u00edlia sem sucesso; menina tem 10 anos hoje<br \/>Pai de Davi Lucca, de 12 anos, e de Mavie, que ir\u00e1 completar quatro meses de vida na pr\u00f3xima semana, Neymar v\u00ea seu nome vinculado a um poss\u00edvel outro herdeiro. H\u00e1 uma semana, corre na Justi\u00e7a brasileira uma a\u00e7\u00e3o de pedido de reconhecimento de paternidade movida pela ex-modelo h\u00fangara Gabriella G\u00e1sp\u00e1r. Ela alega ter uma filha de 10 anos com o atacante, fruto de uma rela\u00e7\u00e3o entre os dois em Santa Cruz de La Sierra, na Bol\u00edvia, em 2013. <br \/>No processo, ao qual o EXTRA teve acesso, G\u00e1sp\u00e1r pede o pagamento de uma pens\u00e3o de 30 mil euros mensais (R$ 161,3 mil), al\u00e9m do retroativo equivalente aos dez anos que ela arcou sozinha com os custos da filha. De acordo com o advogado \u00c2ngelo Carbone, que defende a h\u00fangara, o valor foi baseado na quantia paga por Mick Jagger ao seu filho com a apresentadora Luciana Gimenez. <br \/>Se o pedido for acatado pelo juiz, Neymar ser\u00e1 obrigado a fazer exame de DNA. No processo, n\u00e3o h\u00e1 nenhuma comprova\u00e7\u00e3o de que G\u00e1sp\u00e1r e o atacante se conheceram. Carbone afirma que sua cliente chegou a tirar fotos com o atleta no dia em que se encontraram. <br \/>&#8211; Ela era modelo e estava em Santa Cruz de La Sierra, onde teve um jogo do Brasil, com o Neymar. Ela conheceu ele, e eles ficaram. Mas ela estranhou porque tirou um monte de fotos com ele. S\u00f3 que o celular dela sumiu &#8211; afirma Carbone. <br \/>O jogo em quest\u00e3o foi um amistoso contra a Bol\u00edvia, vencido por 4 a 0 pela sele\u00e7\u00e3o brasileira. Neymar marcou dois gols. <br \/>G\u00e1sp\u00e1r alega que vem tentando entrar em contato com Neymar e sua fam\u00edlia, mas tem sido ignorada. No processo, est\u00e3o anexadas mensagens particulares enviadas por ela ao jogador, seu pai, sua m\u00e3e e sua irm\u00e3 pelo aplicativo Instagram. Estas tentativas vem ocorrendo desde dezembro de 2022. <br \/>N\u00e3o h\u00e1 nenhum indicativo de que alguma mensagem tenha sido visualizada por algum deles. De acordo com Carbone, a h\u00fangara tamb\u00e9m enviou uma carta ao instituto mantido pelo atacante, igualmente n\u00e3o respondida. <br \/>Uma curiosidade sobre o processo \u00e9 o fato de que, na pe\u00e7a, consta que G\u00e1sp\u00e1r e Neymar se conheceram na Hungria e n\u00e3o na Bol\u00edvia. Segundo o advogado, trata-se de um engano que j\u00e1 est\u00e1 sendo retificado. <br \/>O EXTRA procurou Neymar para comentar o assunto. Mas sua assessoria de imprensa afirmou que ele n\u00e3o ir\u00e1 se manifestar.<\/figcaption><\/figure>\n\n\n\n<p><\/p>\n","protected":false},"excerpt":{"rendered":"","protected":false},"author":1,"featured_media":0,"comment_status":"open","ping_status":"open","sticky":false,"template":"","format":"standard","meta":{"site-sidebar-layout":"default","site-content-layout":"","ast-site-content-layout":"default","site-content-style":"default","site-sidebar-style":"default","ast-global-header-display":"","ast-banner-title-visibility":"","ast-main-header-display":"","ast-hfb-above-header-display":"","ast-hfb-below-header-display":"","ast-hfb-mobile-header-display":"","site-post-title":"","ast-breadcrumbs-content":"","ast-featured-img":"","footer-sml-layout":"","ast-disable-related-posts":"","theme-transparent-header-meta":"","adv-header-id-meta":"","stick-header-meta":"","header-above-stick-meta":"","header-main-stick-meta":"","header-below-stick-meta":"","astra-migrate-meta-layouts":"default","ast-page-background-enabled":"default","ast-page-background-meta":{"desktop":{"background-color":"var(--ast-global-color-4)","background-image":"","background-repeat":"repeat","background-position":"center center","background-size":"auto","background-attachment":"scroll","background-type":"","background-media":"","overlay-type":"","overlay-color":"","overlay-opacity":"","overlay-gradient":""},"tablet":{"background-color":"","background-image":"","background-repeat":"repeat","background-position":"center center","background-size":"auto","background-attachment":"scroll","background-type":"","background-media":"","overlay-type":"","overlay-color":"","overlay-opacity":"","overlay-gradient":""},"mobile":{"background-color":"","background-image":"","background-repeat":"repeat","background-position":"center center","background-size":"auto","background-attachment":"scroll","background-type":"","background-media":"","overlay-type":"","overlay-color":"","overlay-opacity":"","overlay-gradient":""}},"ast-content-background-meta":{"desktop":{"background-color":"var(--ast-global-color-5)","background-image":"","background-repeat":"repeat","background-position":"center center","background-size":"auto","background-attachment":"scroll","background-type":"","background-media":"","overlay-type":"","overlay-color":"","overlay-opacity":"","overlay-gradient":""},"tablet":{"background-color":"var(--ast-global-color-5)","background-image":"","background-repeat":"repeat","background-position":"center center","background-size":"auto","background-attachment":"scroll","background-type":"","background-media":"","overlay-type":"","overlay-color":"","overlay-opacity":"","overlay-gradient":""},"mobile":{"background-color":"var(--ast-global-color-5)","background-image":"","background-repeat":"repeat","background-position":"center center","background-size":"auto","background-attachment":"scroll","background-type":"","background-media":"","overlay-type":"","overlay-color":"","overlay-opacity":"","overlay-gradient":""}},"footnotes":""},"categories":[517],"tags":[625,612,57,1331,2024],"class_list":["post-21483","post","type-post","status-publish","format-standard","hentry","category-aconteceu","tag-filho","tag-modelo","tag-neymar","tag-pensao","tag-rico"],"_links":{"self":[{"href":"https:\/\/noticiasnoface.com.br\/index.php\/wp-json\/wp\/v2\/posts\/21483","targetHints":{"allow":["GET"]}}],"collection":[{"href":"https:\/\/noticiasnoface.com.br\/index.php\/wp-json\/wp\/v2\/posts"}],"about":[{"href":"https:\/\/noticiasnoface.com.br\/index.php\/wp-json\/wp\/v2\/types\/post"}],"author":[{"embeddable":true,"href":"https:\/\/noticiasnoface.com.br\/index.php\/wp-json\/wp\/v2\/users\/1"}],"replies":[{"embeddable":true,"href":"https:\/\/noticiasnoface.com.br\/index.php\/wp-json\/wp\/v2\/comments?post=21483"}],"version-history":[{"count":2,"href":"https:\/\/noticiasnoface.com.br\/index.php\/wp-json\/wp\/v2\/posts\/21483\/revisions"}],"predecessor-version":[{"id":21485,"href":"https:\/\/noticiasnoface.com.br\/index.php\/wp-json\/wp\/v2\/posts\/21483\/revisions\/21485"}],"wp:attachment":[{"href":"https:\/\/noticiasnoface.com.br\/index.php\/wp-json\/wp\/v2\/media?parent=21483"}],"wp:term":[{"taxonomy":"category","embeddable":true,"href":"https:\/\/noticiasnoface.com.br\/index.php\/wp-json\/wp\/v2\/categories?post=21483"},{"taxonomy":"post_tag","embeddable":true,"href":"https:\/\/noticiasnoface.com.br\/index.php\/wp-json\/wp\/v2\/tags?post=21483"}],"curies":[{"name":"wp","href":"https:\/\/api.w.org\/{rel}","templated":true}]}}