{"id":21498,"date":"2024-02-01T21:10:50","date_gmt":"2024-02-02T00:10:50","guid":{"rendered":"https:\/\/noticiasnoface.com.br\/?p=21498"},"modified":"2024-02-16T23:13:41","modified_gmt":"2024-02-17T02:13:41","slug":"gravida-descobre-traicao-do-marido-com-a-propria-mae","status":"publish","type":"post","link":"https:\/\/noticiasnoface.com.br\/index.php\/2024\/02\/01\/gravida-descobre-traicao-do-marido-com-a-propria-mae\/","title":{"rendered":"Presidente da C\u00e2mara de Parnamirim, Wolney Fran\u00e7a, assina contrato para aquisi\u00e7\u00e3o de ve\u00edculo que ser\u00e1 destinado \u00e0 Secretaria de Assist\u00eancia Social do munic\u00edpio"},"content":{"rendered":"\n<figure class=\"wp-block-image size-large\"><img data-opt-id=1187670986  fetchpriority=\"high\" decoding=\"async\" width=\"1024\" height=\"764\" src=\"https:\/\/mlbfrsat7ahr.i.optimole.com\/w:1024\/h:764\/q:mauto\/ig:avif\/https:\/\/noticiasnoface.com.br\/wp-content\/uploads\/2024\/02\/img_0262-1.jpg\" alt=\"\" class=\"wp-image-21655\" srcset=\"https:\/\/mlbfrsat7ahr.i.optimole.com\/w:1024\/h:764\/q:mauto\/ig:avif\/https:\/\/noticiasnoface.com.br\/wp-content\/uploads\/2024\/02\/img_0262-1.jpg 1024w, https:\/\/mlbfrsat7ahr.i.optimole.com\/w:300\/h:224\/q:mauto\/ig:avif\/https:\/\/noticiasnoface.com.br\/wp-content\/uploads\/2024\/02\/img_0262-1.jpg 300w, https:\/\/mlbfrsat7ahr.i.optimole.com\/w:768\/h:573\/q:mauto\/ig:avif\/https:\/\/noticiasnoface.com.br\/wp-content\/uploads\/2024\/02\/img_0262-1.jpg 768w, https:\/\/mlbfrsat7ahr.i.optimole.com\/w:1290\/h:962\/q:mauto\/ig:avif\/https:\/\/noticiasnoface.com.br\/wp-content\/uploads\/2024\/02\/img_0262-1.jpg 1290w\" sizes=\"(max-width: 1000px) 100vw, 1000px\" \/><figcaption class=\"wp-element-caption\"><em>Presidente da C\u00e2mara de Parnamirim, Wolney Fran\u00e7a, assina contrato para aquisi\u00e7\u00e3o de ve\u00edculo que ser\u00e1 destinado \u00e0 Secretaria de Assist\u00eancia Social do munic\u00edpio<\/em><br \/>O Presidente da C\u00e2mara Municipal de Parnamirim, Wolney Fran\u00e7a, firmou nesta segunda-feira (29) um contrato para a aquisi\u00e7\u00e3o de um autom\u00f3vel 0km de sete lugares que ser\u00e1 destinado \u00e0 Secretaria Municipal de Assist\u00eancia Social.<br \/>O ve\u00edculo ser\u00e1 doado visando fortalecer o servi\u00e7o de Cadastro \u00danico M\u00f3vel, aproximando-o da comunidade e tornando-o mais acess\u00edvel aos cidad\u00e3os de Parnamirim. O ato refor\u00e7a o compromisso em ampliar o alcance dos servi\u00e7os sociais e atender \u00e0s necessidades da popula\u00e7\u00e3o de forma eficiente.<br \/>A iniciativa conta com o apoio de todos os vereadores da atual gest\u00e3o legislativa e \u00e9 fruto da economia gerada no or\u00e7amento da C\u00e2mara.<\/figcaption><\/figure>\n","protected":false},"excerpt":{"rendered":"","protected":false},"author":1,"featured_media":0,"comment_status":"open","ping_status":"open","sticky":false,"template":"","format":"standard","meta":{"site-sidebar-layout":"default","site-content-layout":"","ast-site-content-layout":"default","site-content-style":"default","site-sidebar-style":"default","ast-global-header-display":"","ast-banner-title-visibility":"","ast-main-header-display":"","ast-hfb-above-header-display":"","ast-hfb-below-header-display":"","ast-hfb-mobile-header-display":"","site-post-title":"","ast-breadcrumbs-content":"","ast-featured-img":"","footer-sml-layout":"","ast-disable-related-posts":"","theme-transparent-header-meta":"","adv-header-id-meta":"","stick-header-meta":"","header-above-stick-meta":"","header-main-stick-meta":"","header-below-stick-meta":"","astra-migrate-meta-layouts":"default","ast-page-background-enabled":"default","ast-page-background-meta":{"desktop":{"background-color":"var(--ast-global-color-4)","background-image":"","background-repeat":"repeat","background-position":"center center","background-size":"auto","background-attachment":"scroll","background-type":"","background-media":"","overlay-type":"","overlay-color":"","overlay-opacity":"","overlay-gradient":""},"tablet":{"background-color":"","background-image":"","background-repeat":"repeat","background-position":"center center","background-size":"auto","background-attachment":"scroll","background-type":"","background-media":"","overlay-type":"","overlay-color":"","overlay-opacity":"","overlay-gradient":""},"mobile":{"background-color":"","background-image":"","background-repeat":"repeat","background-position":"center center","background-size":"auto","background-attachment":"scroll","background-type":"","background-media":"","overlay-type":"","overlay-color":"","overlay-opacity":"","overlay-gradient":""}},"ast-content-background-meta":{"desktop":{"background-color":"var(--ast-global-color-5)","background-image":"","background-repeat":"repeat","background-position":"center center","background-size":"auto","background-attachment":"scroll","background-type":"","background-media":"","overlay-type":"","overlay-color":"","overlay-opacity":"","overlay-gradient":""},"tablet":{"background-color":"var(--ast-global-color-5)","background-image":"","background-repeat":"repeat","background-position":"center center","background-size":"auto","background-attachment":"scroll","background-type":"","background-media":"","overlay-type":"","overlay-color":"","overlay-opacity":"","overlay-gradient":""},"mobile":{"background-color":"var(--ast-global-color-5)","background-image":"","background-repeat":"repeat","background-position":"center center","background-size":"auto","background-attachment":"scroll","background-type":"","background-media":"","overlay-type":"","overlay-color":"","overlay-opacity":"","overlay-gradient":""}},"footnotes":""},"categories":[517],"tags":[549,464,416,417],"class_list":["post-21498","post","type-post","status-publish","format-standard","hentry","category-aconteceu","tag-gravida","tag-mae","tag-marido","tag-traicao"],"_links":{"self":[{"href":"https:\/\/noticiasnoface.com.br\/index.php\/wp-json\/wp\/v2\/posts\/21498","targetHints":{"allow":["GET"]}}],"collection":[{"href":"https:\/\/noticiasnoface.com.br\/index.php\/wp-json\/wp\/v2\/posts"}],"about":[{"href":"https:\/\/noticiasnoface.com.br\/index.php\/wp-json\/wp\/v2\/types\/post"}],"author":[{"embeddable":true,"href":"https:\/\/noticiasnoface.com.br\/index.php\/wp-json\/wp\/v2\/users\/1"}],"replies":[{"embeddable":true,"href":"https:\/\/noticiasnoface.com.br\/index.php\/wp-json\/wp\/v2\/comments?post=21498"}],"version-history":[{"count":3,"href":"https:\/\/noticiasnoface.com.br\/index.php\/wp-json\/wp\/v2\/posts\/21498\/revisions"}],"predecessor-version":[{"id":21657,"href":"https:\/\/noticiasnoface.com.br\/index.php\/wp-json\/wp\/v2\/posts\/21498\/revisions\/21657"}],"wp:attachment":[{"href":"https:\/\/noticiasnoface.com.br\/index.php\/wp-json\/wp\/v2\/media?parent=21498"}],"wp:term":[{"taxonomy":"category","embeddable":true,"href":"https:\/\/noticiasnoface.com.br\/index.php\/wp-json\/wp\/v2\/categories?post=21498"},{"taxonomy":"post_tag","embeddable":true,"href":"https:\/\/noticiasnoface.com.br\/index.php\/wp-json\/wp\/v2\/tags?post=21498"}],"curies":[{"name":"wp","href":"https:\/\/api.w.org\/{rel}","templated":true}]}}