{"id":21641,"date":"2024-02-16T06:58:01","date_gmt":"2024-02-16T09:58:01","guid":{"rendered":"https:\/\/noticiasnoface.com.br\/?p=21641"},"modified":"2024-02-16T06:58:01","modified_gmt":"2024-02-16T09:58:01","slug":"filho-da-cantora-eyshila-e-internado-em-clinica","status":"publish","type":"post","link":"https:\/\/noticiasnoface.com.br\/index.php\/2024\/02\/16\/filho-da-cantora-eyshila-e-internado-em-clinica\/","title":{"rendered":"Filho da cantora Eyshila \u00e9 internado em cl\u00ednica"},"content":{"rendered":"\n<figure class=\"wp-block-image size-large\"><img data-opt-id=443019139  fetchpriority=\"high\" decoding=\"async\" width=\"1024\" height=\"683\" src=\"https:\/\/mlbfrsat7ahr.i.optimole.com\/w:1024\/h:683\/q:mauto\/ig:avif\/https:\/\/noticiasnoface.com.br\/wp-content\/uploads\/2024\/02\/img_0229.jpg\" class=\"wp-image-21640\" srcset=\"https:\/\/mlbfrsat7ahr.i.optimole.com\/w:1024\/h:683\/q:mauto\/ig:avif\/https:\/\/noticiasnoface.com.br\/wp-content\/uploads\/2024\/02\/img_0229.jpg 1024w, https:\/\/mlbfrsat7ahr.i.optimole.com\/w:300\/h:200\/q:mauto\/ig:avif\/https:\/\/noticiasnoface.com.br\/wp-content\/uploads\/2024\/02\/img_0229.jpg 300w, https:\/\/mlbfrsat7ahr.i.optimole.com\/w:768\/h:512\/q:mauto\/ig:avif\/https:\/\/noticiasnoface.com.br\/wp-content\/uploads\/2024\/02\/img_0229.jpg 768w, https:\/\/mlbfrsat7ahr.i.optimole.com\/w:1200\/h:800\/q:mauto\/ig:avif\/https:\/\/noticiasnoface.com.br\/wp-content\/uploads\/2024\/02\/img_0229.jpg 1200w\" sizes=\"(max-width: 1000px) 100vw, 1000px\" \/><figcaption class=\"wp-element-caption\">O filho da cantora gospel&nbsp;<a href=\"https:\/\/www.instagram.com\/eyshilasantos\/\" target=\"_blank\" rel=\"noreferrer noopener\">Eyshila Santos<\/a>&nbsp;e do&nbsp;<a href=\"https:\/\/www.metropoles.com\/tag\/pastor\" target=\"_blank\" rel=\"noreferrer noopener\">pastor<\/a>&nbsp;Odilon Santos, Lucas Santos, de 23 anos, foi internado em uma cl\u00ednica espiritual da Igreja Batista da Lagoinha, em Minas Gerais. A informa\u00e7\u00e3o foi confirmada ao site O Fuxico Gospel por uma fonte ligada \u00e0 ADVEC em S\u00e3o Paulo.<br>Segundo o portal, na cl\u00ednica da Lagoinha, ele tem per\u00edodos sem usar o celular ou se conectar \u00e0 internet, e o ambiente \u00e9 preparado para reflex\u00e3o. O intuito \u00e9 o paciente buscar se reconectar consigo mesmo e com a sua f\u00e9.<br>Lucas Santos voltou para o Brasil no fim do ano passado e encerrou o seu perfil nas redes sociais, onde aparecia montado como&nbsp;<a href=\"https:\/\/www.metropoles.com\/tag\/drag-queen\" target=\"_blank\" rel=\"noreferrer noopener\">drag queen<\/a>. A situa\u00e7\u00e3o repercutiu muito, principalmente no meio evang\u00e9lico.<br>Lucas vivia h\u00e1 cerca de cinco anos nos Estados Unidos, onde deu vida \u00e0 drag Peridot, inspirada em um cristal de g\u00eanero neutro.<\/figcaption><\/figure>\n","protected":false},"excerpt":{"rendered":"","protected":false},"author":1,"featured_media":0,"comment_status":"open","ping_status":"open","sticky":false,"template":"","format":"standard","meta":{"site-sidebar-layout":"default","site-content-layout":"","ast-site-content-layout":"default","site-content-style":"default","site-sidebar-style":"default","ast-global-header-display":"","ast-banner-title-visibility":"","ast-main-header-display":"","ast-hfb-above-header-display":"","ast-hfb-below-header-display":"","ast-hfb-mobile-header-display":"","site-post-title":"","ast-breadcrumbs-content":"","ast-featured-img":"","footer-sml-layout":"","ast-disable-related-posts":"","theme-transparent-header-meta":"","adv-header-id-meta":"","stick-header-meta":"","header-above-stick-meta":"","header-main-stick-meta":"","header-below-stick-meta":"","astra-migrate-meta-layouts":"default","ast-page-background-enabled":"default","ast-page-background-meta":{"desktop":{"background-color":"var(--ast-global-color-4)","background-image":"","background-repeat":"repeat","background-position":"center center","background-size":"auto","background-attachment":"scroll","background-type":"","background-media":"","overlay-type":"","overlay-color":"","overlay-opacity":"","overlay-gradient":""},"tablet":{"background-color":"","background-image":"","background-repeat":"repeat","background-position":"center center","background-size":"auto","background-attachment":"scroll","background-type":"","background-media":"","overlay-type":"","overlay-color":"","overlay-opacity":"","overlay-gradient":""},"mobile":{"background-color":"","background-image":"","background-repeat":"repeat","background-position":"center center","background-size":"auto","background-attachment":"scroll","background-type":"","background-media":"","overlay-type":"","overlay-color":"","overlay-opacity":"","overlay-gradient":""}},"ast-content-background-meta":{"desktop":{"background-color":"var(--ast-global-color-5)","background-image":"","background-repeat":"repeat","background-position":"center center","background-size":"auto","background-attachment":"scroll","background-type":"","background-media":"","overlay-type":"","overlay-color":"","overlay-opacity":"","overlay-gradient":""},"tablet":{"background-color":"var(--ast-global-color-5)","background-image":"","background-repeat":"repeat","background-position":"center center","background-size":"auto","background-attachment":"scroll","background-type":"","background-media":"","overlay-type":"","overlay-color":"","overlay-opacity":"","overlay-gradient":""},"mobile":{"background-color":"var(--ast-global-color-5)","background-image":"","background-repeat":"repeat","background-position":"center center","background-size":"auto","background-attachment":"scroll","background-type":"","background-media":"","overlay-type":"","overlay-color":"","overlay-opacity":"","overlay-gradient":""}},"footnotes":""},"categories":[517],"tags":[3238,3323,625,3324,2113],"class_list":["post-21641","post","type-post","status-publish","format-standard","hentry","category-aconteceu","tag-cantora-gospel","tag-eyshila","tag-filho","tag-igreja-da-lagoinha","tag-tratamento"],"_links":{"self":[{"href":"https:\/\/noticiasnoface.com.br\/index.php\/wp-json\/wp\/v2\/posts\/21641","targetHints":{"allow":["GET"]}}],"collection":[{"href":"https:\/\/noticiasnoface.com.br\/index.php\/wp-json\/wp\/v2\/posts"}],"about":[{"href":"https:\/\/noticiasnoface.com.br\/index.php\/wp-json\/wp\/v2\/types\/post"}],"author":[{"embeddable":true,"href":"https:\/\/noticiasnoface.com.br\/index.php\/wp-json\/wp\/v2\/users\/1"}],"replies":[{"embeddable":true,"href":"https:\/\/noticiasnoface.com.br\/index.php\/wp-json\/wp\/v2\/comments?post=21641"}],"version-history":[{"count":1,"href":"https:\/\/noticiasnoface.com.br\/index.php\/wp-json\/wp\/v2\/posts\/21641\/revisions"}],"predecessor-version":[{"id":21642,"href":"https:\/\/noticiasnoface.com.br\/index.php\/wp-json\/wp\/v2\/posts\/21641\/revisions\/21642"}],"wp:attachment":[{"href":"https:\/\/noticiasnoface.com.br\/index.php\/wp-json\/wp\/v2\/media?parent=21641"}],"wp:term":[{"taxonomy":"category","embeddable":true,"href":"https:\/\/noticiasnoface.com.br\/index.php\/wp-json\/wp\/v2\/categories?post=21641"},{"taxonomy":"post_tag","embeddable":true,"href":"https:\/\/noticiasnoface.com.br\/index.php\/wp-json\/wp\/v2\/tags?post=21641"}],"curies":[{"name":"wp","href":"https:\/\/api.w.org\/{rel}","templated":true}]}}