{"id":21645,"date":"2024-02-16T12:45:29","date_gmt":"2024-02-16T15:45:29","guid":{"rendered":"https:\/\/noticiasnoface.com.br\/?p=21645"},"modified":"2024-02-16T12:45:30","modified_gmt":"2024-02-16T15:45:30","slug":"aumento-da-tarifa-dos-onibus-intermunicipais-causa-revolta-em-extremoz","status":"publish","type":"post","link":"https:\/\/noticiasnoface.com.br\/index.php\/2024\/02\/16\/aumento-da-tarifa-dos-onibus-intermunicipais-causa-revolta-em-extremoz\/","title":{"rendered":"Aumento da tarifa dos \u00f4nibus intermunicipais causa revolta em Extremoz"},"content":{"rendered":"\n<figure class=\"wp-block-image size-large\"><img data-opt-id=891126086  fetchpriority=\"high\" decoding=\"async\" width=\"1024\" height=\"929\" src=\"https:\/\/mlbfrsat7ahr.i.optimole.com\/w:1024\/h:929\/q:mauto\/ig:avif\/https:\/\/noticiasnoface.com.br\/wp-content\/uploads\/2024\/02\/photo-output-1-13.jpg\" class=\"wp-image-21644\" srcset=\"https:\/\/mlbfrsat7ahr.i.optimole.com\/w:1024\/h:929\/q:mauto\/ig:avif\/https:\/\/noticiasnoface.com.br\/wp-content\/uploads\/2024\/02\/photo-output-1-13.jpg 1024w, https:\/\/mlbfrsat7ahr.i.optimole.com\/w:300\/h:272\/q:mauto\/ig:avif\/https:\/\/noticiasnoface.com.br\/wp-content\/uploads\/2024\/02\/photo-output-1-13.jpg 300w, https:\/\/mlbfrsat7ahr.i.optimole.com\/w:768\/h:697\/q:mauto\/ig:avif\/https:\/\/noticiasnoface.com.br\/wp-content\/uploads\/2024\/02\/photo-output-1-13.jpg 768w, https:\/\/mlbfrsat7ahr.i.optimole.com\/w:1190\/h:1080\/q:mauto\/ig:avif\/https:\/\/noticiasnoface.com.br\/wp-content\/uploads\/2024\/02\/photo-output-1-13.jpg 1536w, https:\/\/mlbfrsat7ahr.i.optimole.com\/w:1190\/h:1080\/q:mauto\/ig:avif\/https:\/\/noticiasnoface.com.br\/wp-content\/uploads\/2024\/02\/photo-output-1-13.jpg 2000w\" sizes=\"(max-width: 1000px) 100vw, 1000px\" \/><figcaption class=\"wp-element-caption\"><em>Aumento da tarifa dos \u00f4nibus intermunicipais causa revolta em Extremoz<\/em><br>O aumento de 12,5% nas tarifas dos \u00f4nibus intermunicipais e metropolitanos que entrou em vigor nesta quinta-feira (16) repercutiu negativamente e tem causado revolta nos usu\u00e1rios de transporte coletivo.<br>O vereador de Extremoz Rafael Correia repudiou em suas redes sociais o reajuste que foi anunciado pelo Setrans(Sindicato das Empresas de Transportes de Passageiros do Estado do RN) e Fetronor (Federa\u00e7\u00e3o das Empresas de Transporte de Passageiros do Nordeste).<br>Em Extremoz, a tarifa das linhas 120, 121, 122 e 125 era de R$ 4,75 e passou para R$ 5,45, um aumento que o partlamentar considera totalmente inaceit\u00e1vel.<br>&#8220;\u00c9 um absurdo que a popula\u00e7\u00e3o tenha que pagar uma passagem t\u00e3o cara diante do p\u00e9ssimo servi\u00e7o que \u00e9 oferecido. S\u00e3o \u00f4nibus usados, sem climatiza\u00e7\u00e3o adequada operando com linhas reduzidas, o que resulta em superlota\u00e7\u00e3o\u201d, disse<br>O parlamentar refor\u00e7ou tamb\u00e9m que ao longo de seu mandato tem denunciado esse descaso dos \u00f4nibus intermunicipais e realizou uma Audi\u00eancia P\u00fablica para debater o assunto. \u201cSe esta pauta tivesse pesado pela C\u00e2mara, eu votaria contra. Lamento que este assunto tenha sido autorizado desta maneira Setrans\u201d, disse.<br>Rafael Correia \u00e9 um dos parlamentares favor\u00e1veis \u00e0 retomada do Parlamento Metropolitano, projeto que tem como um dos objetivos discutir temas que impactam diretamente na qualidade de vida da popula\u00e7\u00e3o dos munic\u00edpios da Regi\u00e3o Metropolitana de Natal.<\/figcaption><\/figure>\n","protected":false},"excerpt":{"rendered":"","protected":false},"author":1,"featured_media":0,"comment_status":"open","ping_status":"open","sticky":false,"template":"","format":"standard","meta":{"site-sidebar-layout":"default","site-content-layout":"","ast-site-content-layout":"default","site-content-style":"default","site-sidebar-style":"default","ast-global-header-display":"","ast-banner-title-visibility":"","ast-main-header-display":"","ast-hfb-above-header-display":"","ast-hfb-below-header-display":"","ast-hfb-mobile-header-display":"","site-post-title":"","ast-breadcrumbs-content":"","ast-featured-img":"","footer-sml-layout":"","ast-disable-related-posts":"","theme-transparent-header-meta":"","adv-header-id-meta":"","stick-header-meta":"","header-above-stick-meta":"","header-main-stick-meta":"","header-below-stick-meta":"","astra-migrate-meta-layouts":"default","ast-page-background-enabled":"default","ast-page-background-meta":{"desktop":{"background-color":"var(--ast-global-color-4)","background-image":"","background-repeat":"repeat","background-position":"center center","background-size":"auto","background-attachment":"scroll","background-type":"","background-media":"","overlay-type":"","overlay-color":"","overlay-opacity":"","overlay-gradient":""},"tablet":{"background-color":"","background-image":"","background-repeat":"repeat","background-position":"center center","background-size":"auto","background-attachment":"scroll","background-type":"","background-media":"","overlay-type":"","overlay-color":"","overlay-opacity":"","overlay-gradient":""},"mobile":{"background-color":"","background-image":"","background-repeat":"repeat","background-position":"center center","background-size":"auto","background-attachment":"scroll","background-type":"","background-media":"","overlay-type":"","overlay-color":"","overlay-opacity":"","overlay-gradient":""}},"ast-content-background-meta":{"desktop":{"background-color":"var(--ast-global-color-5)","background-image":"","background-repeat":"repeat","background-position":"center center","background-size":"auto","background-attachment":"scroll","background-type":"","background-media":"","overlay-type":"","overlay-color":"","overlay-opacity":"","overlay-gradient":""},"tablet":{"background-color":"var(--ast-global-color-5)","background-image":"","background-repeat":"repeat","background-position":"center center","background-size":"auto","background-attachment":"scroll","background-type":"","background-media":"","overlay-type":"","overlay-color":"","overlay-opacity":"","overlay-gradient":""},"mobile":{"background-color":"var(--ast-global-color-5)","background-image":"","background-repeat":"repeat","background-position":"center center","background-size":"auto","background-attachment":"scroll","background-type":"","background-media":"","overlay-type":"","overlay-color":"","overlay-opacity":"","overlay-gradient":""}},"footnotes":""},"categories":[517],"tags":[2075,2804,3325,887],"class_list":["post-21645","post","type-post","status-publish","format-standard","hentry","category-aconteceu","tag-extremoz","tag-rafael-correia","tag-tarifas","tag-vereador"],"_links":{"self":[{"href":"https:\/\/noticiasnoface.com.br\/index.php\/wp-json\/wp\/v2\/posts\/21645","targetHints":{"allow":["GET"]}}],"collection":[{"href":"https:\/\/noticiasnoface.com.br\/index.php\/wp-json\/wp\/v2\/posts"}],"about":[{"href":"https:\/\/noticiasnoface.com.br\/index.php\/wp-json\/wp\/v2\/types\/post"}],"author":[{"embeddable":true,"href":"https:\/\/noticiasnoface.com.br\/index.php\/wp-json\/wp\/v2\/users\/1"}],"replies":[{"embeddable":true,"href":"https:\/\/noticiasnoface.com.br\/index.php\/wp-json\/wp\/v2\/comments?post=21645"}],"version-history":[{"count":1,"href":"https:\/\/noticiasnoface.com.br\/index.php\/wp-json\/wp\/v2\/posts\/21645\/revisions"}],"predecessor-version":[{"id":21646,"href":"https:\/\/noticiasnoface.com.br\/index.php\/wp-json\/wp\/v2\/posts\/21645\/revisions\/21646"}],"wp:attachment":[{"href":"https:\/\/noticiasnoface.com.br\/index.php\/wp-json\/wp\/v2\/media?parent=21645"}],"wp:term":[{"taxonomy":"category","embeddable":true,"href":"https:\/\/noticiasnoface.com.br\/index.php\/wp-json\/wp\/v2\/categories?post=21645"},{"taxonomy":"post_tag","embeddable":true,"href":"https:\/\/noticiasnoface.com.br\/index.php\/wp-json\/wp\/v2\/tags?post=21645"}],"curies":[{"name":"wp","href":"https:\/\/api.w.org\/{rel}","templated":true}]}}