{"id":21653,"date":"2024-02-16T23:08:02","date_gmt":"2024-02-17T02:08:02","guid":{"rendered":"https:\/\/noticiasnoface.com.br\/?p=21653"},"modified":"2024-02-16T23:08:03","modified_gmt":"2024-02-17T02:08:03","slug":"camara-de-vereadores-divulga-relatorio-produtivo-de-2023","status":"publish","type":"post","link":"https:\/\/noticiasnoface.com.br\/index.php\/2024\/02\/16\/camara-de-vereadores-divulga-relatorio-produtivo-de-2023\/","title":{"rendered":"C\u00e2mara de Vereadores divulga relat\u00f3rio produtivo de 2023"},"content":{"rendered":"\n<figure class=\"wp-block-image\"><img data-opt-id=499976205  fetchpriority=\"high\" decoding=\"async\" src=\"https:\/\/parnamirim.rn.leg.br\/SIGCMP\/uploads\/noticias\/noticia_08-01-2024(10-06-21)_4791.png\" alt=\".\"\/><\/figure>\n\n\n\n<p><\/p>\n\n\n\n<p>Demonstrando o compromisso com a comunidade local, a C\u00e2mara Municipal de Parnamirim empenhou-se, ao longo do ano de 2023, em iniciativas que impulsionaram uma produtividade eficaz e promoveram avan\u00e7os significativos no servi\u00e7o p\u00fablico. Neste ano, os parlamentares da Casa Legislativa efetuaram mais de 2.700 indica\u00e7\u00f5es. Tamb\u00e9m, foram apresentados mais de 280 projetos de lei, 80 leis ordin\u00e1rias e 11 leis complementares, evidenciando o comprometimento da Casa do Povo em promover iniciativas legislativas relevantes para o desenvolvimento local.<\/p>\n\n\n\n<p>O presidente da Casa, vereador Wolney Fran\u00e7a, destacou o trabalho dos vereadores ao longo dos 12 meses, enfatizando o compromisso dos parlamentares e dos servidores com a popula\u00e7\u00e3o.Diariamente, buscamos ouvir e acolher o povo de Parnamirim, para que possamos atender as necessidades b\u00e1sicas daqueles que representamos\u201d, afirma o vereador.&nbsp;<\/p>\n\n\n\n<p>O Poder Legislativo do munic\u00edpio de Parnamirim realizou 135 mo\u00e7\u00f5es de aplausos, 133 sess\u00f5es ordin\u00e1rias, 30 sess\u00f5es solenes e 18 audi\u00eancias p\u00fablicas. Com a participa\u00e7\u00e3o dos parlamentares, representantes de \u00f3rg\u00e3os e entidades p\u00fablicas e privadas, al\u00e9m dos cidad\u00e3os, as solenidades s\u00e3o organizadas com o objetivo de analisar proposi\u00e7\u00f5es e discutir quest\u00f5es de interesse p\u00fablico, e tamb\u00e9m homenageiam personalidades e institui\u00e7\u00f5es que contribuem ativamente na cidade.<\/p>\n","protected":false},"excerpt":{"rendered":"<p>Demonstrando o compromisso com a comunidade local, a C\u00e2mara Municipal de Parnamirim empenhou-se, ao longo do ano de 2023, em [&hellip;]<\/p>\n","protected":false},"author":1,"featured_media":0,"comment_status":"open","ping_status":"open","sticky":false,"template":"","format":"standard","meta":{"site-sidebar-layout":"default","site-content-layout":"","ast-site-content-layout":"default","site-content-style":"default","site-sidebar-style":"default","ast-global-header-display":"","ast-banner-title-visibility":"","ast-main-header-display":"","ast-hfb-above-header-display":"","ast-hfb-below-header-display":"","ast-hfb-mobile-header-display":"","site-post-title":"","ast-breadcrumbs-content":"","ast-featured-img":"","footer-sml-layout":"","ast-disable-related-posts":"","theme-transparent-header-meta":"","adv-header-id-meta":"","stick-header-meta":"","header-above-stick-meta":"","header-main-stick-meta":"","header-below-stick-meta":"","astra-migrate-meta-layouts":"default","ast-page-background-enabled":"default","ast-page-background-meta":{"desktop":{"background-color":"var(--ast-global-color-4)","background-image":"","background-repeat":"repeat","background-position":"center center","background-size":"auto","background-attachment":"scroll","background-type":"","background-media":"","overlay-type":"","overlay-color":"","overlay-opacity":"","overlay-gradient":""},"tablet":{"background-color":"","background-image":"","background-repeat":"repeat","background-position":"center center","background-size":"auto","background-attachment":"scroll","background-type":"","background-media":"","overlay-type":"","overlay-color":"","overlay-opacity":"","overlay-gradient":""},"mobile":{"background-color":"","background-image":"","background-repeat":"repeat","background-position":"center center","background-size":"auto","background-attachment":"scroll","background-type":"","background-media":"","overlay-type":"","overlay-color":"","overlay-opacity":"","overlay-gradient":""}},"ast-content-background-meta":{"desktop":{"background-color":"var(--ast-global-color-5)","background-image":"","background-repeat":"repeat","background-position":"center center","background-size":"auto","background-attachment":"scroll","background-type":"","background-media":"","overlay-type":"","overlay-color":"","overlay-opacity":"","overlay-gradient":""},"tablet":{"background-color":"var(--ast-global-color-5)","background-image":"","background-repeat":"repeat","background-position":"center center","background-size":"auto","background-attachment":"scroll","background-type":"","background-media":"","overlay-type":"","overlay-color":"","overlay-opacity":"","overlay-gradient":""},"mobile":{"background-color":"var(--ast-global-color-5)","background-image":"","background-repeat":"repeat","background-position":"center center","background-size":"auto","background-attachment":"scroll","background-type":"","background-media":"","overlay-type":"","overlay-color":"","overlay-opacity":"","overlay-gradient":""}},"footnotes":""},"categories":[517],"tags":[],"class_list":["post-21653","post","type-post","status-publish","format-standard","hentry","category-aconteceu"],"_links":{"self":[{"href":"https:\/\/noticiasnoface.com.br\/index.php\/wp-json\/wp\/v2\/posts\/21653","targetHints":{"allow":["GET"]}}],"collection":[{"href":"https:\/\/noticiasnoface.com.br\/index.php\/wp-json\/wp\/v2\/posts"}],"about":[{"href":"https:\/\/noticiasnoface.com.br\/index.php\/wp-json\/wp\/v2\/types\/post"}],"author":[{"embeddable":true,"href":"https:\/\/noticiasnoface.com.br\/index.php\/wp-json\/wp\/v2\/users\/1"}],"replies":[{"embeddable":true,"href":"https:\/\/noticiasnoface.com.br\/index.php\/wp-json\/wp\/v2\/comments?post=21653"}],"version-history":[{"count":1,"href":"https:\/\/noticiasnoface.com.br\/index.php\/wp-json\/wp\/v2\/posts\/21653\/revisions"}],"predecessor-version":[{"id":21654,"href":"https:\/\/noticiasnoface.com.br\/index.php\/wp-json\/wp\/v2\/posts\/21653\/revisions\/21654"}],"wp:attachment":[{"href":"https:\/\/noticiasnoface.com.br\/index.php\/wp-json\/wp\/v2\/media?parent=21653"}],"wp:term":[{"taxonomy":"category","embeddable":true,"href":"https:\/\/noticiasnoface.com.br\/index.php\/wp-json\/wp\/v2\/categories?post=21653"},{"taxonomy":"post_tag","embeddable":true,"href":"https:\/\/noticiasnoface.com.br\/index.php\/wp-json\/wp\/v2\/tags?post=21653"}],"curies":[{"name":"wp","href":"https:\/\/api.w.org\/{rel}","templated":true}]}}