{"id":21658,"date":"2024-02-17T22:32:17","date_gmt":"2024-02-18T01:32:17","guid":{"rendered":"https:\/\/noticiasnoface.com.br\/?p=21658"},"modified":"2024-02-17T22:32:18","modified_gmt":"2024-02-18T01:32:18","slug":"urgente-fuga-em-massa-13-presos-fogem-de-presidio-em-rondonia","status":"publish","type":"post","link":"https:\/\/noticiasnoface.com.br\/index.php\/2024\/02\/17\/urgente-fuga-em-massa-13-presos-fogem-de-presidio-em-rondonia\/","title":{"rendered":"URGENTE- Fuga em massa, 13 presos fogem de pres\u00eddio em Rond\u00f4nia"},"content":{"rendered":"\n<figure class=\"wp-block-image size-large\"><img data-opt-id=1753085791  fetchpriority=\"high\" decoding=\"async\" width=\"1008\" height=\"1024\" src=\"https:\/\/mlbfrsat7ahr.i.optimole.com\/w:1008\/h:1024\/q:mauto\/ig:avif\/https:\/\/noticiasnoface.com.br\/wp-content\/uploads\/2023\/11\/image-1.jpg\" alt=\"\" class=\"wp-image-20524\" srcset=\"https:\/\/mlbfrsat7ahr.i.optimole.com\/w:1008\/h:1024\/q:mauto\/ig:avif\/https:\/\/noticiasnoface.com.br\/wp-content\/uploads\/2023\/11\/image-1.jpg 1008w, https:\/\/mlbfrsat7ahr.i.optimole.com\/w:295\/h:300\/q:mauto\/ig:avif\/https:\/\/noticiasnoface.com.br\/wp-content\/uploads\/2023\/11\/image-1.jpg 295w, https:\/\/mlbfrsat7ahr.i.optimole.com\/w:768\/h:780\/q:mauto\/ig:avif\/https:\/\/noticiasnoface.com.br\/wp-content\/uploads\/2023\/11\/image-1.jpg 768w, https:\/\/mlbfrsat7ahr.i.optimole.com\/w:1063\/h:1080\/q:mauto\/ig:avif\/https:\/\/noticiasnoface.com.br\/wp-content\/uploads\/2023\/11\/image-1.jpg 1227w\" sizes=\"(max-width: 1000px) 100vw, 1000px\" \/><figcaption class=\"wp-element-caption\">Na noite dessa sexta-feira, 16, ocorreu uma fuga em massa na Casa de Cust\u00f3dia de Pimenta Bueno \u2013 em Rond\u00f4nia, resultando na escapada de 13 detentos. As circunst\u00e2ncias exatas ainda est\u00e3o sob investiga\u00e7\u00e3o, com dois indiv\u00edduos j\u00e1 recapturados.<br>A Pol\u00edcia Militar est\u00e1 intensificando esfor\u00e7os para recapturar os fugitivos e evitar poss\u00edveis incidentes. Uma grande opera\u00e7\u00e3o, liderada pelo Minist\u00e9rio P\u00fablico de Rond\u00f4nia, atrav\u00e9s do GAECO e da promotoria local, com apoio da Pol\u00edcia Militar e Penal, foi desencadeada.<br><br>A a\u00e7\u00e3o teve in\u00edcio na madrugada, com policiais militares realizando varreduras na regi\u00e3o pr\u00f3xima ao pres\u00eddio e implementando medidas de seguran\u00e7a. At\u00e9 o momento, tr\u00eas fugitivos j\u00e1 foram recapturados.<br>As buscas e dilig\u00eancias continuam, com o objetivo de localizar e prender todos os detentos foragidos. A opera\u00e7\u00e3o segue em andamento, com a coopera\u00e7\u00e3o de diversas autoridades locais para garantir a seguran\u00e7a da comunidade e a ordem na regi\u00e3o.<br>Fonte: Contilnetnoticias<\/figcaption><\/figure>\n","protected":false},"excerpt":{"rendered":"","protected":false},"author":1,"featured_media":0,"comment_status":"open","ping_status":"open","sticky":false,"template":"","format":"standard","meta":{"site-sidebar-layout":"default","site-content-layout":"","ast-site-content-layout":"default","site-content-style":"default","site-sidebar-style":"default","ast-global-header-display":"","ast-banner-title-visibility":"","ast-main-header-display":"","ast-hfb-above-header-display":"","ast-hfb-below-header-display":"","ast-hfb-mobile-header-display":"","site-post-title":"","ast-breadcrumbs-content":"","ast-featured-img":"","footer-sml-layout":"","ast-disable-related-posts":"","theme-transparent-header-meta":"","adv-header-id-meta":"","stick-header-meta":"","header-above-stick-meta":"","header-main-stick-meta":"","header-below-stick-meta":"","astra-migrate-meta-layouts":"default","ast-page-background-enabled":"default","ast-page-background-meta":{"desktop":{"background-color":"var(--ast-global-color-4)","background-image":"","background-repeat":"repeat","background-position":"center center","background-size":"auto","background-attachment":"scroll","background-type":"","background-media":"","overlay-type":"","overlay-color":"","overlay-opacity":"","overlay-gradient":""},"tablet":{"background-color":"","background-image":"","background-repeat":"repeat","background-position":"center center","background-size":"auto","background-attachment":"scroll","background-type":"","background-media":"","overlay-type":"","overlay-color":"","overlay-opacity":"","overlay-gradient":""},"mobile":{"background-color":"","background-image":"","background-repeat":"repeat","background-position":"center center","background-size":"auto","background-attachment":"scroll","background-type":"","background-media":"","overlay-type":"","overlay-color":"","overlay-opacity":"","overlay-gradient":""}},"ast-content-background-meta":{"desktop":{"background-color":"var(--ast-global-color-5)","background-image":"","background-repeat":"repeat","background-position":"center center","background-size":"auto","background-attachment":"scroll","background-type":"","background-media":"","overlay-type":"","overlay-color":"","overlay-opacity":"","overlay-gradient":""},"tablet":{"background-color":"var(--ast-global-color-5)","background-image":"","background-repeat":"repeat","background-position":"center center","background-size":"auto","background-attachment":"scroll","background-type":"","background-media":"","overlay-type":"","overlay-color":"","overlay-opacity":"","overlay-gradient":""},"mobile":{"background-color":"var(--ast-global-color-5)","background-image":"","background-repeat":"repeat","background-position":"center center","background-size":"auto","background-attachment":"scroll","background-type":"","background-media":"","overlay-type":"","overlay-color":"","overlay-opacity":"","overlay-gradient":""}},"footnotes":""},"categories":[517],"tags":[3327,2922,3328,1656],"class_list":["post-21658","post","type-post","status-publish","format-standard","hentry","category-aconteceu","tag-fuga-em-massa","tag-presidio","tag-rondonia","tag-urgente"],"_links":{"self":[{"href":"https:\/\/noticiasnoface.com.br\/index.php\/wp-json\/wp\/v2\/posts\/21658","targetHints":{"allow":["GET"]}}],"collection":[{"href":"https:\/\/noticiasnoface.com.br\/index.php\/wp-json\/wp\/v2\/posts"}],"about":[{"href":"https:\/\/noticiasnoface.com.br\/index.php\/wp-json\/wp\/v2\/types\/post"}],"author":[{"embeddable":true,"href":"https:\/\/noticiasnoface.com.br\/index.php\/wp-json\/wp\/v2\/users\/1"}],"replies":[{"embeddable":true,"href":"https:\/\/noticiasnoface.com.br\/index.php\/wp-json\/wp\/v2\/comments?post=21658"}],"version-history":[{"count":1,"href":"https:\/\/noticiasnoface.com.br\/index.php\/wp-json\/wp\/v2\/posts\/21658\/revisions"}],"predecessor-version":[{"id":21659,"href":"https:\/\/noticiasnoface.com.br\/index.php\/wp-json\/wp\/v2\/posts\/21658\/revisions\/21659"}],"wp:attachment":[{"href":"https:\/\/noticiasnoface.com.br\/index.php\/wp-json\/wp\/v2\/media?parent=21658"}],"wp:term":[{"taxonomy":"category","embeddable":true,"href":"https:\/\/noticiasnoface.com.br\/index.php\/wp-json\/wp\/v2\/categories?post=21658"},{"taxonomy":"post_tag","embeddable":true,"href":"https:\/\/noticiasnoface.com.br\/index.php\/wp-json\/wp\/v2\/tags?post=21658"}],"curies":[{"name":"wp","href":"https:\/\/api.w.org\/{rel}","templated":true}]}}