{"id":21667,"date":"2024-02-18T23:24:12","date_gmt":"2024-02-19T02:24:12","guid":{"rendered":"https:\/\/noticiasnoface.com.br\/?p=21667"},"modified":"2024-02-18T23:24:12","modified_gmt":"2024-02-19T02:24:12","slug":"vereadores-leo-lima-e-michael-borges-fizeram-uso-da-tribuna-nesta-quinta-feira-8","status":"publish","type":"post","link":"https:\/\/noticiasnoface.com.br\/index.php\/2024\/02\/18\/vereadores-leo-lima-e-michael-borges-fizeram-uso-da-tribuna-nesta-quinta-feira-8\/","title":{"rendered":"Vereadores L\u00e9o Lima e Michael Borges fizeram uso da tribuna nesta quinta-feira (8)"},"content":{"rendered":"\n<figure class=\"wp-block-image size-large\"><img data-opt-id=284195141  fetchpriority=\"high\" decoding=\"async\" width=\"1024\" height=\"535\" src=\"https:\/\/mlbfrsat7ahr.i.optimole.com\/w:1024\/h:535\/q:mauto\/ig:avif\/https:\/\/noticiasnoface.com.br\/wp-content\/uploads\/2024\/02\/img_0322-1.jpg\" class=\"wp-image-21666\" srcset=\"https:\/\/mlbfrsat7ahr.i.optimole.com\/w:1024\/h:535\/q:mauto\/ig:avif\/https:\/\/noticiasnoface.com.br\/wp-content\/uploads\/2024\/02\/img_0322-1.jpg 1024w, https:\/\/mlbfrsat7ahr.i.optimole.com\/w:300\/h:157\/q:mauto\/ig:avif\/https:\/\/noticiasnoface.com.br\/wp-content\/uploads\/2024\/02\/img_0322-1.jpg 300w, https:\/\/mlbfrsat7ahr.i.optimole.com\/w:768\/h:401\/q:mauto\/ig:avif\/https:\/\/noticiasnoface.com.br\/wp-content\/uploads\/2024\/02\/img_0322-1.jpg 768w, https:\/\/mlbfrsat7ahr.i.optimole.com\/w:1104\/h:577\/q:mauto\/ig:avif\/https:\/\/noticiasnoface.com.br\/wp-content\/uploads\/2024\/02\/img_0322-1.jpg 1104w\" sizes=\"(max-width: 1000px) 100vw, 1000px\" \/><figcaption class=\"wp-element-caption\">Durante a 3\u00aa Sess\u00e3o Ordin\u00e1ria deste ano, os vereadores Leo Lima e Michael Borges solicitaram o uso da tribuna para debater os compromissos e projetos para Parnamirim em 2024.<br>O parlamentar Leo Lima, em sua fala, ressaltou as obras que ser\u00e3o realizadas no munic\u00edpio. &#8220;Nosso trabalho est\u00e1 sendo realizado em prol de voc\u00eas e sempre unido com a C\u00e2mara Municipal. N\u00f3s estamos aqui para trabalhar pelos parnamirinenses&#8221;, afirmou.<br>Em sequ\u00eancia, o vereador Michael Borges trouxe discuss\u00f5es sobre o projeto de castra\u00e7\u00e3o de c\u00e3es e gatos em situa\u00e7\u00e3o de vulnerabilidade. O parlamentar enfatizou a import\u00e2ncia do programa e cobrou o andamento do processo. &#8220;Estamos lutando pela causa animal em todos os aspectos e eu tenho certeza que a nossa luta n\u00e3o ser\u00e1 em v\u00e3o&#8221;, declarou.<br><strong>Aprova\u00e7\u00f5es<\/strong><br>Durante a sess\u00e3o, os vereadores aprovaram um requerimento legislativo e uma mo\u00e7\u00e3o de pesar.<br>A Sess\u00e3o Ordin\u00e1ria foi transmitida ao vivo e est\u00e1 dispon\u00edvel no canal do YouTube da C\u00e2mara de Parnamirim.<br><small class=\"cmp-noticia-content-credit\">Fonte:&nbsp;L\u00edvia Mel \/ Ascom CMP<\/small><\/figcaption><\/figure>\n","protected":false},"excerpt":{"rendered":"","protected":false},"author":1,"featured_media":0,"comment_status":"open","ping_status":"open","sticky":false,"template":"","format":"standard","meta":{"site-sidebar-layout":"default","site-content-layout":"","ast-site-content-layout":"default","site-content-style":"default","site-sidebar-style":"default","ast-global-header-display":"","ast-banner-title-visibility":"","ast-main-header-display":"","ast-hfb-above-header-display":"","ast-hfb-below-header-display":"","ast-hfb-mobile-header-display":"","site-post-title":"","ast-breadcrumbs-content":"","ast-featured-img":"","footer-sml-layout":"","ast-disable-related-posts":"","theme-transparent-header-meta":"","adv-header-id-meta":"","stick-header-meta":"","header-above-stick-meta":"","header-main-stick-meta":"","header-below-stick-meta":"","astra-migrate-meta-layouts":"default","ast-page-background-enabled":"default","ast-page-background-meta":{"desktop":{"background-color":"var(--ast-global-color-4)","background-image":"","background-repeat":"repeat","background-position":"center center","background-size":"auto","background-attachment":"scroll","background-type":"","background-media":"","overlay-type":"","overlay-color":"","overlay-opacity":"","overlay-gradient":""},"tablet":{"background-color":"","background-image":"","background-repeat":"repeat","background-position":"center center","background-size":"auto","background-attachment":"scroll","background-type":"","background-media":"","overlay-type":"","overlay-color":"","overlay-opacity":"","overlay-gradient":""},"mobile":{"background-color":"","background-image":"","background-repeat":"repeat","background-position":"center center","background-size":"auto","background-attachment":"scroll","background-type":"","background-media":"","overlay-type":"","overlay-color":"","overlay-opacity":"","overlay-gradient":""}},"ast-content-background-meta":{"desktop":{"background-color":"var(--ast-global-color-5)","background-image":"","background-repeat":"repeat","background-position":"center center","background-size":"auto","background-attachment":"scroll","background-type":"","background-media":"","overlay-type":"","overlay-color":"","overlay-opacity":"","overlay-gradient":""},"tablet":{"background-color":"var(--ast-global-color-5)","background-image":"","background-repeat":"repeat","background-position":"center center","background-size":"auto","background-attachment":"scroll","background-type":"","background-media":"","overlay-type":"","overlay-color":"","overlay-opacity":"","overlay-gradient":""},"mobile":{"background-color":"var(--ast-global-color-5)","background-image":"","background-repeat":"repeat","background-position":"center center","background-size":"auto","background-attachment":"scroll","background-type":"","background-media":"","overlay-type":"","overlay-color":"","overlay-opacity":"","overlay-gradient":""}},"footnotes":""},"categories":[517],"tags":[],"class_list":["post-21667","post","type-post","status-publish","format-standard","hentry","category-aconteceu"],"_links":{"self":[{"href":"https:\/\/noticiasnoface.com.br\/index.php\/wp-json\/wp\/v2\/posts\/21667","targetHints":{"allow":["GET"]}}],"collection":[{"href":"https:\/\/noticiasnoface.com.br\/index.php\/wp-json\/wp\/v2\/posts"}],"about":[{"href":"https:\/\/noticiasnoface.com.br\/index.php\/wp-json\/wp\/v2\/types\/post"}],"author":[{"embeddable":true,"href":"https:\/\/noticiasnoface.com.br\/index.php\/wp-json\/wp\/v2\/users\/1"}],"replies":[{"embeddable":true,"href":"https:\/\/noticiasnoface.com.br\/index.php\/wp-json\/wp\/v2\/comments?post=21667"}],"version-history":[{"count":1,"href":"https:\/\/noticiasnoface.com.br\/index.php\/wp-json\/wp\/v2\/posts\/21667\/revisions"}],"predecessor-version":[{"id":21668,"href":"https:\/\/noticiasnoface.com.br\/index.php\/wp-json\/wp\/v2\/posts\/21667\/revisions\/21668"}],"wp:attachment":[{"href":"https:\/\/noticiasnoface.com.br\/index.php\/wp-json\/wp\/v2\/media?parent=21667"}],"wp:term":[{"taxonomy":"category","embeddable":true,"href":"https:\/\/noticiasnoface.com.br\/index.php\/wp-json\/wp\/v2\/categories?post=21667"},{"taxonomy":"post_tag","embeddable":true,"href":"https:\/\/noticiasnoface.com.br\/index.php\/wp-json\/wp\/v2\/tags?post=21667"}],"curies":[{"name":"wp","href":"https:\/\/api.w.org\/{rel}","templated":true}]}}