{"id":21670,"date":"2024-02-18T23:27:40","date_gmt":"2024-02-19T02:27:40","guid":{"rendered":"https:\/\/noticiasnoface.com.br\/?p=21670"},"modified":"2024-02-18T23:27:40","modified_gmt":"2024-02-19T02:27:40","slug":"ano-legislativo-e-aberto-com-leitura-da-mensagem-do-prefeito-na-camara-de-natal","status":"publish","type":"post","link":"https:\/\/noticiasnoface.com.br\/index.php\/2024\/02\/18\/ano-legislativo-e-aberto-com-leitura-da-mensagem-do-prefeito-na-camara-de-natal\/","title":{"rendered":"Ano Legislativo \u00e9 aberto com leitura da mensagem do prefeito na C\u00e2mara de Natal"},"content":{"rendered":"\n<figure class=\"wp-block-image size-large\"><img data-opt-id=1245866805  fetchpriority=\"high\" decoding=\"async\" width=\"1024\" height=\"680\" src=\"https:\/\/mlbfrsat7ahr.i.optimole.com\/w:1024\/h:680\/q:mauto\/ig:avif\/https:\/\/noticiasnoface.com.br\/wp-content\/uploads\/2024\/02\/img_0324-1.jpg\" class=\"wp-image-21669\" srcset=\"https:\/\/mlbfrsat7ahr.i.optimole.com\/w:1024\/h:680\/q:mauto\/ig:avif\/https:\/\/noticiasnoface.com.br\/wp-content\/uploads\/2024\/02\/img_0324-1.jpg 1024w, https:\/\/mlbfrsat7ahr.i.optimole.com\/w:300\/h:199\/q:mauto\/ig:avif\/https:\/\/noticiasnoface.com.br\/wp-content\/uploads\/2024\/02\/img_0324-1.jpg 300w, https:\/\/mlbfrsat7ahr.i.optimole.com\/w:768\/h:510\/q:mauto\/ig:avif\/https:\/\/noticiasnoface.com.br\/wp-content\/uploads\/2024\/02\/img_0324-1.jpg 768w, https:\/\/mlbfrsat7ahr.i.optimole.com\/w:1536\/h:1020\/q:mauto\/ig:avif\/https:\/\/noticiasnoface.com.br\/wp-content\/uploads\/2024\/02\/img_0324-1.jpg 1536w, https:\/\/mlbfrsat7ahr.i.optimole.com\/w:1600\/h:1063\/q:mauto\/ig:avif\/https:\/\/noticiasnoface.com.br\/wp-content\/uploads\/2024\/02\/img_0324-1.jpg 1600w\" sizes=\"(max-width: 1000px) 100vw, 1000px\" \/><figcaption class=\"wp-element-caption\">A C\u00e2mara Municipal de Natal iniciou as atividades legislativas de 2024. O ato aconteceu na tarde desta quinta-feira (15), com a participa\u00e7\u00e3o do prefeito \u00c1lvaro Dias (Republicanos), que fez a \u00faltima leitura dele da tradicional mensagem anual ao Legislativo.&nbsp;<br>O prefeito prestou contas da gest\u00e3o em 2023 e explanou metas e a\u00e7\u00f5es para este ano. Ele destacou projetos como o Hospital Municipal, que est\u00e1 sendo erguido em frente \u00e0 UPA de Cidade Sat\u00e9lite, com investimento superior a R$ 120 milh\u00f5es, para atender nas \u00e1reas de ginecologia e obstetr\u00edcia, cl\u00ednica m\u00e9dica e realizar cirurgias, com centro de diagn\u00f3stico por imagem e 266 leitos de interna\u00e7\u00e3o, sendo 40 de UTI. Falou tamb\u00e9m&nbsp; do enrocamento na praia de Ponta Negra, na zona Sul; do Complexo Tur\u00edstico da Redinha, no litoral Norte; das obras na Praia do Meio, e do programa Asfalto Novo, nas ruas e avenidas das quatro regi\u00f5es da cidade.&nbsp;<br>&#8220;Os servi\u00e7os de enrocamento tocados pela Prefeitura em parceria com o Governo Federal est\u00e3o conclu\u00eddos. Foram implantados 19 mil blocos de concreto em uma extens\u00e3o de 1.173 metros, no tempo certo, sem maiores problemas para os usu\u00e1rios e garantindo mais seguran\u00e7a e prote\u00e7\u00e3o para a orla urbana e Via Costeira. Uma a\u00e7\u00e3o que preserva empregos naquela regi\u00e3o, onde se concentra grande parte dos visitantes que se hospedam em Natal, uma cidade que tem no turismo sua principal atividade econ\u00f4mica. Essa obra \u00e9 parte estrat\u00e9gica da futura obra de engorda da praia de Ponta Negra, que est\u00e1 em licita\u00e7\u00e3o para ser realizada agora em 2024&#8221;, pontuou \u00c1lvaro Dias.<br>&#8220;Na Zona Norte, estamos fazendo a maior obra j\u00e1 realizada no litoral de Natal. O Complexo Tur\u00edstico da Redinha passa de 80% de execu\u00e7\u00e3o. O destaque \u00e9 o trabalho de pavimenta\u00e7\u00e3o asf\u00e1ltica promovido no entorno do complexo e as obras no setor onde ficar\u00e3o os boxes destinados ao artesanato e os restaurantes. A nova ilumina\u00e7\u00e3o tamb\u00e9m avan\u00e7ou. Os investimentos da Prefeitura de Natal nessa obra, em parceria com o Governo Federal e com o apoio da bancada federal do Estado, somam quase R$ 30 milh\u00f5es&#8221;, acrescentou.<br>Sobre a Educa\u00e7\u00e3o, mereceu men\u00e7\u00e3o a Escola Municipal de Tempo Integral Padre Tiago Theisen, na Zona Norte, que est\u00e1 sendo executada em tr\u00eas etapas, com um or\u00e7amento superior a R$ 16 milh\u00f5es. &#8220;J\u00e1 entregamos a primeira etapa para a comunidade. S\u00e3o 12 salas de aula, laborat\u00f3rio de ci\u00eancias, de inform\u00e1tica, quadra, audit\u00f3rio, refeit\u00f3rio e cozinha com capacidade para atender 475 estudantes do ensino fundamental e 174 crian\u00e7as da Educa\u00e7\u00e3o Infantil em tempo integral&#8221;, informou. &#8220;Ampliamos tamb\u00e9m o n\u00famero de estudantes beneficiados com o Passe Livre. Atualizamos o valor do Tributo \u00e0 Crian\u00e7a que hoje varia de R$ 80 a R$ 160, de acordo com o quantitativo de dependentes por fam\u00edlia. Ampliamos nossa parceria com o IFRN, UFRN e Sesi em a\u00e7\u00f5es voltadas para a Educa\u00e7\u00e3o de Jovens e Adultos&#8221;, elencou o prefeito.<br>De acordo com \u00c1lvaro Dias, em rela\u00e7\u00e3o a 2022, houve um aumento de R$ 88 milh\u00f5es nas despesas com a Sa\u00fade. &#8220;Comprovando o que venho dizendo h\u00e1 tempos: Natal est\u00e1 bancando a sa\u00fade do Estado. Nossas portas abertas est\u00e3o recebendo pacientes de todo o RN, sem a respectiva contrapartida financeira. A educa\u00e7\u00e3o demandou outros R$ 517 milh\u00f5es, o que significa dizer que em Sa\u00fade e Educa\u00e7\u00e3o, o munic\u00edpio aplicou R$ 1,2 bilh\u00e3o&#8221;, disse ele, que completou: &#8220;Estamos trabalhando, e para isso tenho contado de maneira positiva com a parceria deste Poder Legislativo, para fazer uma cidade onde as pessoas possam sair \u00e0s ruas, praticar esporte, conversar nas pra\u00e7as, usufruir dos bens culturais e dos servi\u00e7os p\u00fablicos essenciais&#8221;.&nbsp;<br>Em seguida, o presidente da Casa, vereador Eriko J\u00e1come (MDB), avaliou a mensagem do prefeito \u00c1lvaro Dias e falou das suas expectativas para 2024. &#8220;O discurso do prefeito mostrou preocupa\u00e7\u00e3o em promover harmonia entre os poderes e reconhecimento da import\u00e2ncia da C\u00e2mara Municipal nas decis\u00f5es que impactam no dia a dia dos natalenses. Dito isso, a tarefa que temos \u00e9 ajudar para que as 100 obras que est\u00e3o em andamento sejam conclu\u00eddas, porque isso far\u00e1 a cidade crescer. Por este motivo, o progn\u00f3stico que fa\u00e7o para este ano \u00e9 o melhor poss\u00edvel&#8221;, concluiu.&nbsp;<br>O vereador Felipe Alves (Uni\u00e3o Brasil) tamb\u00e9m comentou o discurso do chefe do Executivo: &#8220;Achei uma fala consistente acerca do balan\u00e7o da atua\u00e7\u00e3o da Prefeitura em diversas \u00e1reas. O prefeito nos contemplou com as perspectivas de conclus\u00e3o das diversas obras que est\u00e3o sendo tocadas na cidade, como \u00e9 o caso do Terminal Tur\u00edstico da Redinha, Avenida Felizardo Moura, as obras vi\u00e1rias, como \u00e9 o caso do Pontilh\u00e3o de Cidade Nova. A engorda da Praia de Ponta Negra foi outra obra citada com expectativa de conclus\u00e3o para este ano. Ent\u00e3o, acredito que foi uma mensagem otimista e realista&#8221;.&nbsp;<br>J\u00e1 a vereadora J\u00falia Arruda (PCdoB) fez pondera\u00e7\u00f5es sobre a mensagem lida por \u00c1lvaro Dias: &#8220;Na minha opini\u00e3o, o discurso ficou limitado \u00e0 presta\u00e7\u00e3o de contas. Senti falta de assuntos que considero fundamentais e urgentes, como o transporte p\u00fablico, especialmente a licita\u00e7\u00e3o dos transportes, que ainda n\u00e3o tem previs\u00e3o para acontecer, e o usu\u00e1rio segue passando por situa\u00e7\u00f5es dif\u00edceis. Tamb\u00e9m n\u00e3o foram apresentadas solu\u00e7\u00f5es para as crian\u00e7as que est\u00e3o fora da sala de aula&#8221;.<br><\/figcaption><\/figure>\n","protected":false},"excerpt":{"rendered":"","protected":false},"author":1,"featured_media":0,"comment_status":"open","ping_status":"open","sticky":false,"template":"","format":"standard","meta":{"site-sidebar-layout":"default","site-content-layout":"","ast-site-content-layout":"default","site-content-style":"default","site-sidebar-style":"default","ast-global-header-display":"","ast-banner-title-visibility":"","ast-main-header-display":"","ast-hfb-above-header-display":"","ast-hfb-below-header-display":"","ast-hfb-mobile-header-display":"","site-post-title":"","ast-breadcrumbs-content":"","ast-featured-img":"","footer-sml-layout":"","ast-disable-related-posts":"","theme-transparent-header-meta":"","adv-header-id-meta":"","stick-header-meta":"","header-above-stick-meta":"","header-main-stick-meta":"","header-below-stick-meta":"","astra-migrate-meta-layouts":"default","ast-page-background-enabled":"default","ast-page-background-meta":{"desktop":{"background-color":"var(--ast-global-color-4)","background-image":"","background-repeat":"repeat","background-position":"center center","background-size":"auto","background-attachment":"scroll","background-type":"","background-media":"","overlay-type":"","overlay-color":"","overlay-opacity":"","overlay-gradient":""},"tablet":{"background-color":"","background-image":"","background-repeat":"repeat","background-position":"center center","background-size":"auto","background-attachment":"scroll","background-type":"","background-media":"","overlay-type":"","overlay-color":"","overlay-opacity":"","overlay-gradient":""},"mobile":{"background-color":"","background-image":"","background-repeat":"repeat","background-position":"center center","background-size":"auto","background-attachment":"scroll","background-type":"","background-media":"","overlay-type":"","overlay-color":"","overlay-opacity":"","overlay-gradient":""}},"ast-content-background-meta":{"desktop":{"background-color":"var(--ast-global-color-5)","background-image":"","background-repeat":"repeat","background-position":"center center","background-size":"auto","background-attachment":"scroll","background-type":"","background-media":"","overlay-type":"","overlay-color":"","overlay-opacity":"","overlay-gradient":""},"tablet":{"background-color":"var(--ast-global-color-5)","background-image":"","background-repeat":"repeat","background-position":"center center","background-size":"auto","background-attachment":"scroll","background-type":"","background-media":"","overlay-type":"","overlay-color":"","overlay-opacity":"","overlay-gradient":""},"mobile":{"background-color":"var(--ast-global-color-5)","background-image":"","background-repeat":"repeat","background-position":"center center","background-size":"auto","background-attachment":"scroll","background-type":"","background-media":"","overlay-type":"","overlay-color":"","overlay-opacity":"","overlay-gradient":""}},"footnotes":""},"categories":[517],"tags":[],"class_list":["post-21670","post","type-post","status-publish","format-standard","hentry","category-aconteceu"],"_links":{"self":[{"href":"https:\/\/noticiasnoface.com.br\/index.php\/wp-json\/wp\/v2\/posts\/21670","targetHints":{"allow":["GET"]}}],"collection":[{"href":"https:\/\/noticiasnoface.com.br\/index.php\/wp-json\/wp\/v2\/posts"}],"about":[{"href":"https:\/\/noticiasnoface.com.br\/index.php\/wp-json\/wp\/v2\/types\/post"}],"author":[{"embeddable":true,"href":"https:\/\/noticiasnoface.com.br\/index.php\/wp-json\/wp\/v2\/users\/1"}],"replies":[{"embeddable":true,"href":"https:\/\/noticiasnoface.com.br\/index.php\/wp-json\/wp\/v2\/comments?post=21670"}],"version-history":[{"count":1,"href":"https:\/\/noticiasnoface.com.br\/index.php\/wp-json\/wp\/v2\/posts\/21670\/revisions"}],"predecessor-version":[{"id":21671,"href":"https:\/\/noticiasnoface.com.br\/index.php\/wp-json\/wp\/v2\/posts\/21670\/revisions\/21671"}],"wp:attachment":[{"href":"https:\/\/noticiasnoface.com.br\/index.php\/wp-json\/wp\/v2\/media?parent=21670"}],"wp:term":[{"taxonomy":"category","embeddable":true,"href":"https:\/\/noticiasnoface.com.br\/index.php\/wp-json\/wp\/v2\/categories?post=21670"},{"taxonomy":"post_tag","embeddable":true,"href":"https:\/\/noticiasnoface.com.br\/index.php\/wp-json\/wp\/v2\/tags?post=21670"}],"curies":[{"name":"wp","href":"https:\/\/api.w.org\/{rel}","templated":true}]}}