{"id":21677,"date":"2024-02-19T08:14:09","date_gmt":"2024-02-19T11:14:09","guid":{"rendered":"https:\/\/noticiasnoface.com.br\/?p=21677"},"modified":"2024-02-19T08:15:28","modified_gmt":"2024-02-19T11:15:28","slug":"veja-fotos-da-cadeia-que-os-presos-fugiram","status":"publish","type":"post","link":"https:\/\/noticiasnoface.com.br\/index.php\/2024\/02\/19\/veja-fotos-da-cadeia-que-os-presos-fugiram\/","title":{"rendered":"Veja fotos da cadeia que os presos fugiram"},"content":{"rendered":"\n<figure class=\"wp-block-image size-large\"><img data-opt-id=1388376223  fetchpriority=\"high\" decoding=\"async\" width=\"1024\" height=\"581\" src=\"https:\/\/mlbfrsat7ahr.i.optimole.com\/w:1024\/h:581\/q:mauto\/ig:avif\/https:\/\/noticiasnoface.com.br\/wp-content\/uploads\/2024\/02\/img_0337.jpg\" class=\"wp-image-21674\" srcset=\"https:\/\/mlbfrsat7ahr.i.optimole.com\/w:1024\/h:581\/q:mauto\/ig:avif\/https:\/\/noticiasnoface.com.br\/wp-content\/uploads\/2024\/02\/img_0337.jpg 1024w, https:\/\/mlbfrsat7ahr.i.optimole.com\/w:300\/h:170\/q:mauto\/ig:avif\/https:\/\/noticiasnoface.com.br\/wp-content\/uploads\/2024\/02\/img_0337.jpg 300w, https:\/\/mlbfrsat7ahr.i.optimole.com\/w:768\/h:435\/q:mauto\/ig:avif\/https:\/\/noticiasnoface.com.br\/wp-content\/uploads\/2024\/02\/img_0337.jpg 768w, https:\/\/mlbfrsat7ahr.i.optimole.com\/w:1536\/h:871\/q:mauto\/ig:avif\/https:\/\/noticiasnoface.com.br\/wp-content\/uploads\/2024\/02\/img_0337.jpg 1536w, https:\/\/mlbfrsat7ahr.i.optimole.com\/w:1904\/h:1080\/q:mauto\/ig:avif\/https:\/\/noticiasnoface.com.br\/wp-content\/uploads\/2024\/02\/img_0337.jpg 2000w\" sizes=\"(max-width: 1000px) 100vw, 1000px\" \/><figcaption class=\"wp-element-caption\">Os criminosos Rog\u00e9rio da Silva Mendon\u00e7a e Deibson Cabral Nascimento arrancaram uma lumin\u00e1ria que teria largura de at\u00e9 18 cm para fugir do pres\u00eddio federal de seguran\u00e7a m\u00e1xima de Mossor\u00f3, no Rio Grande do Norte. A dupla est\u00e1 foragida desde a 4\u00aa feira (14.fev.2024).<br>Neste domingo (18.fev.2024), o programa Fant\u00e1stico, da TV Globo, trouxe imagens exclusivas da penitenci\u00e1ria. Os bandidos cumpriam pena na \u00e1rea tida como a mais r\u00edgida do pres\u00eddio, chamada de RDD (Regime Disciplinar Diferenciado). Nela, h\u00e1 12 celas isoladas.<br>Os 2 estavam em celas separadas, que ficavam lado a lado. Cada uma delas tem 8 metros quadrados. S\u00e3o compostas por cama e mesa de concreto, banheiro e um pequeno espa\u00e7o para banho de sol.<br>A lumin\u00e1ria que foi arrancada tinha uma estrutura refor\u00e7ada de ferro embutida. Ao retir\u00e1-la, os criminosos aumentaram o buraco para poder passar.<br>A investiga\u00e7\u00e3o tem como hip\u00f3tese que os fugitivos tiraram peda\u00e7os de ferro das paredes da cela e utilizaram para arrancar a lumin\u00e1ria. Podem ter arrancado da parte inferior de uma mesa, do banheiro ou de uma parede.<br>Para os investigadores, os 2 agiram de \u201cforma coordenada\u201d. Ao abrir o buraco, os criminosos tiveram acesso a uma \u00e1rea de servi\u00e7o chamada de \u201cshaft\u201d. Por ela, passam a rede el\u00e9trica, dutos e uma escada que d\u00e1 acesso ao telhado da cadeia.<br>Ao chegar ao teto, Rog\u00e9rio da Silva Mendon\u00e7a e Deibson Cabral Nascimento tiveram de tirar s\u00f3 uma telha. Em seguida, foram para o p\u00e1tio.<br>Um tapume de metal cercava a \u00e1rea externa por causa de obras realizadas atualmente na penitenci\u00e1ria. Ele servia para delimitar o espa\u00e7o onde ficam os oper\u00e1rios e os materiais.<br>Os 2 fugitivos cortaram a grade de arame do p\u00e1tio e deixaram a cadeia sem que algu\u00e9m percebesse.<br><strong>Poder360<\/strong><\/figcaption><\/figure>\n\n\n\n<figure class=\"wp-block-image size-large\"><img data-opt-id=442165814  fetchpriority=\"high\" decoding=\"async\" width=\"1024\" height=\"577\" src=\"https:\/\/mlbfrsat7ahr.i.optimole.com\/w:1024\/h:577\/q:mauto\/ig:avif\/https:\/\/noticiasnoface.com.br\/wp-content\/uploads\/2024\/02\/img_0338.jpg\" class=\"wp-image-21675\" srcset=\"https:\/\/mlbfrsat7ahr.i.optimole.com\/w:1024\/h:577\/q:mauto\/ig:avif\/https:\/\/noticiasnoface.com.br\/wp-content\/uploads\/2024\/02\/img_0338.jpg 1024w, https:\/\/mlbfrsat7ahr.i.optimole.com\/w:300\/h:169\/q:mauto\/ig:avif\/https:\/\/noticiasnoface.com.br\/wp-content\/uploads\/2024\/02\/img_0338.jpg 300w, https:\/\/mlbfrsat7ahr.i.optimole.com\/w:768\/h:432\/q:mauto\/ig:avif\/https:\/\/noticiasnoface.com.br\/wp-content\/uploads\/2024\/02\/img_0338.jpg 768w, https:\/\/mlbfrsat7ahr.i.optimole.com\/w:1536\/h:865\/q:mauto\/ig:avif\/https:\/\/noticiasnoface.com.br\/wp-content\/uploads\/2024\/02\/img_0338.jpg 1536w, https:\/\/mlbfrsat7ahr.i.optimole.com\/w:800\/h:450\/q:mauto\/ig:avif\/https:\/\/noticiasnoface.com.br\/wp-content\/uploads\/2024\/02\/img_0338.jpg 800w, https:\/\/mlbfrsat7ahr.i.optimole.com\/w:1918\/h:1080\/q:mauto\/ig:avif\/https:\/\/noticiasnoface.com.br\/wp-content\/uploads\/2024\/02\/img_0338.jpg 2000w\" sizes=\"(max-width: 1000px) 100vw, 1000px\" \/><figcaption class=\"wp-element-caption\">Cela onde os presos dormiam <\/figcaption><\/figure>\n\n\n\n<figure class=\"wp-block-image size-large\"><img data-opt-id=716561773  data-opt-src=\"https:\/\/mlbfrsat7ahr.i.optimole.com\/w:1024\/h:581\/q:mauto\/ig:avif\/https:\/\/noticiasnoface.com.br\/wp-content\/uploads\/2024\/02\/img_0337-1.jpg\"  decoding=\"async\" width=\"1024\" height=\"581\" src=\"data:image/svg+xml,%3Csvg%20viewBox%3D%220%200%201024%20581%22%20width%3D%221024%22%20height%3D%22581%22%20xmlns%3D%22http%3A%2F%2Fwww.w3.org%2F2000%2Fsvg%22%3E%3Crect%20width%3D%221024%22%20height%3D%22581%22%20fill%3D%22transparent%22%2F%3E%3C%2Fsvg%3E\" class=\"wp-image-21676\" old-srcset=\"https:\/\/mlbfrsat7ahr.i.optimole.com\/w:1024\/h:581\/q:mauto\/ig:avif\/https:\/\/noticiasnoface.com.br\/wp-content\/uploads\/2024\/02\/img_0337-1.jpg 1024w, https:\/\/mlbfrsat7ahr.i.optimole.com\/w:300\/h:170\/q:mauto\/ig:avif\/https:\/\/noticiasnoface.com.br\/wp-content\/uploads\/2024\/02\/img_0337-1.jpg 300w, https:\/\/mlbfrsat7ahr.i.optimole.com\/w:768\/h:435\/q:mauto\/ig:avif\/https:\/\/noticiasnoface.com.br\/wp-content\/uploads\/2024\/02\/img_0337-1.jpg 768w, https:\/\/mlbfrsat7ahr.i.optimole.com\/w:1536\/h:871\/q:mauto\/ig:avif\/https:\/\/noticiasnoface.com.br\/wp-content\/uploads\/2024\/02\/img_0337-1.jpg 1536w, https:\/\/mlbfrsat7ahr.i.optimole.com\/w:1904\/h:1080\/q:mauto\/ig:avif\/https:\/\/noticiasnoface.com.br\/wp-content\/uploads\/2024\/02\/img_0337-1.jpg 2000w\" \/><figcaption class=\"wp-element-caption\">A penitenci\u00e1ria de seguran\u00e7a m\u00e1xima j\u00e1 n\u00e3o \u00e9 mais de seguran\u00e7a m\u00e1xima <\/figcaption><\/figure>\n","protected":false},"excerpt":{"rendered":"","protected":false},"author":1,"featured_media":0,"comment_status":"open","ping_status":"open","sticky":false,"template":"","format":"standard","meta":{"site-sidebar-layout":"default","site-content-layout":"","ast-site-content-layout":"default","site-content-style":"default","site-sidebar-style":"default","ast-global-header-display":"","ast-banner-title-visibility":"","ast-main-header-display":"","ast-hfb-above-header-display":"","ast-hfb-below-header-display":"","ast-hfb-mobile-header-display":"","site-post-title":"","ast-breadcrumbs-content":"","ast-featured-img":"","footer-sml-layout":"","ast-disable-related-posts":"","theme-transparent-header-meta":"","adv-header-id-meta":"","stick-header-meta":"","header-above-stick-meta":"","header-main-stick-meta":"","header-below-stick-meta":"","astra-migrate-meta-layouts":"default","ast-page-background-enabled":"default","ast-page-background-meta":{"desktop":{"background-color":"var(--ast-global-color-4)","background-image":"","background-repeat":"repeat","background-position":"center center","background-size":"auto","background-attachment":"scroll","background-type":"","background-media":"","overlay-type":"","overlay-color":"","overlay-opacity":"","overlay-gradient":""},"tablet":{"background-color":"","background-image":"","background-repeat":"repeat","background-position":"center center","background-size":"auto","background-attachment":"scroll","background-type":"","background-media":"","overlay-type":"","overlay-color":"","overlay-opacity":"","overlay-gradient":""},"mobile":{"background-color":"","background-image":"","background-repeat":"repeat","background-position":"center center","background-size":"auto","background-attachment":"scroll","background-type":"","background-media":"","overlay-type":"","overlay-color":"","overlay-opacity":"","overlay-gradient":""}},"ast-content-background-meta":{"desktop":{"background-color":"var(--ast-global-color-5)","background-image":"","background-repeat":"repeat","background-position":"center center","background-size":"auto","background-attachment":"scroll","background-type":"","background-media":"","overlay-type":"","overlay-color":"","overlay-opacity":"","overlay-gradient":""},"tablet":{"background-color":"var(--ast-global-color-5)","background-image":"","background-repeat":"repeat","background-position":"center center","background-size":"auto","background-attachment":"scroll","background-type":"","background-media":"","overlay-type":"","overlay-color":"","overlay-opacity":"","overlay-gradient":""},"mobile":{"background-color":"var(--ast-global-color-5)","background-image":"","background-repeat":"repeat","background-position":"center center","background-size":"auto","background-attachment":"scroll","background-type":"","background-media":"","overlay-type":"","overlay-color":"","overlay-opacity":"","overlay-gradient":""}},"footnotes":""},"categories":[517],"tags":[3315,3330,289,2922,2700],"class_list":["post-21677","post","type-post","status-publish","format-standard","hentry","category-aconteceu","tag-fuga","tag-lula-pre-sidente","tag-mossoro","tag-presidio","tag-seguranca-publica"],"_links":{"self":[{"href":"https:\/\/noticiasnoface.com.br\/index.php\/wp-json\/wp\/v2\/posts\/21677","targetHints":{"allow":["GET"]}}],"collection":[{"href":"https:\/\/noticiasnoface.com.br\/index.php\/wp-json\/wp\/v2\/posts"}],"about":[{"href":"https:\/\/noticiasnoface.com.br\/index.php\/wp-json\/wp\/v2\/types\/post"}],"author":[{"embeddable":true,"href":"https:\/\/noticiasnoface.com.br\/index.php\/wp-json\/wp\/v2\/users\/1"}],"replies":[{"embeddable":true,"href":"https:\/\/noticiasnoface.com.br\/index.php\/wp-json\/wp\/v2\/comments?post=21677"}],"version-history":[{"count":1,"href":"https:\/\/noticiasnoface.com.br\/index.php\/wp-json\/wp\/v2\/posts\/21677\/revisions"}],"predecessor-version":[{"id":21678,"href":"https:\/\/noticiasnoface.com.br\/index.php\/wp-json\/wp\/v2\/posts\/21677\/revisions\/21678"}],"wp:attachment":[{"href":"https:\/\/noticiasnoface.com.br\/index.php\/wp-json\/wp\/v2\/media?parent=21677"}],"wp:term":[{"taxonomy":"category","embeddable":true,"href":"https:\/\/noticiasnoface.com.br\/index.php\/wp-json\/wp\/v2\/categories?post=21677"},{"taxonomy":"post_tag","embeddable":true,"href":"https:\/\/noticiasnoface.com.br\/index.php\/wp-json\/wp\/v2\/tags?post=21677"}],"curies":[{"name":"wp","href":"https:\/\/api.w.org\/{rel}","templated":true}]}}