{"id":21700,"date":"2024-02-20T08:27:58","date_gmt":"2024-02-20T11:27:58","guid":{"rendered":"https:\/\/noticiasnoface.com.br\/?p=21700"},"modified":"2024-02-20T08:34:26","modified_gmt":"2024-02-20T11:34:26","slug":"menino-e-encontrado-morto-dentro-de-tanque-de-peixes","status":"publish","type":"post","link":"https:\/\/noticiasnoface.com.br\/index.php\/2024\/02\/20\/menino-e-encontrado-morto-dentro-de-tanque-de-peixes\/","title":{"rendered":"Av\u00f4 estupra, mata e joga neto dentro de tanque de peixes"},"content":{"rendered":"\n<figure class=\"wp-block-image size-large\"><img data-opt-id=720707531  fetchpriority=\"high\" decoding=\"async\" width=\"1024\" height=\"642\" src=\"https:\/\/mlbfrsat7ahr.i.optimole.com\/w:1024\/h:642\/q:mauto\/ig:avif\/https:\/\/noticiasnoface.com.br\/wp-content\/uploads\/2024\/02\/img_0413.jpg\" alt=\"\" class=\"wp-image-21699\" srcset=\"https:\/\/mlbfrsat7ahr.i.optimole.com\/w:1024\/h:642\/q:mauto\/ig:avif\/https:\/\/noticiasnoface.com.br\/wp-content\/uploads\/2024\/02\/img_0413.jpg 1024w, https:\/\/mlbfrsat7ahr.i.optimole.com\/w:300\/h:188\/q:mauto\/ig:avif\/https:\/\/noticiasnoface.com.br\/wp-content\/uploads\/2024\/02\/img_0413.jpg 300w, https:\/\/mlbfrsat7ahr.i.optimole.com\/w:768\/h:481\/q:mauto\/ig:avif\/https:\/\/noticiasnoface.com.br\/wp-content\/uploads\/2024\/02\/img_0413.jpg 768w, https:\/\/mlbfrsat7ahr.i.optimole.com\/w:1536\/h:962\/q:mauto\/ig:avif\/https:\/\/noticiasnoface.com.br\/wp-content\/uploads\/2024\/02\/img_0413.jpg 1536w, https:\/\/mlbfrsat7ahr.i.optimole.com\/w:1700\/h:1065\/q:mauto\/ig:avif\/https:\/\/noticiasnoface.com.br\/wp-content\/uploads\/2024\/02\/img_0413.jpg 1700w\" sizes=\"(max-width: 1000px) 100vw, 1000px\" \/><figcaption class=\"wp-element-caption\">Menino de 2 anos \u00e9 encontrado morto dentro de tanque de peixes. Menino de 2 anos \u00e9 encontrado morto com sinais de enforcamento dentro de tanque de peixes em Goi\u00e1s<br \/>V\u00edtima estava no local com a fam\u00edlia e com alguns conhecidos. Pol\u00edcia Civil disse que j\u00e1 tem suspeitos do crime, mas n\u00e3o vai divulgar informa\u00e7\u00f5es para n\u00e3o atrapalhar investiga\u00e7\u00e3o.<br \/>A Pol\u00edcia Civil j\u00e1 tem suspeitos do crime. \u201cAs pessoas que estavam l\u00e1 eram do conv\u00edvio da fam\u00edlia\u201d, completou o delegado.<br \/>Adorno informou que n\u00e3o vai divulgar mais informa\u00e7\u00f5es para n\u00e3o atrapalhar as investiga\u00e7\u00f5es sobre o caso. O av\u00f4 est\u00e1 preso junto com a av\u00f3 <\/figcaption><\/figure>\n","protected":false},"excerpt":{"rendered":"","protected":false},"author":1,"featured_media":0,"comment_status":"open","ping_status":"open","sticky":false,"template":"","format":"standard","meta":{"site-sidebar-layout":"default","site-content-layout":"","ast-site-content-layout":"default","site-content-style":"default","site-sidebar-style":"default","ast-global-header-display":"","ast-banner-title-visibility":"","ast-main-header-display":"","ast-hfb-above-header-display":"","ast-hfb-below-header-display":"","ast-hfb-mobile-header-display":"","site-post-title":"","ast-breadcrumbs-content":"","ast-featured-img":"","footer-sml-layout":"","ast-disable-related-posts":"","theme-transparent-header-meta":"","adv-header-id-meta":"","stick-header-meta":"","header-above-stick-meta":"","header-main-stick-meta":"","header-below-stick-meta":"","astra-migrate-meta-layouts":"default","ast-page-background-enabled":"default","ast-page-background-meta":{"desktop":{"background-color":"var(--ast-global-color-4)","background-image":"","background-repeat":"repeat","background-position":"center center","background-size":"auto","background-attachment":"scroll","background-type":"","background-media":"","overlay-type":"","overlay-color":"","overlay-opacity":"","overlay-gradient":""},"tablet":{"background-color":"","background-image":"","background-repeat":"repeat","background-position":"center center","background-size":"auto","background-attachment":"scroll","background-type":"","background-media":"","overlay-type":"","overlay-color":"","overlay-opacity":"","overlay-gradient":""},"mobile":{"background-color":"","background-image":"","background-repeat":"repeat","background-position":"center center","background-size":"auto","background-attachment":"scroll","background-type":"","background-media":"","overlay-type":"","overlay-color":"","overlay-opacity":"","overlay-gradient":""}},"ast-content-background-meta":{"desktop":{"background-color":"var(--ast-global-color-5)","background-image":"","background-repeat":"repeat","background-position":"center center","background-size":"auto","background-attachment":"scroll","background-type":"","background-media":"","overlay-type":"","overlay-color":"","overlay-opacity":"","overlay-gradient":""},"tablet":{"background-color":"var(--ast-global-color-5)","background-image":"","background-repeat":"repeat","background-position":"center center","background-size":"auto","background-attachment":"scroll","background-type":"","background-media":"","overlay-type":"","overlay-color":"","overlay-opacity":"","overlay-gradient":""},"mobile":{"background-color":"var(--ast-global-color-5)","background-image":"","background-repeat":"repeat","background-position":"center center","background-size":"auto","background-attachment":"scroll","background-type":"","background-media":"","overlay-type":"","overlay-color":"","overlay-opacity":"","overlay-gradient":""}},"footnotes":""},"categories":[517],"tags":[3336,1169,801,1069,3335],"class_list":["post-21700","post","type-post","status-publish","format-standard","hentry","category-aconteceu","tag-enforcado","tag-menino","tag-morreu","tag-suspeito","tag-tanque-de-peixes"],"_links":{"self":[{"href":"https:\/\/noticiasnoface.com.br\/index.php\/wp-json\/wp\/v2\/posts\/21700","targetHints":{"allow":["GET"]}}],"collection":[{"href":"https:\/\/noticiasnoface.com.br\/index.php\/wp-json\/wp\/v2\/posts"}],"about":[{"href":"https:\/\/noticiasnoface.com.br\/index.php\/wp-json\/wp\/v2\/types\/post"}],"author":[{"embeddable":true,"href":"https:\/\/noticiasnoface.com.br\/index.php\/wp-json\/wp\/v2\/users\/1"}],"replies":[{"embeddable":true,"href":"https:\/\/noticiasnoface.com.br\/index.php\/wp-json\/wp\/v2\/comments?post=21700"}],"version-history":[{"count":4,"href":"https:\/\/noticiasnoface.com.br\/index.php\/wp-json\/wp\/v2\/posts\/21700\/revisions"}],"predecessor-version":[{"id":21704,"href":"https:\/\/noticiasnoface.com.br\/index.php\/wp-json\/wp\/v2\/posts\/21700\/revisions\/21704"}],"wp:attachment":[{"href":"https:\/\/noticiasnoface.com.br\/index.php\/wp-json\/wp\/v2\/media?parent=21700"}],"wp:term":[{"taxonomy":"category","embeddable":true,"href":"https:\/\/noticiasnoface.com.br\/index.php\/wp-json\/wp\/v2\/categories?post=21700"},{"taxonomy":"post_tag","embeddable":true,"href":"https:\/\/noticiasnoface.com.br\/index.php\/wp-json\/wp\/v2\/tags?post=21700"}],"curies":[{"name":"wp","href":"https:\/\/api.w.org\/{rel}","templated":true}]}}