{"id":21738,"date":"2024-02-22T20:19:31","date_gmt":"2024-02-22T23:19:31","guid":{"rendered":"https:\/\/noticiasnoface.com.br\/?p=21738"},"modified":"2024-02-22T20:19:32","modified_gmt":"2024-02-22T23:19:32","slug":"policia-federal-perguntou-se-bolsonaro-era-cis-veja-a-resposta","status":"publish","type":"post","link":"https:\/\/noticiasnoface.com.br\/index.php\/2024\/02\/22\/policia-federal-perguntou-se-bolsonaro-era-cis-veja-a-resposta\/","title":{"rendered":"Pol\u00edcia Federal perguntou se Bolsonaro era \u201cCIS\u201d, veja a resposta"},"content":{"rendered":"\n<figure class=\"wp-block-image size-large\"><img data-opt-id=1896823717  fetchpriority=\"high\" decoding=\"async\" width=\"739\" height=\"415\" src=\"https:\/\/mlbfrsat7ahr.i.optimole.com\/w:auto\/h:auto\/q:mauto\/ig:avif\/https:\/\/noticiasnoface.com.br\/wp-content\/uploads\/2024\/02\/img_0553-1.jpg\" class=\"wp-image-21737\" srcset=\"https:\/\/mlbfrsat7ahr.i.optimole.com\/w:739\/h:415\/q:mauto\/ig:avif\/https:\/\/noticiasnoface.com.br\/wp-content\/uploads\/2024\/02\/img_0553-1.jpg 739w, https:\/\/mlbfrsat7ahr.i.optimole.com\/w:300\/h:168\/q:mauto\/ig:avif\/https:\/\/noticiasnoface.com.br\/wp-content\/uploads\/2024\/02\/img_0553-1.jpg 300w\" sizes=\"(max-width: 739px) 100vw, 739px\" \/><figcaption class=\"wp-element-caption\">O delegado que interrogava&nbsp;<a href=\"https:\/\/www.bnews.com.br\/tags\/jair-bolsonaro\" target=\"_blank\" rel=\"noopener\">Jair Bolsonaro<\/a>&nbsp;no depoimento \u00e0&nbsp;<a href=\"https:\/\/www.bnews.com.br\/tags\/policia-federal\" target=\"_blank\" rel=\"noopener\">Pol\u00edcia Federal (PF)<\/a>&nbsp;nesta quinta-feira (22) perguntou ao ex-presidente se ele era \u201ccis\u201d, em refer\u00eancia a denomina\u00e7\u00e3o \u201ccisg\u00eanero\u201d. Bolsonaro, que decidiu ficar em sil\u00eancio em rela\u00e7\u00e3o \u00e0s perguntas sobre a investiga\u00e7\u00e3o em si, respondeu que n\u00e3o sabia o que era.<br>Segundo a coluna de Igor Gadelha, do Metr\u00f3poles, o ex-presidente foi informado que a pergunta fazia parte de um novo procedimento da PF, que passou a incluir os termos \u201ctransg\u00eanero\u201d e \u201ccisg\u00eanero\u201d na lista de dados de pessoas que prestam depoimento \u00e0 corpora\u00e7\u00e3o.<br>A PF decidiu adotar, em janeiro, o procedimento para se alinhar \u00e0s diretrizes adotadas pelo governo Lula para pol\u00edticas&nbsp;<a href=\"https:\/\/www.bnews.com.br\/tags\/lgbtqia\" target=\"_blank\" rel=\"noopener\">LGBTQIA+<\/a>.<br>Ainda desconhecidos de grande parte da popula\u00e7\u00e3o, os termos seguem acompanhados de explica\u00e7\u00f5es feitas pela pr\u00f3pria PF. A identifica\u00e7\u00e3o tamb\u00e9m inclui o campo \u201corienta\u00e7\u00e3o sexual\u201d.<br>Cisg\u00eanero \u00e9 o indiv\u00edduo que se identifica com o sexo biol\u00f3gico (masculino ou feminino) com o qual nasceu. J\u00e1 o \u201ctransg\u00eanero\u201d se identifica com um g\u00eanero diferente daquele que lhe foi dado no nascimento.<\/figcaption><\/figure>\n","protected":false},"excerpt":{"rendered":"","protected":false},"author":1,"featured_media":0,"comment_status":"open","ping_status":"open","sticky":false,"template":"","format":"standard","meta":{"site-sidebar-layout":"default","site-content-layout":"","ast-site-content-layout":"default","site-content-style":"default","site-sidebar-style":"default","ast-global-header-display":"","ast-banner-title-visibility":"","ast-main-header-display":"","ast-hfb-above-header-display":"","ast-hfb-below-header-display":"","ast-hfb-mobile-header-display":"","site-post-title":"","ast-breadcrumbs-content":"","ast-featured-img":"","footer-sml-layout":"","ast-disable-related-posts":"","theme-transparent-header-meta":"","adv-header-id-meta":"","stick-header-meta":"","header-above-stick-meta":"","header-main-stick-meta":"","header-below-stick-meta":"","astra-migrate-meta-layouts":"default","ast-page-background-enabled":"default","ast-page-background-meta":{"desktop":{"background-color":"var(--ast-global-color-4)","background-image":"","background-repeat":"repeat","background-position":"center center","background-size":"auto","background-attachment":"scroll","background-type":"","background-media":"","overlay-type":"","overlay-color":"","overlay-opacity":"","overlay-gradient":""},"tablet":{"background-color":"","background-image":"","background-repeat":"repeat","background-position":"center center","background-size":"auto","background-attachment":"scroll","background-type":"","background-media":"","overlay-type":"","overlay-color":"","overlay-opacity":"","overlay-gradient":""},"mobile":{"background-color":"","background-image":"","background-repeat":"repeat","background-position":"center center","background-size":"auto","background-attachment":"scroll","background-type":"","background-media":"","overlay-type":"","overlay-color":"","overlay-opacity":"","overlay-gradient":""}},"ast-content-background-meta":{"desktop":{"background-color":"var(--ast-global-color-5)","background-image":"","background-repeat":"repeat","background-position":"center center","background-size":"auto","background-attachment":"scroll","background-type":"","background-media":"","overlay-type":"","overlay-color":"","overlay-opacity":"","overlay-gradient":""},"tablet":{"background-color":"var(--ast-global-color-5)","background-image":"","background-repeat":"repeat","background-position":"center center","background-size":"auto","background-attachment":"scroll","background-type":"","background-media":"","overlay-type":"","overlay-color":"","overlay-opacity":"","overlay-gradient":""},"mobile":{"background-color":"var(--ast-global-color-5)","background-image":"","background-repeat":"repeat","background-position":"center center","background-size":"auto","background-attachment":"scroll","background-type":"","background-media":"","overlay-type":"","overlay-color":"","overlay-opacity":"","overlay-gradient":""}},"footnotes":""},"categories":[517],"tags":[8,202,3342,409],"class_list":["post-21738","post","type-post","status-publish","format-standard","hentry","category-aconteceu","tag-bolsonaro","tag-brasil","tag-cisgenero","tag-policia-federal"],"_links":{"self":[{"href":"https:\/\/noticiasnoface.com.br\/index.php\/wp-json\/wp\/v2\/posts\/21738","targetHints":{"allow":["GET"]}}],"collection":[{"href":"https:\/\/noticiasnoface.com.br\/index.php\/wp-json\/wp\/v2\/posts"}],"about":[{"href":"https:\/\/noticiasnoface.com.br\/index.php\/wp-json\/wp\/v2\/types\/post"}],"author":[{"embeddable":true,"href":"https:\/\/noticiasnoface.com.br\/index.php\/wp-json\/wp\/v2\/users\/1"}],"replies":[{"embeddable":true,"href":"https:\/\/noticiasnoface.com.br\/index.php\/wp-json\/wp\/v2\/comments?post=21738"}],"version-history":[{"count":1,"href":"https:\/\/noticiasnoface.com.br\/index.php\/wp-json\/wp\/v2\/posts\/21738\/revisions"}],"predecessor-version":[{"id":21739,"href":"https:\/\/noticiasnoface.com.br\/index.php\/wp-json\/wp\/v2\/posts\/21738\/revisions\/21739"}],"wp:attachment":[{"href":"https:\/\/noticiasnoface.com.br\/index.php\/wp-json\/wp\/v2\/media?parent=21738"}],"wp:term":[{"taxonomy":"category","embeddable":true,"href":"https:\/\/noticiasnoface.com.br\/index.php\/wp-json\/wp\/v2\/categories?post=21738"},{"taxonomy":"post_tag","embeddable":true,"href":"https:\/\/noticiasnoface.com.br\/index.php\/wp-json\/wp\/v2\/tags?post=21738"}],"curies":[{"name":"wp","href":"https:\/\/api.w.org\/{rel}","templated":true}]}}