{"id":21742,"date":"2024-02-22T22:11:48","date_gmt":"2024-02-23T01:11:48","guid":{"rendered":"https:\/\/noticiasnoface.com.br\/?p=21742"},"modified":"2024-02-22T22:12:38","modified_gmt":"2024-02-23T01:12:38","slug":"pl-preve-distribuicao-de-leite-especial-para-criancas-com-intolerancia-a-lactose","status":"publish","type":"post","link":"https:\/\/noticiasnoface.com.br\/index.php\/2024\/02\/22\/pl-preve-distribuicao-de-leite-especial-para-criancas-com-intolerancia-a-lactose\/","title":{"rendered":"PL&nbsp;prev\u00ea distribui\u00e7\u00e3o de leite especial para crian\u00e7as com intoler\u00e2ncia \u00e0 lactose"},"content":{"rendered":"\n<figure class=\"wp-block-image size-large\"><img data-opt-id=32124030  fetchpriority=\"high\" decoding=\"async\" width=\"1024\" height=\"682\" src=\"https:\/\/mlbfrsat7ahr.i.optimole.com\/w:1024\/h:682\/q:mauto\/ig:avif\/https:\/\/noticiasnoface.com.br\/wp-content\/uploads\/2024\/02\/img_0559-1.jpg\" class=\"wp-image-21741\" srcset=\"https:\/\/mlbfrsat7ahr.i.optimole.com\/w:1024\/h:682\/q:mauto\/ig:avif\/https:\/\/noticiasnoface.com.br\/wp-content\/uploads\/2024\/02\/img_0559-1.jpg 1024w, https:\/\/mlbfrsat7ahr.i.optimole.com\/w:300\/h:200\/q:mauto\/ig:avif\/https:\/\/noticiasnoface.com.br\/wp-content\/uploads\/2024\/02\/img_0559-1.jpg 300w, https:\/\/mlbfrsat7ahr.i.optimole.com\/w:768\/h:512\/q:mauto\/ig:avif\/https:\/\/noticiasnoface.com.br\/wp-content\/uploads\/2024\/02\/img_0559-1.jpg 768w, https:\/\/mlbfrsat7ahr.i.optimole.com\/w:1536\/h:1023\/q:mauto\/ig:avif\/https:\/\/noticiasnoface.com.br\/wp-content\/uploads\/2024\/02\/img_0559-1.jpg 1536w, https:\/\/mlbfrsat7ahr.i.optimole.com\/w:1600\/h:1066\/q:mauto\/ig:avif\/https:\/\/noticiasnoface.com.br\/wp-content\/uploads\/2024\/02\/img_0559-1.jpg 1600w\" sizes=\"(max-width: 1000px) 100vw, 1000px\" \/><figcaption class=\"wp-element-caption\">O parlamento natalense aprovou em segunda discuss\u00e3o, na sess\u00e3o ordin\u00e1ria desta quinta-feira (22), o Projeto de Lei n\u00b0 253\/2023, de autoria do vereador Bispo Francisco de Assis (Republicanos), sobre a autoriza\u00e7\u00e3o para a distribui\u00e7\u00e3o gratuita de leite com f\u00f3rmulas infantis especiais para crian\u00e7as lactantes. Pelo texto, o produto ser\u00e1 fornecido \u00e0s crian\u00e7as intolerantes \u00e0 lactose ou al\u00e9rgicas \u00e0s prote\u00ednas do leite de vaca, desde que a condi\u00e7\u00e3o seja comprovada por meio de prescri\u00e7\u00e3o e atestado m\u00e9dico.<br>A intoler\u00e2ncia \u00e0 lactose \u00e9 uma defici\u00eancia do organismo causada pela aus\u00eancia ou deformidade da enzima intestinal lactase, respons\u00e1vel pela decomposi\u00e7\u00e3o do carboidrato do leite, a lactose. O consumo de leite comum por crian\u00e7as portadoras dessa defici\u00eancia pode resultar em diversas altera\u00e7\u00f5es abdominais e, na maioria das vezes, diarr\u00e9ia, v\u00f4mitos, perda de peso, podendo ocasionar at\u00e9 uma aguda desidrata\u00e7\u00e3o.<br>&#8220;O projeto visa atender a esses casos espec\u00edficos de crian\u00e7as em fase de lacta\u00e7\u00e3o e que sequer podem ser amamentadas. Para tanto, a condi\u00e7\u00e3o de necessidade ser\u00e1 constatada por um profissional do SUS, conforme regulamenta\u00e7\u00e3o do Minist\u00e9rio da Sa\u00fade. Acredito que esta iniciativa ter\u00e1 um impacto social importante e aproveito para agradecer a este plen\u00e1rio pela aprova\u00e7\u00e3o un\u00e2nime&#8221;, afirmou o Bispo Francisco.<br>Mais quatro proposi\u00e7\u00f5es em segunda discuss\u00e3o foram acatadas: PL 18\/2021, do vereador Herberth Sena (PSDB), que cria o programa \u201cEmpresa Amiga do Esporte e do Lazer\u201d, PL 699\/2021, da vereadora Margarete R\u00e9gia (PROS), sobre a obrigatoriedade de recolhimento de radiografias descartadas por estabelecimentos que realizam exames radiol\u00f3gicos, PL 509\/2022, do vereador Hermes C\u00e2mara (PSDB), que institui o \u00edndice das Condi\u00e7\u00f5es Social Familiar dos Estudantes da Rede Municipal de Educa\u00e7\u00e3o de Natal, e o PL 555\/2022, do vereador Aroldo Alves (PSDB), sobre a cria\u00e7\u00e3o e implanta\u00e7\u00e3o do Programa \u201cJovem Financista\u201d nas escolas do munic\u00edpio.<br>Em regime de urg\u00eancia, os parlamentares aprovaram os PLs n\u00b0 98\/2024 e 99\/2024 que ampliam o limite de remanejamento das receitas do Executivo Municipal estabelecido na Lei de Diretrizes Or\u00e7ament\u00e1rias (LDO) e Lei Or\u00e7ament\u00e1ria Anual (LOA), al\u00e9m do Projeto de Lei Complementar n\u00b0 2\/2024 que reformula o Plano de Cargo, Carreira e Remunera\u00e7\u00e3o (PCCR) dos m\u00e9dicos da Rede Municipal de Sa\u00fade.&nbsp;<br>&#8220;Deliberamos duas mat\u00e9rias que tratam sobre o or\u00e7amento do munic\u00edpio, que estava com uma margem de remanejamento preocupante, pois poderia comprometer investimentos em \u00e1reas fundamentais como Educa\u00e7\u00e3o e Sa\u00fade. Ent\u00e3o, aumentamos o \u00edndice de recursos para o Executivo atender melhor \u00e0s demandas da cidade. Por \u00faltimo, votamos um dispositivo que ajusta e melhora a remunera\u00e7\u00e3o dos m\u00e9dicos, uma categoria importante e que merece ser valorizada&#8221;, pontuou o vereador Hermes C\u00e2mara.<br><strong><em>Texto: Junior Martins<br>Fotos: Elp\u00eddio J\u00fanior<\/em><\/strong><\/figcaption><\/figure>\n","protected":false},"excerpt":{"rendered":"","protected":false},"author":1,"featured_media":0,"comment_status":"open","ping_status":"open","sticky":false,"template":"","format":"standard","meta":{"site-sidebar-layout":"default","site-content-layout":"","ast-site-content-layout":"default","site-content-style":"default","site-sidebar-style":"default","ast-global-header-display":"","ast-banner-title-visibility":"","ast-main-header-display":"","ast-hfb-above-header-display":"","ast-hfb-below-header-display":"","ast-hfb-mobile-header-display":"","site-post-title":"","ast-breadcrumbs-content":"","ast-featured-img":"","footer-sml-layout":"","ast-disable-related-posts":"","theme-transparent-header-meta":"","adv-header-id-meta":"","stick-header-meta":"","header-above-stick-meta":"","header-main-stick-meta":"","header-below-stick-meta":"","astra-migrate-meta-layouts":"default","ast-page-background-enabled":"default","ast-page-background-meta":{"desktop":{"background-color":"var(--ast-global-color-4)","background-image":"","background-repeat":"repeat","background-position":"center center","background-size":"auto","background-attachment":"scroll","background-type":"","background-media":"","overlay-type":"","overlay-color":"","overlay-opacity":"","overlay-gradient":""},"tablet":{"background-color":"","background-image":"","background-repeat":"repeat","background-position":"center center","background-size":"auto","background-attachment":"scroll","background-type":"","background-media":"","overlay-type":"","overlay-color":"","overlay-opacity":"","overlay-gradient":""},"mobile":{"background-color":"","background-image":"","background-repeat":"repeat","background-position":"center center","background-size":"auto","background-attachment":"scroll","background-type":"","background-media":"","overlay-type":"","overlay-color":"","overlay-opacity":"","overlay-gradient":""}},"ast-content-background-meta":{"desktop":{"background-color":"var(--ast-global-color-5)","background-image":"","background-repeat":"repeat","background-position":"center center","background-size":"auto","background-attachment":"scroll","background-type":"","background-media":"","overlay-type":"","overlay-color":"","overlay-opacity":"","overlay-gradient":""},"tablet":{"background-color":"var(--ast-global-color-5)","background-image":"","background-repeat":"repeat","background-position":"center center","background-size":"auto","background-attachment":"scroll","background-type":"","background-media":"","overlay-type":"","overlay-color":"","overlay-opacity":"","overlay-gradient":""},"mobile":{"background-color":"var(--ast-global-color-5)","background-image":"","background-repeat":"repeat","background-position":"center center","background-size":"auto","background-attachment":"scroll","background-type":"","background-media":"","overlay-type":"","overlay-color":"","overlay-opacity":"","overlay-gradient":""}},"footnotes":""},"categories":[517],"tags":[],"class_list":["post-21742","post","type-post","status-publish","format-standard","hentry","category-aconteceu"],"_links":{"self":[{"href":"https:\/\/noticiasnoface.com.br\/index.php\/wp-json\/wp\/v2\/posts\/21742","targetHints":{"allow":["GET"]}}],"collection":[{"href":"https:\/\/noticiasnoface.com.br\/index.php\/wp-json\/wp\/v2\/posts"}],"about":[{"href":"https:\/\/noticiasnoface.com.br\/index.php\/wp-json\/wp\/v2\/types\/post"}],"author":[{"embeddable":true,"href":"https:\/\/noticiasnoface.com.br\/index.php\/wp-json\/wp\/v2\/users\/1"}],"replies":[{"embeddable":true,"href":"https:\/\/noticiasnoface.com.br\/index.php\/wp-json\/wp\/v2\/comments?post=21742"}],"version-history":[{"count":1,"href":"https:\/\/noticiasnoface.com.br\/index.php\/wp-json\/wp\/v2\/posts\/21742\/revisions"}],"predecessor-version":[{"id":21743,"href":"https:\/\/noticiasnoface.com.br\/index.php\/wp-json\/wp\/v2\/posts\/21742\/revisions\/21743"}],"wp:attachment":[{"href":"https:\/\/noticiasnoface.com.br\/index.php\/wp-json\/wp\/v2\/media?parent=21742"}],"wp:term":[{"taxonomy":"category","embeddable":true,"href":"https:\/\/noticiasnoface.com.br\/index.php\/wp-json\/wp\/v2\/categories?post=21742"},{"taxonomy":"post_tag","embeddable":true,"href":"https:\/\/noticiasnoface.com.br\/index.php\/wp-json\/wp\/v2\/tags?post=21742"}],"curies":[{"name":"wp","href":"https:\/\/api.w.org\/{rel}","templated":true}]}}