{"id":21745,"date":"2024-02-22T22:13:48","date_gmt":"2024-02-23T01:13:48","guid":{"rendered":"https:\/\/noticiasnoface.com.br\/?p=21745"},"modified":"2024-02-22T22:14:16","modified_gmt":"2024-02-23T01:14:16","slug":"vereador-gabriel-cesar-fez-uso-da-tribuna-na-7a-sessao-ordinaria","status":"publish","type":"post","link":"https:\/\/noticiasnoface.com.br\/index.php\/2024\/02\/22\/vereador-gabriel-cesar-fez-uso-da-tribuna-na-7a-sessao-ordinaria\/","title":{"rendered":"Vereador Gabriel C\u00e9sar fez uso da tribuna na 7\u00aa Sess\u00e3o Ordin\u00e1ria"},"content":{"rendered":"\n<figure class=\"wp-block-image size-large\"><img data-opt-id=1155829871  fetchpriority=\"high\" decoding=\"async\" width=\"1024\" height=\"540\" src=\"https:\/\/mlbfrsat7ahr.i.optimole.com\/w:1024\/h:540\/q:mauto\/ig:avif\/https:\/\/noticiasnoface.com.br\/wp-content\/uploads\/2024\/02\/img_0560-1.jpg\" class=\"wp-image-21744\" srcset=\"https:\/\/mlbfrsat7ahr.i.optimole.com\/w:1024\/h:540\/q:mauto\/ig:avif\/https:\/\/noticiasnoface.com.br\/wp-content\/uploads\/2024\/02\/img_0560-1.jpg 1024w, https:\/\/mlbfrsat7ahr.i.optimole.com\/w:300\/h:158\/q:mauto\/ig:avif\/https:\/\/noticiasnoface.com.br\/wp-content\/uploads\/2024\/02\/img_0560-1.jpg 300w, https:\/\/mlbfrsat7ahr.i.optimole.com\/w:768\/h:405\/q:mauto\/ig:avif\/https:\/\/noticiasnoface.com.br\/wp-content\/uploads\/2024\/02\/img_0560-1.jpg 768w, https:\/\/mlbfrsat7ahr.i.optimole.com\/w:1094\/h:577\/q:mauto\/ig:avif\/https:\/\/noticiasnoface.com.br\/wp-content\/uploads\/2024\/02\/img_0560-1.jpg 1094w\" sizes=\"(max-width: 1000px) 100vw, 1000px\" \/><figcaption class=\"wp-element-caption\">Nesta manh\u00e3 (22), ocorreu a 7\u00aa Sess\u00e3o Ordin\u00e1ria na Casa do Povo e, durante a Sess\u00e3o, os parlamentares aprovaram cinco mo\u00e7\u00f5es de aplausos e duas de pesar. Al\u00e9m disso, o vereador Gabriel C\u00e9sar fez uso da tribuna para debater a mo\u00e7\u00e3o de rep\u00fadio de sua autoria, a respeito da&nbsp;fala do presidente Luiz In\u00e1cio Lula da Silva sobre a situa\u00e7\u00e3o de Israel.&nbsp;<br>Dentre as proposi\u00e7\u00f5es, foi aprovada uma mo\u00e7\u00e3o de aplausos ao ex-secret\u00e1rio de Limpeza Urbana, Fernando Fernandes, pelos relevantes servi\u00e7os prestados ao munic\u00edpio de Parnamirim.<br>A Sess\u00e3o Ordin\u00e1ria foi transmitida ao vivo e est\u00e1 dispon\u00edvel no&nbsp;<a href=\"https:\/\/www.youtube.com\/watch?v=dkvNGCuSRb8\" target=\"_blank\" rel=\"noopener\">canal do Youtube<\/a>&nbsp;da C\u00e2mara de Parnamirim<br><small class=\"cmp-noticia-content-credit\">Fonte:&nbsp;Simone Santos \/ Ascom CMP<\/small><\/figcaption><\/figure>\n","protected":false},"excerpt":{"rendered":"","protected":false},"author":1,"featured_media":0,"comment_status":"open","ping_status":"open","sticky":false,"template":"","format":"standard","meta":{"site-sidebar-layout":"default","site-content-layout":"","ast-site-content-layout":"default","site-content-style":"default","site-sidebar-style":"default","ast-global-header-display":"","ast-banner-title-visibility":"","ast-main-header-display":"","ast-hfb-above-header-display":"","ast-hfb-below-header-display":"","ast-hfb-mobile-header-display":"","site-post-title":"","ast-breadcrumbs-content":"","ast-featured-img":"","footer-sml-layout":"","ast-disable-related-posts":"","theme-transparent-header-meta":"","adv-header-id-meta":"","stick-header-meta":"","header-above-stick-meta":"","header-main-stick-meta":"","header-below-stick-meta":"","astra-migrate-meta-layouts":"default","ast-page-background-enabled":"default","ast-page-background-meta":{"desktop":{"background-color":"var(--ast-global-color-4)","background-image":"","background-repeat":"repeat","background-position":"center center","background-size":"auto","background-attachment":"scroll","background-type":"","background-media":"","overlay-type":"","overlay-color":"","overlay-opacity":"","overlay-gradient":""},"tablet":{"background-color":"","background-image":"","background-repeat":"repeat","background-position":"center center","background-size":"auto","background-attachment":"scroll","background-type":"","background-media":"","overlay-type":"","overlay-color":"","overlay-opacity":"","overlay-gradient":""},"mobile":{"background-color":"","background-image":"","background-repeat":"repeat","background-position":"center center","background-size":"auto","background-attachment":"scroll","background-type":"","background-media":"","overlay-type":"","overlay-color":"","overlay-opacity":"","overlay-gradient":""}},"ast-content-background-meta":{"desktop":{"background-color":"var(--ast-global-color-5)","background-image":"","background-repeat":"repeat","background-position":"center center","background-size":"auto","background-attachment":"scroll","background-type":"","background-media":"","overlay-type":"","overlay-color":"","overlay-opacity":"","overlay-gradient":""},"tablet":{"background-color":"var(--ast-global-color-5)","background-image":"","background-repeat":"repeat","background-position":"center center","background-size":"auto","background-attachment":"scroll","background-type":"","background-media":"","overlay-type":"","overlay-color":"","overlay-opacity":"","overlay-gradient":""},"mobile":{"background-color":"var(--ast-global-color-5)","background-image":"","background-repeat":"repeat","background-position":"center center","background-size":"auto","background-attachment":"scroll","background-type":"","background-media":"","overlay-type":"","overlay-color":"","overlay-opacity":"","overlay-gradient":""}},"footnotes":""},"categories":[517],"tags":[],"class_list":["post-21745","post","type-post","status-publish","format-standard","hentry","category-aconteceu"],"_links":{"self":[{"href":"https:\/\/noticiasnoface.com.br\/index.php\/wp-json\/wp\/v2\/posts\/21745","targetHints":{"allow":["GET"]}}],"collection":[{"href":"https:\/\/noticiasnoface.com.br\/index.php\/wp-json\/wp\/v2\/posts"}],"about":[{"href":"https:\/\/noticiasnoface.com.br\/index.php\/wp-json\/wp\/v2\/types\/post"}],"author":[{"embeddable":true,"href":"https:\/\/noticiasnoface.com.br\/index.php\/wp-json\/wp\/v2\/users\/1"}],"replies":[{"embeddable":true,"href":"https:\/\/noticiasnoface.com.br\/index.php\/wp-json\/wp\/v2\/comments?post=21745"}],"version-history":[{"count":1,"href":"https:\/\/noticiasnoface.com.br\/index.php\/wp-json\/wp\/v2\/posts\/21745\/revisions"}],"predecessor-version":[{"id":21746,"href":"https:\/\/noticiasnoface.com.br\/index.php\/wp-json\/wp\/v2\/posts\/21745\/revisions\/21746"}],"wp:attachment":[{"href":"https:\/\/noticiasnoface.com.br\/index.php\/wp-json\/wp\/v2\/media?parent=21745"}],"wp:term":[{"taxonomy":"category","embeddable":true,"href":"https:\/\/noticiasnoface.com.br\/index.php\/wp-json\/wp\/v2\/categories?post=21745"},{"taxonomy":"post_tag","embeddable":true,"href":"https:\/\/noticiasnoface.com.br\/index.php\/wp-json\/wp\/v2\/tags?post=21745"}],"curies":[{"name":"wp","href":"https:\/\/api.w.org\/{rel}","templated":true}]}}