{"id":21751,"date":"2024-02-23T11:16:48","date_gmt":"2024-02-23T14:16:48","guid":{"rendered":"https:\/\/noticiasnoface.com.br\/?p=21751"},"modified":"2024-02-23T11:17:31","modified_gmt":"2024-02-23T14:17:31","slug":"direita-nega-apoio-a-jaime-traidor-em-sao-goncalo","status":"publish","type":"post","link":"https:\/\/noticiasnoface.com.br\/index.php\/2024\/02\/23\/direita-nega-apoio-a-jaime-traidor-em-sao-goncalo\/","title":{"rendered":"Direita nega apoio a \u201cJAIME TRAIDOR\u201d em S\u00e3o Gon\u00e7alo"},"content":{"rendered":"\n<figure class=\"wp-block-image size-large\"><img data-opt-id=1882937719  fetchpriority=\"high\" decoding=\"async\" width=\"938\" height=\"1024\" src=\"https:\/\/mlbfrsat7ahr.i.optimole.com\/w:938\/h:1024\/q:mauto\/ig:avif\/https:\/\/noticiasnoface.com.br\/wp-content\/uploads\/2024\/02\/photo-output-1-17.jpg\" alt=\"\" class=\"wp-image-21750\" srcset=\"https:\/\/mlbfrsat7ahr.i.optimole.com\/w:938\/h:1024\/q:mauto\/ig:avif\/https:\/\/noticiasnoface.com.br\/wp-content\/uploads\/2024\/02\/photo-output-1-17.jpg 938w, https:\/\/mlbfrsat7ahr.i.optimole.com\/w:275\/h:300\/q:mauto\/ig:avif\/https:\/\/noticiasnoface.com.br\/wp-content\/uploads\/2024\/02\/photo-output-1-17.jpg 275w, https:\/\/mlbfrsat7ahr.i.optimole.com\/w:768\/h:838\/q:mauto\/ig:avif\/https:\/\/noticiasnoface.com.br\/wp-content\/uploads\/2024\/02\/photo-output-1-17.jpg 768w, https:\/\/mlbfrsat7ahr.i.optimole.com\/w:989\/h:1080\/q:mauto\/ig:avif\/https:\/\/noticiasnoface.com.br\/wp-content\/uploads\/2024\/02\/photo-output-1-17.jpg 1407w, https:\/\/mlbfrsat7ahr.i.optimole.com\/w:989\/h:1080\/q:mauto\/ig:avif\/https:\/\/noticiasnoface.com.br\/wp-content\/uploads\/2024\/02\/photo-output-1-17.jpg 1832w\" sizes=\"(max-width: 938px) 100vw, 938px\" \/><figcaption class=\"wp-element-caption\">Os maiores representantes da direita e de movimentos de direita no estado deixaram claro que n\u00e3o ir\u00e3o apoiar o ex-prefeito Jaime Calado, conhecido por \u201cJAIME TRAIDOR\u201d Por trair amigos e aliados pol\u00edticos para chegar de qualquer jeito ao poder. Segundo bastidores a direita deve lan\u00e7ar um candidato pr\u00f3prio para prefeitura de S\u00e3o Gon\u00e7alo. \u201cO nome ainda est\u00e1 sendo estudado mais em breve iremos anunciar\u201d disse um expoente l\u00edder de direita no RN ao Noticias No Face. \u201cJaime traidor\u201d est\u00e1 literalmente abandonado politicamente, at\u00e9 Jo\u00e3o maia seu cunhado, j\u00e1 n\u00e3o tem mais v\u00ednculos pol\u00edticos\u2026que situa\u00e7\u00e3o!<\/figcaption><\/figure>\n","protected":false},"excerpt":{"rendered":"","protected":false},"author":1,"featured_media":0,"comment_status":"open","ping_status":"open","sticky":false,"template":"","format":"standard","meta":{"site-sidebar-layout":"default","site-content-layout":"","ast-site-content-layout":"default","site-content-style":"default","site-sidebar-style":"default","ast-global-header-display":"","ast-banner-title-visibility":"","ast-main-header-display":"","ast-hfb-above-header-display":"","ast-hfb-below-header-display":"","ast-hfb-mobile-header-display":"","site-post-title":"","ast-breadcrumbs-content":"","ast-featured-img":"","footer-sml-layout":"","ast-disable-related-posts":"","theme-transparent-header-meta":"","adv-header-id-meta":"","stick-header-meta":"","header-above-stick-meta":"","header-main-stick-meta":"","header-below-stick-meta":"","astra-migrate-meta-layouts":"default","ast-page-background-enabled":"default","ast-page-background-meta":{"desktop":{"background-color":"var(--ast-global-color-4)","background-image":"","background-repeat":"repeat","background-position":"center center","background-size":"auto","background-attachment":"scroll","background-type":"","background-media":"","overlay-type":"","overlay-color":"","overlay-opacity":"","overlay-gradient":""},"tablet":{"background-color":"","background-image":"","background-repeat":"repeat","background-position":"center center","background-size":"auto","background-attachment":"scroll","background-type":"","background-media":"","overlay-type":"","overlay-color":"","overlay-opacity":"","overlay-gradient":""},"mobile":{"background-color":"","background-image":"","background-repeat":"repeat","background-position":"center center","background-size":"auto","background-attachment":"scroll","background-type":"","background-media":"","overlay-type":"","overlay-color":"","overlay-opacity":"","overlay-gradient":""}},"ast-content-background-meta":{"desktop":{"background-color":"var(--ast-global-color-5)","background-image":"","background-repeat":"repeat","background-position":"center center","background-size":"auto","background-attachment":"scroll","background-type":"","background-media":"","overlay-type":"","overlay-color":"","overlay-opacity":"","overlay-gradient":""},"tablet":{"background-color":"var(--ast-global-color-5)","background-image":"","background-repeat":"repeat","background-position":"center center","background-size":"auto","background-attachment":"scroll","background-type":"","background-media":"","overlay-type":"","overlay-color":"","overlay-opacity":"","overlay-gradient":""},"mobile":{"background-color":"var(--ast-global-color-5)","background-image":"","background-repeat":"repeat","background-position":"center center","background-size":"auto","background-attachment":"scroll","background-type":"","background-media":"","overlay-type":"","overlay-color":"","overlay-opacity":"","overlay-gradient":""}},"footnotes":""},"categories":[517],"tags":[2883,3343,1643,2938],"class_list":["post-21751","post","type-post","status-publish","format-standard","hentry","category-aconteceu","tag-eleicoes-2024","tag-jaime-traidor","tag-movimentos-de-direita","tag-sao-goncalo-do-amarante"],"_links":{"self":[{"href":"https:\/\/noticiasnoface.com.br\/index.php\/wp-json\/wp\/v2\/posts\/21751","targetHints":{"allow":["GET"]}}],"collection":[{"href":"https:\/\/noticiasnoface.com.br\/index.php\/wp-json\/wp\/v2\/posts"}],"about":[{"href":"https:\/\/noticiasnoface.com.br\/index.php\/wp-json\/wp\/v2\/types\/post"}],"author":[{"embeddable":true,"href":"https:\/\/noticiasnoface.com.br\/index.php\/wp-json\/wp\/v2\/users\/1"}],"replies":[{"embeddable":true,"href":"https:\/\/noticiasnoface.com.br\/index.php\/wp-json\/wp\/v2\/comments?post=21751"}],"version-history":[{"count":2,"href":"https:\/\/noticiasnoface.com.br\/index.php\/wp-json\/wp\/v2\/posts\/21751\/revisions"}],"predecessor-version":[{"id":21753,"href":"https:\/\/noticiasnoface.com.br\/index.php\/wp-json\/wp\/v2\/posts\/21751\/revisions\/21753"}],"wp:attachment":[{"href":"https:\/\/noticiasnoface.com.br\/index.php\/wp-json\/wp\/v2\/media?parent=21751"}],"wp:term":[{"taxonomy":"category","embeddable":true,"href":"https:\/\/noticiasnoface.com.br\/index.php\/wp-json\/wp\/v2\/categories?post=21751"},{"taxonomy":"post_tag","embeddable":true,"href":"https:\/\/noticiasnoface.com.br\/index.php\/wp-json\/wp\/v2\/tags?post=21751"}],"curies":[{"name":"wp","href":"https:\/\/api.w.org\/{rel}","templated":true}]}}