{"id":21766,"date":"2024-02-24T07:39:25","date_gmt":"2024-02-24T10:39:25","guid":{"rendered":"https:\/\/noticiasnoface.com.br\/?p=21766"},"modified":"2024-02-24T07:39:25","modified_gmt":"2024-02-24T10:39:25","slug":"homem-que-morreu-no-voo-com-ministros-de-lula-tinha-96-capsulas-de-cocaina-no-estomago","status":"publish","type":"post","link":"https:\/\/noticiasnoface.com.br\/index.php\/2024\/02\/24\/homem-que-morreu-no-voo-com-ministros-de-lula-tinha-96-capsulas-de-cocaina-no-estomago\/","title":{"rendered":"Homem que morreu no voo com ministros de Lula tinha 96 c\u00e1psulas de coca\u00edna no est\u00f4mago"},"content":{"rendered":"\n<figure class=\"wp-block-image size-large\"><img data-opt-id=201428064  fetchpriority=\"high\" decoding=\"async\" width=\"640\" height=\"359\" src=\"https:\/\/mlbfrsat7ahr.i.optimole.com\/w:auto\/h:auto\/q:mauto\/ig:avif\/https:\/\/noticiasnoface.com.br\/wp-content\/uploads\/2024\/02\/img_0614.jpg\" class=\"wp-image-21765\" srcset=\"https:\/\/mlbfrsat7ahr.i.optimole.com\/w:640\/h:359\/q:mauto\/ig:avif\/https:\/\/noticiasnoface.com.br\/wp-content\/uploads\/2024\/02\/img_0614.jpg 640w, https:\/\/mlbfrsat7ahr.i.optimole.com\/w:300\/h:168\/q:mauto\/ig:avif\/https:\/\/noticiasnoface.com.br\/wp-content\/uploads\/2024\/02\/img_0614.jpg 300w\" sizes=\"(max-width: 640px) 100vw, 640px\" \/><figcaption class=\"wp-element-caption\">Um tr\u00e1gico incidente marcou o voo dos ministros brasileiros em dire\u00e7\u00e3o \u00e0 Eti\u00f3pia, no \u00faltimo dia 16 de fevereiro. Um passageiro, que acompanhava a comitiva liderada por Lula, veio a \u00f3bito ap\u00f3s ingerir 96 c\u00e1psulas de coca\u00edna, resultando em complica\u00e7\u00f5es fatais quando uma delas se rompeu no seu est\u00f4mago.<br>Anuncios<br>A bordo do voo comercial da Ethiopian Airlines estavam os ministros Anielle Franco (Igualdade Racial), Silvio Almeida (Direitos Humanos), Vinicius de Carvalho (CGU) e Wellington Dias (Desenvolvimento Social).<br>O desfecho tr\u00e1gico teve in\u00edcio quando o indiv\u00edduo percebeu que uma das c\u00e1psulas havia estourado. Em um momento de desespero, abriu a porta da aeronave e, em seguida, foi acometido por uma convuls\u00e3o fatal.<br>Anuncios<br>O incidente ocorreu momentos antes do pouso previsto na capital et\u00edope, Adis Abeba, e est\u00e1 sob investiga\u00e7\u00e3o das autoridades policiais locais.<br>Os ministros viajavam para participar de compromissos ao lado de Lula na Eti\u00f3pia. O ex-presidente estava programado para participar de uma cerim\u00f4nia em homenagem aos her\u00f3is da batalha de \u00c1dua e visitar o Museu Memorial, em Adis Abeba.<br>Com informa\u00e7\u00f5es do Metr\u00f3poles.<\/figcaption><\/figure>\n","protected":false},"excerpt":{"rendered":"","protected":false},"author":1,"featured_media":0,"comment_status":"open","ping_status":"open","sticky":false,"template":"","format":"standard","meta":{"site-sidebar-layout":"default","site-content-layout":"","ast-site-content-layout":"default","site-content-style":"default","site-sidebar-style":"default","ast-global-header-display":"","ast-banner-title-visibility":"","ast-main-header-display":"","ast-hfb-above-header-display":"","ast-hfb-below-header-display":"","ast-hfb-mobile-header-display":"","site-post-title":"","ast-breadcrumbs-content":"","ast-featured-img":"","footer-sml-layout":"","ast-disable-related-posts":"","theme-transparent-header-meta":"","adv-header-id-meta":"","stick-header-meta":"","header-above-stick-meta":"","header-main-stick-meta":"","header-below-stick-meta":"","astra-migrate-meta-layouts":"default","ast-page-background-enabled":"default","ast-page-background-meta":{"desktop":{"background-color":"var(--ast-global-color-4)","background-image":"","background-repeat":"repeat","background-position":"center center","background-size":"auto","background-attachment":"scroll","background-type":"","background-media":"","overlay-type":"","overlay-color":"","overlay-opacity":"","overlay-gradient":""},"tablet":{"background-color":"","background-image":"","background-repeat":"repeat","background-position":"center center","background-size":"auto","background-attachment":"scroll","background-type":"","background-media":"","overlay-type":"","overlay-color":"","overlay-opacity":"","overlay-gradient":""},"mobile":{"background-color":"","background-image":"","background-repeat":"repeat","background-position":"center center","background-size":"auto","background-attachment":"scroll","background-type":"","background-media":"","overlay-type":"","overlay-color":"","overlay-opacity":"","overlay-gradient":""}},"ast-content-background-meta":{"desktop":{"background-color":"var(--ast-global-color-5)","background-image":"","background-repeat":"repeat","background-position":"center center","background-size":"auto","background-attachment":"scroll","background-type":"","background-media":"","overlay-type":"","overlay-color":"","overlay-opacity":"","overlay-gradient":""},"tablet":{"background-color":"var(--ast-global-color-5)","background-image":"","background-repeat":"repeat","background-position":"center center","background-size":"auto","background-attachment":"scroll","background-type":"","background-media":"","overlay-type":"","overlay-color":"","overlay-opacity":"","overlay-gradient":""},"mobile":{"background-color":"var(--ast-global-color-5)","background-image":"","background-repeat":"repeat","background-position":"center center","background-size":"auto","background-attachment":"scroll","background-type":"","background-media":"","overlay-type":"","overlay-color":"","overlay-opacity":"","overlay-gradient":""}},"footnotes":""},"categories":[517],"tags":[974,3347,607,801],"class_list":["post-21766","post","type-post","status-publish","format-standard","hentry","category-aconteceu","tag-cocaina","tag-estomago","tag-homem","tag-morreu"],"_links":{"self":[{"href":"https:\/\/noticiasnoface.com.br\/index.php\/wp-json\/wp\/v2\/posts\/21766","targetHints":{"allow":["GET"]}}],"collection":[{"href":"https:\/\/noticiasnoface.com.br\/index.php\/wp-json\/wp\/v2\/posts"}],"about":[{"href":"https:\/\/noticiasnoface.com.br\/index.php\/wp-json\/wp\/v2\/types\/post"}],"author":[{"embeddable":true,"href":"https:\/\/noticiasnoface.com.br\/index.php\/wp-json\/wp\/v2\/users\/1"}],"replies":[{"embeddable":true,"href":"https:\/\/noticiasnoface.com.br\/index.php\/wp-json\/wp\/v2\/comments?post=21766"}],"version-history":[{"count":1,"href":"https:\/\/noticiasnoface.com.br\/index.php\/wp-json\/wp\/v2\/posts\/21766\/revisions"}],"predecessor-version":[{"id":21767,"href":"https:\/\/noticiasnoface.com.br\/index.php\/wp-json\/wp\/v2\/posts\/21766\/revisions\/21767"}],"wp:attachment":[{"href":"https:\/\/noticiasnoface.com.br\/index.php\/wp-json\/wp\/v2\/media?parent=21766"}],"wp:term":[{"taxonomy":"category","embeddable":true,"href":"https:\/\/noticiasnoface.com.br\/index.php\/wp-json\/wp\/v2\/categories?post=21766"},{"taxonomy":"post_tag","embeddable":true,"href":"https:\/\/noticiasnoface.com.br\/index.php\/wp-json\/wp\/v2\/tags?post=21766"}],"curies":[{"name":"wp","href":"https:\/\/api.w.org\/{rel}","templated":true}]}}