{"id":21768,"date":"2024-02-24T08:42:04","date_gmt":"2024-02-24T11:42:04","guid":{"rendered":"https:\/\/noticiasnoface.com.br\/?p=21768"},"modified":"2024-02-24T08:42:05","modified_gmt":"2024-02-24T11:42:05","slug":"lula-volta-a-atacar-israel","status":"publish","type":"post","link":"https:\/\/noticiasnoface.com.br\/index.php\/2024\/02\/24\/lula-volta-a-atacar-israel\/","title":{"rendered":"Lula volta a atacar Israel"},"content":{"rendered":"\n<figure class=\"wp-block-image size-large\"><img data-opt-id=652900133  fetchpriority=\"high\" decoding=\"async\" width=\"914\" height=\"1024\" src=\"https:\/\/mlbfrsat7ahr.i.optimole.com\/w:914\/h:1024\/q:mauto\/ig:avif\/https:\/\/noticiasnoface.com.br\/wp-content\/uploads\/2023\/10\/img_1615-1.jpg\" alt=\"\" class=\"wp-image-19204\" srcset=\"https:\/\/mlbfrsat7ahr.i.optimole.com\/w:914\/h:1024\/q:mauto\/ig:avif\/https:\/\/noticiasnoface.com.br\/wp-content\/uploads\/2023\/10\/img_1615-1.jpg 914w, https:\/\/mlbfrsat7ahr.i.optimole.com\/w:268\/h:300\/q:mauto\/ig:avif\/https:\/\/noticiasnoface.com.br\/wp-content\/uploads\/2023\/10\/img_1615-1.jpg 268w, https:\/\/mlbfrsat7ahr.i.optimole.com\/w:768\/h:861\/q:mauto\/ig:avif\/https:\/\/noticiasnoface.com.br\/wp-content\/uploads\/2023\/10\/img_1615-1.jpg 768w, https:\/\/mlbfrsat7ahr.i.optimole.com\/w:963\/h:1080\/q:mauto\/ig:avif\/https:\/\/noticiasnoface.com.br\/wp-content\/uploads\/2023\/10\/img_1615-1.jpg 1290w\" sizes=\"(max-width: 914px) 100vw, 914px\" \/><figcaption class=\"wp-element-caption\">Ap\u00f3s a pol\u00eamica do fim de semana, quando comparou a a\u00e7\u00e3o de Israel na&nbsp;Faixa de Gaza&nbsp;ao Holocausto, o presidente&nbsp;Luiz In\u00e1cio Lula da Silva&nbsp;(PT) voltou ao tema. Critico da postura de Israel em meio \u00e0 guerra, o presidente brasileiro disse que o pa\u00eds comete um genoc\u00eddio com os palestinos.&nbsp;<br>Desta vez,&nbsp;Lula&nbsp;n\u00e3o comparou a a\u00e7\u00e3o de Israel \u00e0 dos nazistas.<br>A primeira declara\u00e7\u00e3o foi dada no domingo (18) e, nos dias seguintes, causou repercuss\u00e3o de autoridades israelenses. Tanto o primeiro-ministro de Israel,&nbsp;Benjamin Netanyahu, quando o chanceler israelense, Israel Katz, criticaram a fala de Lula e pediram uma retrata\u00e7\u00e3o.&nbsp;<br>A fala de Lula desta sexta, refor\u00e7ando a sua postura a respeito da guerra, ocorreu durante evento do programa &#8220;Sele\u00e7\u00e3o Petrobras Cultural \u2013 Novos Eixos&#8221;, no Museu de Arte Moderna do&nbsp;Rio de Janeiro.&nbsp;<br><br>&#8220;Eu quero dizer para voc\u00eas que eu n\u00e3o troco a minha dignidade pela falsidade. E quero dizer para voc\u00eas que eu sou favor\u00e1vel \u00e0 cria\u00e7\u00e3o do Estado palestino livre e soberano. Que possa, esse Estado palestino, viver em harmonia com Israel. E quero dizer mais: o que o governo de Israel est\u00e1 fazendo contra o povo palestino n\u00e3o \u00e9 guerra, \u00e9 genoc\u00eddio, porque est\u00e1 matando mulheres e crian\u00e7as&#8221;, disse o presidente.&nbsp;<br><br><br><br><br><br>Blinken comenta fala de Lula sobre guerra em Gaza e o Holocausto: \u2018Temos discord\u00e2ncia real sobre isso, e amigos podem ter discord\u00e2ncias\u2019&nbsp;<br>Em um segundo momento, Lula pediu para que as pessoas n\u00e3o tentassem fazer interpreta\u00e7\u00f5es sobre o que ele disse quando esteve em agenda internacional em Addis Ababa, capital da Eti\u00f3pia.<br><br>&#8220;N\u00e3o tentem interpretar a entrevista que dei na Eti\u00f3pia, leiam a entrevista. Leia a entrevista em vez de ficar me julgando pelo que disse o primeiro-ministro de Israel. O que est\u00e1 acontecendo em Israel \u00e9 um genoc\u00eddio. S\u00e3o milhares de crian\u00e7as mortas, milhares desaparecidas. E n\u00e3o est\u00e1 morrendo soldado, est\u00e3o morrendo mulheres e crian\u00e7as dentro de hospital. Se isso n\u00e3o \u00e9 genoc\u00eddio, eu n\u00e3o sei o que&nbsp;\u00e9&nbsp;genoc\u00eddio&#8221;, completou Lula.<br><br>O presidente voltou a criticar a atua\u00e7\u00e3o do Conselho de Seguran\u00e7a da Organiza\u00e7\u00e3o das Na\u00e7\u00f5es Unidos (ONU), afirmando que o atual formato do colegiado n\u00e3o permite que a\u00e7\u00f5es efetivas para o encerramento de conflitos sejam tomadas pela ONU.&nbsp;<br><br>&#8220;Voc\u00eas sabem que n\u00f3s aqui no Brasil andamos brigando muito para que a gente tenha uma reforma do Conselho de Seguran\u00e7a da ONU para que ele possa representar o mundo no s\u00e9culo XXI e n\u00e3o representar o mundo de 1945, 46, 47, 48. O Conselho de Seguran\u00e7a da ONU hoje n\u00e3o representa nada, n\u00e3o toma decis\u00e3o para nada e n\u00e3o faz paz em nada&#8221;, afirmou Lula.<br>Ap\u00f3s o evento, Lula publicou a sua fala sobre Israel no X, antigo Twitter.<\/figcaption><\/figure>\n","protected":false},"excerpt":{"rendered":"","protected":false},"author":1,"featured_media":0,"comment_status":"open","ping_status":"open","sticky":false,"template":"","format":"standard","meta":{"site-sidebar-layout":"default","site-content-layout":"","ast-site-content-layout":"default","site-content-style":"default","site-sidebar-style":"default","ast-global-header-display":"","ast-banner-title-visibility":"","ast-main-header-display":"","ast-hfb-above-header-display":"","ast-hfb-below-header-display":"","ast-hfb-mobile-header-display":"","site-post-title":"","ast-breadcrumbs-content":"","ast-featured-img":"","footer-sml-layout":"","ast-disable-related-posts":"","theme-transparent-header-meta":"","adv-header-id-meta":"","stick-header-meta":"","header-above-stick-meta":"","header-main-stick-meta":"","header-below-stick-meta":"","astra-migrate-meta-layouts":"default","ast-page-background-enabled":"default","ast-page-background-meta":{"desktop":{"background-color":"var(--ast-global-color-4)","background-image":"","background-repeat":"repeat","background-position":"center center","background-size":"auto","background-attachment":"scroll","background-type":"","background-media":"","overlay-type":"","overlay-color":"","overlay-opacity":"","overlay-gradient":""},"tablet":{"background-color":"","background-image":"","background-repeat":"repeat","background-position":"center center","background-size":"auto","background-attachment":"scroll","background-type":"","background-media":"","overlay-type":"","overlay-color":"","overlay-opacity":"","overlay-gradient":""},"mobile":{"background-color":"","background-image":"","background-repeat":"repeat","background-position":"center center","background-size":"auto","background-attachment":"scroll","background-type":"","background-media":"","overlay-type":"","overlay-color":"","overlay-opacity":"","overlay-gradient":""}},"ast-content-background-meta":{"desktop":{"background-color":"var(--ast-global-color-5)","background-image":"","background-repeat":"repeat","background-position":"center center","background-size":"auto","background-attachment":"scroll","background-type":"","background-media":"","overlay-type":"","overlay-color":"","overlay-opacity":"","overlay-gradient":""},"tablet":{"background-color":"var(--ast-global-color-5)","background-image":"","background-repeat":"repeat","background-position":"center center","background-size":"auto","background-attachment":"scroll","background-type":"","background-media":"","overlay-type":"","overlay-color":"","overlay-opacity":"","overlay-gradient":""},"mobile":{"background-color":"var(--ast-global-color-5)","background-image":"","background-repeat":"repeat","background-position":"center center","background-size":"auto","background-attachment":"scroll","background-type":"","background-media":"","overlay-type":"","overlay-color":"","overlay-opacity":"","overlay-gradient":""}},"footnotes":""},"categories":[517],"tags":[2820,3331,2029,197,215,2058],"class_list":["post-21768","post","type-post","status-publish","format-standard","hentry","category-aconteceu","tag-ataques","tag-genocidio","tag-hamas","tag-israel","tag-lula","tag-presidente-lula"],"_links":{"self":[{"href":"https:\/\/noticiasnoface.com.br\/index.php\/wp-json\/wp\/v2\/posts\/21768","targetHints":{"allow":["GET"]}}],"collection":[{"href":"https:\/\/noticiasnoface.com.br\/index.php\/wp-json\/wp\/v2\/posts"}],"about":[{"href":"https:\/\/noticiasnoface.com.br\/index.php\/wp-json\/wp\/v2\/types\/post"}],"author":[{"embeddable":true,"href":"https:\/\/noticiasnoface.com.br\/index.php\/wp-json\/wp\/v2\/users\/1"}],"replies":[{"embeddable":true,"href":"https:\/\/noticiasnoface.com.br\/index.php\/wp-json\/wp\/v2\/comments?post=21768"}],"version-history":[{"count":1,"href":"https:\/\/noticiasnoface.com.br\/index.php\/wp-json\/wp\/v2\/posts\/21768\/revisions"}],"predecessor-version":[{"id":21769,"href":"https:\/\/noticiasnoface.com.br\/index.php\/wp-json\/wp\/v2\/posts\/21768\/revisions\/21769"}],"wp:attachment":[{"href":"https:\/\/noticiasnoface.com.br\/index.php\/wp-json\/wp\/v2\/media?parent=21768"}],"wp:term":[{"taxonomy":"category","embeddable":true,"href":"https:\/\/noticiasnoface.com.br\/index.php\/wp-json\/wp\/v2\/categories?post=21768"},{"taxonomy":"post_tag","embeddable":true,"href":"https:\/\/noticiasnoface.com.br\/index.php\/wp-json\/wp\/v2\/tags?post=21768"}],"curies":[{"name":"wp","href":"https:\/\/api.w.org\/{rel}","templated":true}]}}