{"id":21771,"date":"2024-02-24T08:45:08","date_gmt":"2024-02-24T11:45:08","guid":{"rendered":"https:\/\/noticiasnoface.com.br\/?p=21771"},"modified":"2024-02-24T08:45:08","modified_gmt":"2024-02-24T11:45:08","slug":"irmao-de-fugitivo-de-mossoro-e-preso","status":"publish","type":"post","link":"https:\/\/noticiasnoface.com.br\/index.php\/2024\/02\/24\/irmao-de-fugitivo-de-mossoro-e-preso\/","title":{"rendered":"Irm\u00e3o de fugitivo de Mossor\u00f3 e preso"},"content":{"rendered":"\n<figure class=\"wp-block-image size-large\"><img data-opt-id=323333587  fetchpriority=\"high\" decoding=\"async\" width=\"442\" height=\"241\" src=\"https:\/\/mlbfrsat7ahr.i.optimole.com\/w:auto\/h:auto\/q:mauto\/ig:avif\/https:\/\/noticiasnoface.com.br\/wp-content\/uploads\/2024\/02\/img_0619-1.jpg\" class=\"wp-image-21770\" srcset=\"https:\/\/mlbfrsat7ahr.i.optimole.com\/w:442\/h:241\/q:mauto\/ig:avif\/https:\/\/noticiasnoface.com.br\/wp-content\/uploads\/2024\/02\/img_0619-1.jpg 442w, https:\/\/mlbfrsat7ahr.i.optimole.com\/w:300\/h:164\/q:mauto\/ig:avif\/https:\/\/noticiasnoface.com.br\/wp-content\/uploads\/2024\/02\/img_0619-1.jpg 300w\" sizes=\"(max-width: 442px) 100vw, 442px\" \/><figcaption class=\"wp-element-caption\">A For\u00e7a Integrada de Combate ao Crime Organizado no Acre prendeu, na manh\u00e3 desta sexta-feira (23), o irm\u00e3o de um dos&nbsp;fugitivos da Penitenci\u00e1ria Federal de Mossor\u00f3. O homem \u00e9 condenado por roubo e participa\u00e7\u00e3o em organiza\u00e7\u00e3o criminosa e estava com mandado de pris\u00e3o em aberto. Os policiais chegaram at\u00e9 ele durante as&nbsp;<a href=\"https:\/\/noticias.r7.com\/cidades\/fugitivos-de-mossoro-fizeram-familia-refem-e-roubaram-celular-17022024\" target=\"_blank\" rel=\"noreferrer noopener\">investiga\u00e7\u00f5es sobre a fuga de dois homens<\/a>, uma vez que h\u00e1 v\u00e1rias for\u00e7as de seguran\u00e7a envolvidas nas buscas, com trocas de informa\u00e7\u00f5es.&nbsp;<br>Na quinta-feira (22), tr\u00eas pessoas foram presas em flagrante por supostamente terem facilitado a fuga de detentos no pres\u00eddio de seguran\u00e7a m\u00e1xima em Mossor\u00f3. A informa\u00e7\u00e3o foi confirmada pelo&nbsp;<strong>R7<\/strong>. As pris\u00f5es teriam ocorrido em flagrante na divisa entre o Rio Grande do Norte e o Cear\u00e1. Foram apreendidas armas, drogas, muni\u00e7\u00f5es e um carro suspeito de ter sido usado para fornecer armas aos criminosos durante a fuga.<br>Segundo a Pol\u00edcia Federal, tamb\u00e9m foram cumpridos nove mandados de busca e apreens\u00e3o nas cidades de Mossor\u00f3, Quixer\u00e9 (CE) e Aquiraz (CE).<br>O pres\u00eddio federal registrou a primeira fuga da hist\u00f3ria do sistema prisional federal no \u00faltimo dia 14 de fevereiro, quando dois presos escaparam pela lumin\u00e1ria da cela. Os fugitivos identificados como Deibson Cabral Nascimento e Rogerio da Silva Mendon\u00e7a s\u00e3o suspeitos de terem liga\u00e7\u00f5es com a fac\u00e7\u00e3o criminosa Comando Vermelho, no Acre. O grupo domina as opera\u00e7\u00f5es criminosas no estado, onde a dupla estava presa at\u00e9 setembro do ano passado.<br>Na \u00faltima sexta-feira (16), os presos chegaram a fazer uma fam\u00edlia ref\u00e9m em um local a 15 km da pris\u00e3o. Segundo fontes da&nbsp;<strong>RECORD<\/strong>, os criminosos invadiram uma casa, onde ficaram por cerca de quatro horas, pediram comida e roubaram um celular. Em seguida, deixaram o endere\u00e7o.<br>A penitenci\u00e1ria de Mossor\u00f3 tem quatro agentes de execu\u00e7\u00e3o penal para cada preso, em m\u00e9dia. Os dados, que s\u00e3o do Painel Estat\u00edstico de Pessoal do governo federal e da Senappen (Secretaria Nacional de Pol\u00edticas Penais), foram coletados pelo R7. Pelos n\u00fameros oficiais, o pa\u00eds tem 1.493 servidores do tipo ativos, dos quais 249 (16,7%) est\u00e3o lotados em Mossor\u00f3.<br>A pris\u00e3o de seguran\u00e7a m\u00e1xima abriga 68 detentos \u2014 segundo menor n\u00famero de presos de uma penitenci\u00e1ria federal, atr\u00e1s apenas da unidade de Bras\u00edlia (DF). O pres\u00eddio tem quase quatro vezes mais servidores desse tipo do que detentos, proporcionalmente.<\/figcaption><\/figure>\n","protected":false},"excerpt":{"rendered":"","protected":false},"author":1,"featured_media":0,"comment_status":"open","ping_status":"open","sticky":false,"template":"","format":"standard","meta":{"site-sidebar-layout":"default","site-content-layout":"","ast-site-content-layout":"default","site-content-style":"default","site-sidebar-style":"default","ast-global-header-display":"","ast-banner-title-visibility":"","ast-main-header-display":"","ast-hfb-above-header-display":"","ast-hfb-below-header-display":"","ast-hfb-mobile-header-display":"","site-post-title":"","ast-breadcrumbs-content":"","ast-featured-img":"","footer-sml-layout":"","ast-disable-related-posts":"","theme-transparent-header-meta":"","adv-header-id-meta":"","stick-header-meta":"","header-above-stick-meta":"","header-main-stick-meta":"","header-below-stick-meta":"","astra-migrate-meta-layouts":"default","ast-page-background-enabled":"default","ast-page-background-meta":{"desktop":{"background-color":"var(--ast-global-color-4)","background-image":"","background-repeat":"repeat","background-position":"center center","background-size":"auto","background-attachment":"scroll","background-type":"","background-media":"","overlay-type":"","overlay-color":"","overlay-opacity":"","overlay-gradient":""},"tablet":{"background-color":"","background-image":"","background-repeat":"repeat","background-position":"center center","background-size":"auto","background-attachment":"scroll","background-type":"","background-media":"","overlay-type":"","overlay-color":"","overlay-opacity":"","overlay-gradient":""},"mobile":{"background-color":"","background-image":"","background-repeat":"repeat","background-position":"center center","background-size":"auto","background-attachment":"scroll","background-type":"","background-media":"","overlay-type":"","overlay-color":"","overlay-opacity":"","overlay-gradient":""}},"ast-content-background-meta":{"desktop":{"background-color":"var(--ast-global-color-5)","background-image":"","background-repeat":"repeat","background-position":"center center","background-size":"auto","background-attachment":"scroll","background-type":"","background-media":"","overlay-type":"","overlay-color":"","overlay-opacity":"","overlay-gradient":""},"tablet":{"background-color":"var(--ast-global-color-5)","background-image":"","background-repeat":"repeat","background-position":"center center","background-size":"auto","background-attachment":"scroll","background-type":"","background-media":"","overlay-type":"","overlay-color":"","overlay-opacity":"","overlay-gradient":""},"mobile":{"background-color":"var(--ast-global-color-5)","background-image":"","background-repeat":"repeat","background-position":"center center","background-size":"auto","background-attachment":"scroll","background-type":"","background-media":"","overlay-type":"","overlay-color":"","overlay-opacity":"","overlay-gradient":""}},"footnotes":""},"categories":[517],"tags":[3315,3349,3348,1629,289],"class_list":["post-21771","post","type-post","status-publish","format-standard","hentry","category-aconteceu","tag-fuga","tag-fuga-de-presidio","tag-fugitivo","tag-irmao","tag-mossoro"],"_links":{"self":[{"href":"https:\/\/noticiasnoface.com.br\/index.php\/wp-json\/wp\/v2\/posts\/21771","targetHints":{"allow":["GET"]}}],"collection":[{"href":"https:\/\/noticiasnoface.com.br\/index.php\/wp-json\/wp\/v2\/posts"}],"about":[{"href":"https:\/\/noticiasnoface.com.br\/index.php\/wp-json\/wp\/v2\/types\/post"}],"author":[{"embeddable":true,"href":"https:\/\/noticiasnoface.com.br\/index.php\/wp-json\/wp\/v2\/users\/1"}],"replies":[{"embeddable":true,"href":"https:\/\/noticiasnoface.com.br\/index.php\/wp-json\/wp\/v2\/comments?post=21771"}],"version-history":[{"count":1,"href":"https:\/\/noticiasnoface.com.br\/index.php\/wp-json\/wp\/v2\/posts\/21771\/revisions"}],"predecessor-version":[{"id":21772,"href":"https:\/\/noticiasnoface.com.br\/index.php\/wp-json\/wp\/v2\/posts\/21771\/revisions\/21772"}],"wp:attachment":[{"href":"https:\/\/noticiasnoface.com.br\/index.php\/wp-json\/wp\/v2\/media?parent=21771"}],"wp:term":[{"taxonomy":"category","embeddable":true,"href":"https:\/\/noticiasnoface.com.br\/index.php\/wp-json\/wp\/v2\/categories?post=21771"},{"taxonomy":"post_tag","embeddable":true,"href":"https:\/\/noticiasnoface.com.br\/index.php\/wp-json\/wp\/v2\/tags?post=21771"}],"curies":[{"name":"wp","href":"https:\/\/api.w.org\/{rel}","templated":true}]}}