{"id":21797,"date":"2024-02-27T11:50:52","date_gmt":"2024-02-27T14:50:52","guid":{"rendered":"https:\/\/noticiasnoface.com.br\/?p=21797"},"modified":"2024-02-27T11:50:54","modified_gmt":"2024-02-27T14:50:54","slug":"fatima-bernardes-e-demitida-da-globo-apos-fracassos-nos-programas","status":"publish","type":"post","link":"https:\/\/noticiasnoface.com.br\/index.php\/2024\/02\/27\/fatima-bernardes-e-demitida-da-globo-apos-fracassos-nos-programas\/","title":{"rendered":"F\u00e1tima Bernardes \u00e9 demitida da Globo ap\u00f3s fracassos nos programas"},"content":{"rendered":"\n<figure class=\"wp-block-image size-large\"><img data-opt-id=458861075  fetchpriority=\"high\" decoding=\"async\" width=\"678\" height=\"452\" src=\"https:\/\/mlbfrsat7ahr.i.optimole.com\/w:auto\/h:auto\/q:mauto\/ig:avif\/https:\/\/noticiasnoface.com.br\/wp-content\/uploads\/2024\/02\/img_0753-1.jpg\" class=\"wp-image-21796\" srcset=\"https:\/\/mlbfrsat7ahr.i.optimole.com\/w:678\/h:452\/q:mauto\/ig:avif\/https:\/\/noticiasnoface.com.br\/wp-content\/uploads\/2024\/02\/img_0753-1.jpg 678w, https:\/\/mlbfrsat7ahr.i.optimole.com\/w:300\/h:200\/q:mauto\/ig:avif\/https:\/\/noticiasnoface.com.br\/wp-content\/uploads\/2024\/02\/img_0753-1.jpg 300w\" sizes=\"(max-width: 678px) 100vw, 678px\" \/><figcaption class=\"wp-element-caption\">F\u00e1tima Bernardes \u00e9 demitida da TV Globo<br>Contrato da jornalista iria at\u00e9 2025 e foi rescindido; seus \u00faltimos projetos na emissora foram fracassos de audi\u00eancia<br><a class=\"byline\" href=\"https:\/\/www.tvpop.com.br\/\" target=\"_blank\" rel=\"noopener\">TV Pop<\/a>26 fev 2024 15:48<br><img data-opt-id=244176191  fetchpriority=\"high\" decoding=\"async\" src=\"https:\/\/medias.revistaoeste.com\/qa-staging\/wp-content\/uploads\/2024\/02\/fatima-bernardes-tvpop-712x370.webp\" width=\"712\" height=\"370\" alt=\"Foto da apresentadora F\u00e1tima Bernardes\" class=\"extendsBeyondTextColumn\">F\u00e1tima Bernardes foi demitida pela Globo depois de quase 4 d\u00e9cadas | Foto: Divulga\u00e7\u00e3o\/TV Globo&nbsp;<br>Sem novos projetos desde 2023, F\u00e1tima Bernardes n\u00e3o tem mais contrato com a&nbsp;<strong><a href=\"https:\/\/revistaoeste.com\/tag\/globo\" target=\"_blank\" rel=\"noreferrer noopener\">Globo<\/a><\/strong>. A jornalista perdeu o v\u00ednculo de exclusividade com a emissora no fim do ano passado e n\u00e3o faz mais parte do time de funcion\u00e1rios da l\u00edder de audi\u00eancia.&nbsp;<br>Em nota oficial, a emissora confirmou o fim da parceria de exclusividade com a profissional. A movimenta\u00e7\u00e3o segue uma tend\u00eancia da empresa, que n\u00e3o pagar\u00e1 mais altos sal\u00e1rios para quem n\u00e3o tiver bons n\u00edveis de produtividade \u2014 e tampouco tenha projetos em curto prazo, como era o caso da ex-mulher de William Bonner.<br><strong>+ Leia mais not\u00edcias de&nbsp;<a href=\"https:\/\/revistaoeste.com\/imprensa\" target=\"_blank\" rel=\"noreferrer noopener\">Imprensa<\/a>&nbsp;em Oeste<\/strong><br>Em agosto de 2023, o&nbsp;, parceiro editorial da&nbsp;<strong>Oeste<\/strong>,&nbsp;<a href=\"https:\/\/www.tvpop.com.br\/164827\/fatima-bernardes-entra-na-berlinda-e-pode-ser-demitida-da-globo-apos-mudancas\/?revistaoeste\" target=\"_blank\" rel=\"noreferrer noopener\">antecipou com exclusividade que a emissora caminhava para rescindir o contrato de F\u00e1tima Bernardes<\/a>. O v\u00ednculo mais recente da apresentadora era vigente at\u00e9 2025, mas contava com uma cl\u00e1usula de rescis\u00e3o antecipada se a companhia n\u00e3o tivesse novos projetos para ela.&nbsp;<br>Depois de seu fracasso no GNT, problem\u00e1tico bra\u00e7o da empresa na TV a cabo, a mulher do deputado T\u00falio Gad\u00ealha nem sequer foi cotada para assumir outro programa no conglomerado. H\u00e1 a avalia\u00e7\u00e3o de que a sua imagem tenha se desgastado justamente pelo seu relacionamento.<br><br><img data-opt-id=449920615  data-opt-src=\"https:\/\/medias.revistaoeste.com\/qa-staging\/wp-content\/uploads\/2020\/07\/deputado-federal-t%C3%BAlio-gad%C3%AAlha-namorado-de-f%C3%A1tima-bernardes-prefeitura-do-recife-pdt-de-pernambuco.jpg\"  decoding=\"async\" src=\"data:image/svg+xml,%3Csvg%20viewBox%3D%220%200%20100%%20100%%22%20width%3D%22100%%22%20height%3D%22100%%22%20xmlns%3D%22http%3A%2F%2Fwww.w3.org%2F2000%2Fsvg%22%3E%3Crect%20width%3D%22100%%22%20height%3D%22100%%22%20fill%3D%22transparent%22%2F%3E%3C%2Fsvg%3E\" width=\"500\" height=\"333\" alt=\"deputado federal t\u00falio gad\u00ealha - namorado de f\u00e1tima bernardes - prefeitura do recife - pdt de pernambuco\" old-srcset=\"https:\/\/medias.revistaoeste.com\/qa-staging\/wp-content\/uploads\/2020\/07\/deputado-federal-t\u00falio-gad\u00ealha-namorado-de-f\u00e1tima-bernardes-prefeitura-do-recife-pdt-de-pernambuco.jpg 500w, https:\/\/medias.revistaoeste.com\/qa-staging\/wp-content\/uploads\/2020\/07\/deputado-federal-t\u00falio-gad\u00ealha-namorado-de-f\u00e1tima-bernardes-prefeitura-do-recife-pdt-de-pernambuco-300x200.jpg 300w, https:\/\/medias.revistaoeste.com\/qa-staging\/wp-content\/uploads\/2020\/07\/deputado-federal-t\u00falio-gad\u00ealha-namorado-de-f\u00e1tima-bernardes-prefeitura-do-recife-pdt-de-pernambuco-480x320.jpg 480w\" class=\"extendsBeyondTextColumn\"><br>T\u00falio Gad\u00ealha e a namorada F\u00e1tima Bernardes | Foto: Reprodu\u00e7\u00e3o<br>F\u00e1tima Bernardes emplacou projeto em ag\u00eancia de publicidade digital<br>Aos 61 anos, F\u00e1tima Bernardes poder\u00e1 trabalhar em outros projetos, seja no&nbsp;<em>streaming<\/em>, seja em outras emissoras. Agora, ela deve assinar contratos por obra, como j\u00e1 ocorre com outros nomes que firmaram carreira na emissora.&nbsp;<br>Na \u00faltima sexta, 23, em um sinal de que sua dispensa estava pr\u00f3xima, ela foi anunciada como nova contratada da ag\u00eancia Play9 para trabalhar na cobertura dos Jogos Ol\u00edmpicos de Paris. Ela far\u00e1 parte do projeto&nbsp;<em>Paris \u00c9 Brasa<\/em>, que ser\u00e1 um programa realizado por jornalistas voltado ao YouTube e \u00e0s redes sociais, patrocinado por grandes empresas.<br>O trabalho mais recente de F\u00e1tima Bernardes na&nbsp;<strong><a href=\"https:\/\/revistaoeste.com\/tag\/globo\" target=\"_blank\" rel=\"noreferrer noopener\">Globo<\/a><\/strong>&nbsp;foi o&nbsp;<em>The Voice Brasil<\/em>, em que ela apresentou duas temporadas. O&nbsp;<em>reality show<\/em>musical chegou ao fim definitivamente depois de 12 anos na emissora, devido \u00e0 baixa audi\u00eancia e \u00e0 falta de interesse do p\u00fablico no formato, que se esgotou depois de tantas temporadas.&nbsp;<br>Ela tamb\u00e9m comandou o&nbsp;<em>Assim Como a Gente<\/em>, no GNT, mas que foi um fracasso em audi\u00eancia e n\u00e3o ter\u00e1 uma nova temporada no canal fechado.<\/figcaption><\/figure>\n","protected":false},"excerpt":{"rendered":"","protected":false},"author":1,"featured_media":0,"comment_status":"open","ping_status":"open","sticky":false,"template":"","format":"standard","meta":{"site-sidebar-layout":"default","site-content-layout":"","ast-site-content-layout":"default","site-content-style":"default","site-sidebar-style":"default","ast-global-header-display":"","ast-banner-title-visibility":"","ast-main-header-display":"","ast-hfb-above-header-display":"","ast-hfb-below-header-display":"","ast-hfb-mobile-header-display":"","site-post-title":"","ast-breadcrumbs-content":"","ast-featured-img":"","footer-sml-layout":"","ast-disable-related-posts":"","theme-transparent-header-meta":"","adv-header-id-meta":"","stick-header-meta":"","header-above-stick-meta":"","header-main-stick-meta":"","header-below-stick-meta":"","astra-migrate-meta-layouts":"default","ast-page-background-enabled":"default","ast-page-background-meta":{"desktop":{"background-color":"var(--ast-global-color-4)","background-image":"","background-repeat":"repeat","background-position":"center center","background-size":"auto","background-attachment":"scroll","background-type":"","background-media":"","overlay-type":"","overlay-color":"","overlay-opacity":"","overlay-gradient":""},"tablet":{"background-color":"","background-image":"","background-repeat":"repeat","background-position":"center center","background-size":"auto","background-attachment":"scroll","background-type":"","background-media":"","overlay-type":"","overlay-color":"","overlay-opacity":"","overlay-gradient":""},"mobile":{"background-color":"","background-image":"","background-repeat":"repeat","background-position":"center center","background-size":"auto","background-attachment":"scroll","background-type":"","background-media":"","overlay-type":"","overlay-color":"","overlay-opacity":"","overlay-gradient":""}},"ast-content-background-meta":{"desktop":{"background-color":"var(--ast-global-color-5)","background-image":"","background-repeat":"repeat","background-position":"center center","background-size":"auto","background-attachment":"scroll","background-type":"","background-media":"","overlay-type":"","overlay-color":"","overlay-opacity":"","overlay-gradient":""},"tablet":{"background-color":"var(--ast-global-color-5)","background-image":"","background-repeat":"repeat","background-position":"center center","background-size":"auto","background-attachment":"scroll","background-type":"","background-media":"","overlay-type":"","overlay-color":"","overlay-opacity":"","overlay-gradient":""},"mobile":{"background-color":"var(--ast-global-color-5)","background-image":"","background-repeat":"repeat","background-position":"center center","background-size":"auto","background-attachment":"scroll","background-type":"","background-media":"","overlay-type":"","overlay-color":"","overlay-opacity":"","overlay-gradient":""}},"footnotes":""},"categories":[517],"tags":[2764,3359,3005,91],"class_list":["post-21797","post","type-post","status-publish","format-standard","hentry","category-aconteceu","tag-demitida","tag-fatima-bernardes","tag-fracassa","tag-rede-globo"],"_links":{"self":[{"href":"https:\/\/noticiasnoface.com.br\/index.php\/wp-json\/wp\/v2\/posts\/21797","targetHints":{"allow":["GET"]}}],"collection":[{"href":"https:\/\/noticiasnoface.com.br\/index.php\/wp-json\/wp\/v2\/posts"}],"about":[{"href":"https:\/\/noticiasnoface.com.br\/index.php\/wp-json\/wp\/v2\/types\/post"}],"author":[{"embeddable":true,"href":"https:\/\/noticiasnoface.com.br\/index.php\/wp-json\/wp\/v2\/users\/1"}],"replies":[{"embeddable":true,"href":"https:\/\/noticiasnoface.com.br\/index.php\/wp-json\/wp\/v2\/comments?post=21797"}],"version-history":[{"count":1,"href":"https:\/\/noticiasnoface.com.br\/index.php\/wp-json\/wp\/v2\/posts\/21797\/revisions"}],"predecessor-version":[{"id":21798,"href":"https:\/\/noticiasnoface.com.br\/index.php\/wp-json\/wp\/v2\/posts\/21797\/revisions\/21798"}],"wp:attachment":[{"href":"https:\/\/noticiasnoface.com.br\/index.php\/wp-json\/wp\/v2\/media?parent=21797"}],"wp:term":[{"taxonomy":"category","embeddable":true,"href":"https:\/\/noticiasnoface.com.br\/index.php\/wp-json\/wp\/v2\/categories?post=21797"},{"taxonomy":"post_tag","embeddable":true,"href":"https:\/\/noticiasnoface.com.br\/index.php\/wp-json\/wp\/v2\/tags?post=21797"}],"curies":[{"name":"wp","href":"https:\/\/api.w.org\/{rel}","templated":true}]}}