{"id":21800,"date":"2024-02-27T12:35:45","date_gmt":"2024-02-27T15:35:45","guid":{"rendered":"https:\/\/noticiasnoface.com.br\/?p=21800"},"modified":"2024-02-27T12:35:46","modified_gmt":"2024-02-27T15:35:46","slug":"pf-descarta-novo-depoimento-de-bolsonaro-sobre-minuta-do-golpe","status":"publish","type":"post","link":"https:\/\/noticiasnoface.com.br\/index.php\/2024\/02\/27\/pf-descarta-novo-depoimento-de-bolsonaro-sobre-minuta-do-golpe\/","title":{"rendered":"PF descarta novo depoimento de Bolsonaro sobre \u201cMINUTA DO GOLPE\u201d"},"content":{"rendered":"\n<figure class=\"wp-block-image size-large\"><img data-opt-id=1896823717  fetchpriority=\"high\" decoding=\"async\" width=\"739\" height=\"415\" src=\"https:\/\/mlbfrsat7ahr.i.optimole.com\/w:auto\/h:auto\/q:mauto\/ig:avif\/https:\/\/noticiasnoface.com.br\/wp-content\/uploads\/2024\/02\/img_0553-1.jpg\" alt=\"\" class=\"wp-image-21737\" srcset=\"https:\/\/mlbfrsat7ahr.i.optimole.com\/w:739\/h:415\/q:mauto\/ig:avif\/https:\/\/noticiasnoface.com.br\/wp-content\/uploads\/2024\/02\/img_0553-1.jpg 739w, https:\/\/mlbfrsat7ahr.i.optimole.com\/w:300\/h:168\/q:mauto\/ig:avif\/https:\/\/noticiasnoface.com.br\/wp-content\/uploads\/2024\/02\/img_0553-1.jpg 300w\" sizes=\"(max-width: 739px) 100vw, 739px\" \/><figcaption class=\"wp-element-caption\"><strong>FOLHAPRESS<\/strong>&nbsp;&#8211; A Pol\u00edcia Federal (PF) descarta por ora chamar Jair Bolsonaro (PL) para novo depoimento na investiga\u00e7\u00e3o sobre uma trama para tentar dar um golpe de Estado, mesmo ap\u00f3s o ex-presidente mencionar, no ato do \u00faltimo domingo (25\/2), a exist\u00eancia de uma minuta golpista.<br>&nbsp;<br>Investigadores dizem n\u00e3o haver raz\u00e3o neste momento para intimar novamente Bolsonaro para tratar do tema. Eles tamb\u00e9m destacam que n\u00e3o h\u00e1 qualquer previs\u00e3o de nova oitiva do ex-presidente.<br>&nbsp;<br>As oitivas nas investiga\u00e7\u00f5es, normalmente, s\u00e3o solicitadas pela pol\u00edcia antes de serem autorizadas pelo juiz que preside o inqu\u00e9rito ?no caso,&nbsp;<a href=\"https:\/\/www.em.com.br\/politica\/2024\/02\/6809283-moraes-em-defesa-da-democracia-nao-podemos-dar-uma-de-bambam-contra-popo.html\" target=\"_blank\" rel=\"noopener\">o ministro Alexandre de Moraes, do STF.<\/a><br>&nbsp;<br>Para a Pol\u00edcia Federal, Bolsonaro teve a oportunidade de esclarecer as suspeitas que pairam sobre ele e preferiu ficar em sil\u00eancio durante depoimento na semana passada. As provas que foram coletadas at\u00e9 agora, avaliam os investigadores, independem de qualquer declara\u00e7\u00e3o p\u00fablica do ex-presidente.<br>&nbsp;<br>Ainda assim, o teor do discurso do ex-mandat\u00e1rio durante manifesta\u00e7\u00e3o na avenida Paulista dever\u00e1 ser inclu\u00eddo na investiga\u00e7\u00e3o a respeito de uma articula\u00e7\u00e3o para impedir a posse do presidente Lula (PT), como mostrou a Folha de S.Paulo.<br>Bolsonaro<br>&nbsp;<br>Investigadores avaliam que as falas de Bolsonaro na manifesta\u00e7\u00e3o sugerem que ele tinha conhecimento da elabora\u00e7\u00e3o de minutas de decretos que previam tirar o petista do poder e refor\u00e7am a linha da apura\u00e7\u00e3o de que ele liderou a trama.<br>&nbsp;<br>No discurso aos milhares de apoiadores que compareceram \u00e0 manifesta\u00e7\u00e3o, Bolsonaro negou ter articulado um golpe de Estado, mas sugeriu saber da exist\u00eancia de minutas de texto que buscavam anular a elei\u00e7\u00e3o de Lula.<br>&nbsp;<br>&#8220;O que \u00e9 golpe? \u00c9 tanque na rua, \u00e9 arma, conspira\u00e7\u00e3o. Nada disso foi feito no Brasil&#8221;, disse. &#8220;Agora o golpe \u00e9 porque tem uma minuta do decreto de Estado de Defesa. Golpe usando a Constitui\u00e7\u00e3o? Tenha paci\u00eancia&#8221;, afirmou o ex-presidente.<br>&nbsp;<br><a href=\"https:\/\/www.em.com.br\/politica\/2024\/02\/6809226-pf-vai-incluir-fala-de-bolsonaro-em-inquerito-sobre-tentativa-de-golpe.html\" target=\"_blank\" rel=\"noopener\">Para investigadores, \u00e9 poss\u00edvel inferir que Bolsonaro admitiu saber de conversas sobre a elabora\u00e7\u00e3o dessas minutas.<\/a><br>A PF considera que o ex-chefe do Executivo n\u00e3o s\u00f3 tinha conhecimento, mas inclusive promoveu altera\u00e7\u00f5es em um documento, ajudando a confeccion\u00e1-lo.<br>&nbsp;<br>O advogado de Bolsonaro Paulo Cunha Bueno disse \u00e0 reportagem, nesta segunda-feira (26), que a fala do ex-presidente durante ato na avenida Paulista se referia a um texto recebido por ele em 2023, ap\u00f3s ele ter deixado o governo.<br>&nbsp;<br>Por isso, Bueno nega a hip\u00f3tese da PF de que as declara\u00e7\u00f5es do ex-presidente refor\u00e7am a tese de que ele articulou para impedir a posse de Lula.<br>&nbsp;<br>&#8220;Declara\u00e7\u00e3o do presidente foi em cima da minuta que ele s\u00f3 teve conhecimento em outubro de 2023. N\u00e3o refor\u00e7a em nada a investiga\u00e7\u00e3o, porque foi a primeira minuta que ele viu. N\u00e3o tinha visto antes&#8221;, disse.<br><strong>Leia mais:&nbsp;<\/strong><a href=\"https:\/\/www.em.com.br\/politica\/2024\/02\/6809159-pf-investiga-se-bolsonaro-incomodou-baleia-jubarte.html\" target=\"_blank\" rel=\"noopener\">PF investiga se Bolsonaro incomodou baleia jubarte<\/a>&nbsp;<br>Minuta<br>Segundo o advogado, a minuta a que Bolsonaro se referiu na avenida Paulista faz parte de autos aos quais a defesa teve acesso em 18 de outubro do ano passado. Bueno afirma que o presidente pediu para que ele encaminhasse o texto por mensagem para que pudesse imprimir e ler o documento fisicamente.<br>&nbsp;<br>Ele afirma que foi esse o documento encontrado pela PF, no in\u00edcio de fevereiro, na sala do ex-presidente na sede do PL em Bras\u00edlia. A minuta previa declara\u00e7\u00e3o de estado de s\u00edtio e decreta\u00e7\u00e3o de uma opera\u00e7\u00e3o de GLO (Garantia da Lei e da Ordem) ap\u00f3s a derrota nas elei\u00e7\u00f5es.<br>&nbsp;<br>Especialistas ouvidos pela Folha de S.Paulo dizem que as autoridades podem optar ou n\u00e3o por cham\u00e1-lo para novo depoimento em virtude do tom das declara\u00e7\u00f5es. Os investigadores podem decidir que novos esclarecimentos sejam necess\u00e1rios, mas h\u00e1 tamb\u00e9m a hip\u00f3tese de apenas juntar o teor do discurso aos autos.<br><strong>Leia mais:&nbsp;<\/strong><a href=\"https:\/\/www.em.com.br\/politica\/2024\/02\/6809175-bolsonaristas-sao-barrados-por-corintianos-no-metro-veja-o-video.html\" target=\"_blank\" rel=\"noopener\">Bolsonaristas s\u00e3o barrados por corintianos no metr\u00f4; veja o v\u00eddeo<\/a><br>&nbsp;<br>Na avalia\u00e7\u00e3o da Pol\u00edcia Federal, o discurso de Bolsonaro refor\u00e7ou a linha de investiga\u00e7\u00e3o de que houve uma trama de tentativa de golpe de Estado.<br>&nbsp;<br>Neste domingo, al\u00e9m de tentar se defender das acusa\u00e7\u00f5es da PF, Bolsonaro diminuiu o tom da agressividade contra o STF (Supremo Tribunal Federal), disse buscar a pacifica\u00e7\u00e3o do pa\u00eds e pediu anistia aos presos pelo ataque golpista de 8 de janeiro de 2023.<br>Malafaia<br>&nbsp;<br>Embora n\u00e3o pretenda convocar Bolsonaro para novo interrogat\u00f3rio por ora, a PF avalia chamar o pastor Silas Malafaia para depor.<br>&nbsp;<br>O l\u00edder religioso foi um dos poucos que discursaram neste domingo ao lado do ex-presidente.<br>&nbsp;<br>Malafaia fez cr\u00edticas tanto ao STF como ao TSE (Tribunal Superior Eleitoral), sobretudo ao ministro Alexandre de Moraes<br>&nbsp;<br>O pastor tamb\u00e9m fez insinua\u00e7\u00f5es sobre um suposto papel de Lula nos ataques aos tr\u00eas Poderes em 8 de janeiro de 2023, organizado por bolsonaristas.<br>&nbsp;<br>&#8220;Alexandre de Moraes disse que a extrema direita tem que ser combatida na Am\u00e9rica Latina. Como ministro do STF tem lado? Ele n\u00e3o tem que combater nem extrema direita nem extrema esquerda. Ele \u00e9 guardi\u00e3o da Constitui\u00e7\u00e3o&#8221;, disse Malafaia.<br>&nbsp;<br>A manifesta\u00e7\u00e3o foi convocada por Bolsonaro com o mote de se defender de acusa\u00e7\u00f5es imputadas a ele. Malafaia foi o idealizador do evento e o respons\u00e1vel pelo aluguel dos dois trios el\u00e9tricos utilizados no ato.<\/figcaption><\/figure>\n","protected":false},"excerpt":{"rendered":"","protected":false},"author":1,"featured_media":0,"comment_status":"open","ping_status":"open","sticky":false,"template":"","format":"standard","meta":{"site-sidebar-layout":"default","site-content-layout":"","ast-site-content-layout":"default","site-content-style":"default","site-sidebar-style":"default","ast-global-header-display":"","ast-banner-title-visibility":"","ast-main-header-display":"","ast-hfb-above-header-display":"","ast-hfb-below-header-display":"","ast-hfb-mobile-header-display":"","site-post-title":"","ast-breadcrumbs-content":"","ast-featured-img":"","footer-sml-layout":"","ast-disable-related-posts":"","theme-transparent-header-meta":"","adv-header-id-meta":"","stick-header-meta":"","header-above-stick-meta":"","header-main-stick-meta":"","header-below-stick-meta":"","astra-migrate-meta-layouts":"default","ast-page-background-enabled":"default","ast-page-background-meta":{"desktop":{"background-color":"var(--ast-global-color-4)","background-image":"","background-repeat":"repeat","background-position":"center center","background-size":"auto","background-attachment":"scroll","background-type":"","background-media":"","overlay-type":"","overlay-color":"","overlay-opacity":"","overlay-gradient":""},"tablet":{"background-color":"","background-image":"","background-repeat":"repeat","background-position":"center center","background-size":"auto","background-attachment":"scroll","background-type":"","background-media":"","overlay-type":"","overlay-color":"","overlay-opacity":"","overlay-gradient":""},"mobile":{"background-color":"","background-image":"","background-repeat":"repeat","background-position":"center center","background-size":"auto","background-attachment":"scroll","background-type":"","background-media":"","overlay-type":"","overlay-color":"","overlay-opacity":"","overlay-gradient":""}},"ast-content-background-meta":{"desktop":{"background-color":"var(--ast-global-color-5)","background-image":"","background-repeat":"repeat","background-position":"center center","background-size":"auto","background-attachment":"scroll","background-type":"","background-media":"","overlay-type":"","overlay-color":"","overlay-opacity":"","overlay-gradient":""},"tablet":{"background-color":"var(--ast-global-color-5)","background-image":"","background-repeat":"repeat","background-position":"center center","background-size":"auto","background-attachment":"scroll","background-type":"","background-media":"","overlay-type":"","overlay-color":"","overlay-opacity":"","overlay-gradient":""},"mobile":{"background-color":"var(--ast-global-color-5)","background-image":"","background-repeat":"repeat","background-position":"center center","background-size":"auto","background-attachment":"scroll","background-type":"","background-media":"","overlay-type":"","overlay-color":"","overlay-opacity":"","overlay-gradient":""}},"footnotes":""},"categories":[517],"tags":[8,2953,3360,409],"class_list":["post-21800","post","type-post","status-publish","format-standard","hentry","category-aconteceu","tag-bolsonaro","tag-depoimento","tag-minuta-do-golpe","tag-policia-federal"],"_links":{"self":[{"href":"https:\/\/noticiasnoface.com.br\/index.php\/wp-json\/wp\/v2\/posts\/21800","targetHints":{"allow":["GET"]}}],"collection":[{"href":"https:\/\/noticiasnoface.com.br\/index.php\/wp-json\/wp\/v2\/posts"}],"about":[{"href":"https:\/\/noticiasnoface.com.br\/index.php\/wp-json\/wp\/v2\/types\/post"}],"author":[{"embeddable":true,"href":"https:\/\/noticiasnoface.com.br\/index.php\/wp-json\/wp\/v2\/users\/1"}],"replies":[{"embeddable":true,"href":"https:\/\/noticiasnoface.com.br\/index.php\/wp-json\/wp\/v2\/comments?post=21800"}],"version-history":[{"count":1,"href":"https:\/\/noticiasnoface.com.br\/index.php\/wp-json\/wp\/v2\/posts\/21800\/revisions"}],"predecessor-version":[{"id":21801,"href":"https:\/\/noticiasnoface.com.br\/index.php\/wp-json\/wp\/v2\/posts\/21800\/revisions\/21801"}],"wp:attachment":[{"href":"https:\/\/noticiasnoface.com.br\/index.php\/wp-json\/wp\/v2\/media?parent=21800"}],"wp:term":[{"taxonomy":"category","embeddable":true,"href":"https:\/\/noticiasnoface.com.br\/index.php\/wp-json\/wp\/v2\/categories?post=21800"},{"taxonomy":"post_tag","embeddable":true,"href":"https:\/\/noticiasnoface.com.br\/index.php\/wp-json\/wp\/v2\/tags?post=21800"}],"curies":[{"name":"wp","href":"https:\/\/api.w.org\/{rel}","templated":true}]}}