{"id":21804,"date":"2024-02-27T15:48:57","date_gmt":"2024-02-27T18:48:57","guid":{"rendered":"https:\/\/noticiasnoface.com.br\/?p=21804"},"modified":"2024-02-27T15:48:58","modified_gmt":"2024-02-27T18:48:58","slug":"faustao-passa-por-transplante-de-rim-em-sp","status":"publish","type":"post","link":"https:\/\/noticiasnoface.com.br\/index.php\/2024\/02\/27\/faustao-passa-por-transplante-de-rim-em-sp\/","title":{"rendered":"Faust\u00e3o passa por transplante de rim em SP"},"content":{"rendered":"\n<figure class=\"wp-block-image size-large\"><img data-opt-id=668155220  fetchpriority=\"high\" decoding=\"async\" width=\"1024\" height=\"613\" src=\"https:\/\/mlbfrsat7ahr.i.optimole.com\/w:1024\/h:613\/q:mauto\/ig:avif\/https:\/\/noticiasnoface.com.br\/wp-content\/uploads\/2024\/02\/img_0765-1.jpg\" class=\"wp-image-21803\" srcset=\"https:\/\/mlbfrsat7ahr.i.optimole.com\/w:1024\/h:613\/q:mauto\/ig:avif\/https:\/\/noticiasnoface.com.br\/wp-content\/uploads\/2024\/02\/img_0765-1.jpg 1024w, https:\/\/mlbfrsat7ahr.i.optimole.com\/w:300\/h:179\/q:mauto\/ig:avif\/https:\/\/noticiasnoface.com.br\/wp-content\/uploads\/2024\/02\/img_0765-1.jpg 300w, https:\/\/mlbfrsat7ahr.i.optimole.com\/w:768\/h:459\/q:mauto\/ig:avif\/https:\/\/noticiasnoface.com.br\/wp-content\/uploads\/2024\/02\/img_0765-1.jpg 768w, https:\/\/mlbfrsat7ahr.i.optimole.com\/w:1170\/h:700\/q:mauto\/ig:avif\/https:\/\/noticiasnoface.com.br\/wp-content\/uploads\/2024\/02\/img_0765-1.jpg 1170w\" sizes=\"(max-width: 1000px) 100vw, 1000px\" \/><figcaption class=\"wp-element-caption\">O apresentador Fausto Silva, o&nbsp;<a class=\"\" href=\"https:\/\/g1.globo.com\/tudo-sobre\/faustao\/\" target=\"_blank\" rel=\"noopener\">Faust\u00e3o<\/a>, passou por um transplante de rim na segunda-feira (26), no Hospital Albert Einstein, na Zona Sul de&nbsp;<a class=\"\" href=\"https:\/\/g1.globo.com\/sp\/sao-paulo\/cidade\/sao-paulo\/\" target=\"_blank\" rel=\"noopener\">S\u00e3o Paulo<\/a>.&nbsp;<br><br><a class=\"\" href=\"https:\/\/www.whatsapp.com\/channel\/0029Va35aSbIiRopSCj8Ys1v\" target=\"_blank\" rel=\"noreferrer noopener\">Clique aqui para se inscrever no canal do g1 SP no WhatsApp<\/a><br><br>A cirurgia ocorreu sem intercorr\u00eancias, segundo o hospital. Faust\u00e3o fez um transplante de cora\u00e7\u00e3o em agosto de 2023&nbsp;<strong>(leia mais abaixo)<\/strong>.&nbsp;<br>&#8220;O paciente Fausto Silva deu entrada no Hospital Israelita Albert Einstein no dia 25 de fevereiro para prepara\u00e7\u00e3o para um transplante de rim, em fun\u00e7\u00e3o do agravamento de uma doen\u00e7a renal cr\u00f4nica, ap\u00f3s o Einstein ter sido acionado pela Central de Transplantes do Estado de S\u00e3o Paulo e realizado a avalia\u00e7\u00e3o sobre a compatibilidade do \u00f3rg\u00e3o doado.<br>A cirurgia aconteceu, sem intercorr\u00eancias, na manh\u00e3 de ontem (26). O paciente seguir\u00e1 em observa\u00e7\u00e3o para acompanhamento da adapta\u00e7\u00e3o do \u00f3rg\u00e3o e controle cl\u00ednico&#8221;, diz nota do hospital enviada nesta ter\u00e7a, assinada pelos m\u00e9dicos Marcelino Dur\u00e3o, nefrologista e coordenador m\u00e9dico de transplante renal, S\u00e9rgio Ximenes, urologista e membro da equipe de transplante renal, Fernando Bacal, cardiologista, e Miguel Cendoroglo Neto, diretor m\u00e9dico de servi\u00e7os hospitalares e pr\u00e1tica m\u00e9dica do Hospital Israelita Albert Einstein.<br>De acordo com familiares, quando passou por um transplante de cora\u00e7\u00e3o, no ano passado, os rins do apresentador j\u00e1 estavam comprometidos e ele estava passando por hemodi\u00e1lise. Ele ficou na fila por um transplante de rim por dois meses.&nbsp;<br><br><br><strong><a class=\"\" href=\"https:\/\/g1.globo.com\/sp\/sao-paulo\/noticia\/2023\/08\/27\/faustao-passa-por-transplante-cardiaco-procedimento-foi-realizado-com-sucesso-diz-hospital.ghtml\" target=\"_blank\" rel=\"noopener\">Faust\u00e3o passa por transplante card\u00edaco; procedimento foi realizado &#8216;com sucesso&#8217;, diz hospital<\/a><\/strong><br><br><br>Transplante de cora\u00e7\u00e3o<br><br>Faust\u00e3o passou por um transplante card\u00edaco no dia 27 de agosto de 2023.&nbsp;<a class=\"\" href=\"https:\/\/g1.globo.com\/sp\/sao-paulo\/noticia\/2023\/08\/27\/faustao-passa-por-transplante-cardiaco-procedimento-foi-realizado-com-sucesso-diz-hospital.ghtml\" target=\"_blank\" rel=\"noopener\">O apresentador ocupava o segundo lugar na fila de espera por um cora\u00e7\u00e3o, segundo a Central de Transplantes do Estado.<\/a><br><br><img data-opt-id=1414318387  fetchpriority=\"high\" decoding=\"async\" src=\"https:\/\/s01-video-glbimg-com.cdn.ampproject.org\/i\/s\/s01.video.glbimg.com\/640x360\/11935168.jpg\" class=\"i-amphtml-fill-content i-amphtml-replaced-content\"><br><br>Faust\u00e3o recebe alta m\u00e9dica ap\u00f3s transplante do cora\u00e7\u00e3o em SP&nbsp;<br>Ap\u00f3s a realiza\u00e7\u00e3o da cirurgia e a alta, ele gravou um v\u00eddeo de casa e disse que agora tem uma segunda fase, no tratamento, que inclui mais dois ou tr\u00eas meses de fisioterapia para a recupera\u00e7\u00e3o total&nbsp;<strong><em>(veja acima).<\/em><\/strong><br>O doador foi F\u00e1bio Cordeiro da Silva, jogador de futebol de v\u00e1rzea que morreu v\u00edtima de um Acidente Vascular Cerebral (AVC). Ele sonhava em ser atleta profissional e chegou a fazer testes em grandes times, como o Palmeiras. Segundo a fam\u00edlia, um dos \u00f3rg\u00e3os que F\u00e1bio doou foi o cora\u00e7\u00e3o.&nbsp;<br><br><br>LEIA TAMB\u00c9M:<br><br><br><strong><a class=\"\" href=\"https:\/\/g1.globo.com\/saude\/noticia\/2023\/08\/20\/como-funciona-a-fila-de-transplantes-do-sus.ghtml\" target=\"_blank\" rel=\"noopener\">Como funciona a fila de transplantes do SUS<\/a><\/strong><br><strong><a class=\"\" href=\"https:\/\/g1.globo.com\/saude\/noticia\/2023\/08\/27\/como-funciona-um-transplante-de-coracao.ghtml\" target=\"_blank\" rel=\"noopener\">Entenda como funciona o transplante de cora\u00e7\u00e3o<\/a><\/strong><br><strong><a class=\"\" href=\"https:\/\/g1.globo.com\/mundo\/noticia\/2023\/08\/27\/como-brasil-criou-e-mantem-maior-sistema-publico-de-transplantes-do-mundo.ghtml\" target=\"_blank\" rel=\"noopener\">Como o Brasil criou o maior sistema p\u00fablico de transplantes do mundo<\/a><\/strong><br><br>No caso do transplante de cora\u00e7\u00e3o \u00e9 considerada a gravidade do quadro do paciente para definir a ordem de prioridades na fila.<br>Quem necessita de interna\u00e7\u00e3o constante (com uso de medicamentos intravenosos e de m\u00e1quinas de suporte para a circula\u00e7\u00e3o do sangue) tem prioridade em rela\u00e7\u00e3o \u00e0 pessoa que aguarda o \u00f3rg\u00e3o em casa, por exemplo. A espera n\u00e3o leva em conta se o paciente far\u00e1 a cirurgia em um hospital p\u00fablico ou na rede particular.<\/figcaption><\/figure>\n","protected":false},"excerpt":{"rendered":"","protected":false},"author":1,"featured_media":0,"comment_status":"open","ping_status":"open","sticky":false,"template":"","format":"standard","meta":{"site-sidebar-layout":"default","site-content-layout":"","ast-site-content-layout":"default","site-content-style":"default","site-sidebar-style":"default","ast-global-header-display":"","ast-banner-title-visibility":"","ast-main-header-display":"","ast-hfb-above-header-display":"","ast-hfb-below-header-display":"","ast-hfb-mobile-header-display":"","site-post-title":"","ast-breadcrumbs-content":"","ast-featured-img":"","footer-sml-layout":"","ast-disable-related-posts":"","theme-transparent-header-meta":"","adv-header-id-meta":"","stick-header-meta":"","header-above-stick-meta":"","header-main-stick-meta":"","header-below-stick-meta":"","astra-migrate-meta-layouts":"default","ast-page-background-enabled":"default","ast-page-background-meta":{"desktop":{"background-color":"var(--ast-global-color-4)","background-image":"","background-repeat":"repeat","background-position":"center center","background-size":"auto","background-attachment":"scroll","background-type":"","background-media":"","overlay-type":"","overlay-color":"","overlay-opacity":"","overlay-gradient":""},"tablet":{"background-color":"","background-image":"","background-repeat":"repeat","background-position":"center center","background-size":"auto","background-attachment":"scroll","background-type":"","background-media":"","overlay-type":"","overlay-color":"","overlay-opacity":"","overlay-gradient":""},"mobile":{"background-color":"","background-image":"","background-repeat":"repeat","background-position":"center center","background-size":"auto","background-attachment":"scroll","background-type":"","background-media":"","overlay-type":"","overlay-color":"","overlay-opacity":"","overlay-gradient":""}},"ast-content-background-meta":{"desktop":{"background-color":"var(--ast-global-color-5)","background-image":"","background-repeat":"repeat","background-position":"center center","background-size":"auto","background-attachment":"scroll","background-type":"","background-media":"","overlay-type":"","overlay-color":"","overlay-opacity":"","overlay-gradient":""},"tablet":{"background-color":"var(--ast-global-color-5)","background-image":"","background-repeat":"repeat","background-position":"center center","background-size":"auto","background-attachment":"scroll","background-type":"","background-media":"","overlay-type":"","overlay-color":"","overlay-opacity":"","overlay-gradient":""},"mobile":{"background-color":"var(--ast-global-color-5)","background-image":"","background-repeat":"repeat","background-position":"center center","background-size":"auto","background-attachment":"scroll","background-type":"","background-media":"","overlay-type":"","overlay-color":"","overlay-opacity":"","overlay-gradient":""}},"footnotes":""},"categories":[517],"tags":[2950,1431,3362,224,245,3361],"class_list":["post-21804","post","type-post","status-publish","format-standard","hentry","category-aconteceu","tag-faustao","tag-internado","tag-risco-de-vida","tag-sao-paulo","tag-saude","tag-transplante"],"_links":{"self":[{"href":"https:\/\/noticiasnoface.com.br\/index.php\/wp-json\/wp\/v2\/posts\/21804","targetHints":{"allow":["GET"]}}],"collection":[{"href":"https:\/\/noticiasnoface.com.br\/index.php\/wp-json\/wp\/v2\/posts"}],"about":[{"href":"https:\/\/noticiasnoface.com.br\/index.php\/wp-json\/wp\/v2\/types\/post"}],"author":[{"embeddable":true,"href":"https:\/\/noticiasnoface.com.br\/index.php\/wp-json\/wp\/v2\/users\/1"}],"replies":[{"embeddable":true,"href":"https:\/\/noticiasnoface.com.br\/index.php\/wp-json\/wp\/v2\/comments?post=21804"}],"version-history":[{"count":1,"href":"https:\/\/noticiasnoface.com.br\/index.php\/wp-json\/wp\/v2\/posts\/21804\/revisions"}],"predecessor-version":[{"id":21805,"href":"https:\/\/noticiasnoface.com.br\/index.php\/wp-json\/wp\/v2\/posts\/21804\/revisions\/21805"}],"wp:attachment":[{"href":"https:\/\/noticiasnoface.com.br\/index.php\/wp-json\/wp\/v2\/media?parent=21804"}],"wp:term":[{"taxonomy":"category","embeddable":true,"href":"https:\/\/noticiasnoface.com.br\/index.php\/wp-json\/wp\/v2\/categories?post=21804"},{"taxonomy":"post_tag","embeddable":true,"href":"https:\/\/noticiasnoface.com.br\/index.php\/wp-json\/wp\/v2\/tags?post=21804"}],"curies":[{"name":"wp","href":"https:\/\/api.w.org\/{rel}","templated":true}]}}