{"id":21810,"date":"2024-02-27T21:06:29","date_gmt":"2024-02-28T00:06:29","guid":{"rendered":"https:\/\/noticiasnoface.com.br\/?p=21810"},"modified":"2024-02-27T21:06:30","modified_gmt":"2024-02-28T00:06:30","slug":"paralisia-de-bell-entenda-a-doenca-que-paralisou-o-rosto-de-fernanda-gentil","status":"publish","type":"post","link":"https:\/\/noticiasnoface.com.br\/index.php\/2024\/02\/27\/paralisia-de-bell-entenda-a-doenca-que-paralisou-o-rosto-de-fernanda-gentil\/","title":{"rendered":"Paralisia de Bell, entenda a doen\u00e7a que paralisou o rosto de Fernanda Gentil"},"content":{"rendered":"\n<figure class=\"wp-block-image size-large\"><img data-opt-id=948682539  fetchpriority=\"high\" decoding=\"async\" width=\"924\" height=\"519\" src=\"https:\/\/mlbfrsat7ahr.i.optimole.com\/w:auto\/h:auto\/q:mauto\/ig:avif\/https:\/\/noticiasnoface.com.br\/wp-content\/uploads\/2024\/02\/img_0771.jpg\" class=\"wp-image-21809\" srcset=\"https:\/\/mlbfrsat7ahr.i.optimole.com\/w:924\/h:519\/q:mauto\/ig:avif\/https:\/\/noticiasnoface.com.br\/wp-content\/uploads\/2024\/02\/img_0771.jpg 924w, https:\/\/mlbfrsat7ahr.i.optimole.com\/w:300\/h:169\/q:mauto\/ig:avif\/https:\/\/noticiasnoface.com.br\/wp-content\/uploads\/2024\/02\/img_0771.jpg 300w, https:\/\/mlbfrsat7ahr.i.optimole.com\/w:768\/h:431\/q:mauto\/ig:avif\/https:\/\/noticiasnoface.com.br\/wp-content\/uploads\/2024\/02\/img_0771.jpg 768w, https:\/\/mlbfrsat7ahr.i.optimole.com\/w:800\/h:450\/q:mauto\/ig:avif\/https:\/\/noticiasnoface.com.br\/wp-content\/uploads\/2024\/02\/img_0771.jpg 800w\" sizes=\"(max-width: 924px) 100vw, 924px\" \/><figcaption class=\"wp-element-caption\"><strong><a href=\"https:\/\/oglobo.globo.com\/tudo-sobre\/personalidade\/fernanda-gentil\" target=\"_blank\" rel=\"noopener\">Fernanda Gentil<\/a>&nbsp;<\/strong>revelou que est\u00e1&nbsp;<strong>sofrendo com uma paralisia facial<\/strong>. Em v\u00eddeo publicado no YouTube, a jornalista falou sobre os primeiros sinais da doen\u00e7a. A apresentadora relatou que, ao encontrar o filho Gabriel, sentiu algo diferente. &#8220;Quando ele chegou, eu obviamente agarrei ele, abracei, beijei, espremi, e senti que fiquei com a boca meio dormente. Passou aquela euforia toda, esqueci, distrai&#8221;, disse.<br><br>Segundo Fernanda, a situa\u00e7\u00e3o se agravou durante o trabalho. &#8220;Comecei a mandar v\u00e1rios beijos e n\u00e3o saia, a boca n\u00e3o firmava, sabe?&#8221;, explicou. A artista contou que a preocupa\u00e7\u00e3o aumentou quando percebeu que metade do rosto n\u00e3o respondia como deveria: &#8220;Percebi que o lado da esquerda, que era justamente o que estava incomodando a minha boca, n\u00e3o estava correspondendo com o lado da direita.&#8221;<br><br>Fernanda conversou com a mulher, Priscila Montandon, e decidiu buscar orienta\u00e7\u00e3o m\u00e9dica. Ela foi diagnosticada com&nbsp;<strong>Paralisia de Bell<\/strong>. &#8220;N\u00e3o tem uma origem certa do que pode causar, tem v\u00e1rias op\u00e7\u00f5es. Estresse pode ser uma delas, mas tamb\u00e9m \u00e9 uma possibilidade o v\u00edrus da herpes, que eu tenho [no meu corpo]&#8221;, detalhou.<br>Tomando medicamentos, Fernanda falou que os movimentos do seu rosto ainda n\u00e3o voltaram ao normal. &#8220;Ela [a paralisia] pode dar uma vez na vida e nunca [mais], mas pode deixar sequelas&#8221;, pontuou. A famosa fez quest\u00e3o de conscientizar o p\u00fablico sobre a doen\u00e7a: &#8220;\u00c9 para alertar voc\u00eas a ouvirem muito os sinais do corpo de voc\u00eas. N\u00e3o silenciarem nada, n\u00e3o negarem nada, fingirem que n\u00e3o est\u00e3o vendo.&#8221;<br><strong>Leia mais:<\/strong>&nbsp;<a href=\"https:\/\/oglobo.globo.com\/saude\/noticia\/2024\/02\/27\/ela-alem-de-kenneth-mitchell-conheca-outros-4-famosos-que-morreram-da-doenca.ghtml\" target=\"_blank\" rel=\"noopener\">ELA: al\u00e9m de Kenneth Mitchell, conhe\u00e7a outros 4 famosos que morreram da doen\u00e7a<\/a><br>Apesar de paralisia nas pernas, jovem realiza sonho e vira bailarina<br>Sophia Moore, de 23 anos, n\u00e3o desistiu de dan\u00e7ar mesmo ap\u00f3s perder parte dos movimentos inferiores h\u00e1 10 anos<br><br>O que \u00e9 a Paralisia de Bell?<br><br>A paralisia de Bell&nbsp;<strong>\u00e9 um dist\u00farbio que provoca paralisia dos m\u00fasculos de um dos lados do rosto<\/strong>&nbsp;e faz com que a pessoa tenha dificuldade para realizar movimentos simples, como franzir a testa, erguer a sobrancelha, piscar ou fechar os olhos, sorrir e mostrar os dentes. A paralisia pode atingir homens e mulheres de qualquer idade, mas incid\u00eancia costuma ser maior depois dos 40 anos.<br><br>Ela se instala em virtude de uma rea\u00e7\u00e3o inflamat\u00f3ria envolvendo o nervo facial, que incha e fica comprimido dentro de um estreito canal \u00f3sseo localizado atr\u00e1s da orelha. Essa altera\u00e7\u00e3o o impede de transmitir os impulsos nervosos para os m\u00fasculos respons\u00e1veis pela m\u00edmica facial, provocando incapacidade funcional e assimetria da express\u00e3o.<br><br>Quais s\u00e3o as causas da Paralisia de Bell?<br><br>O quadro&nbsp;<strong>pode ter causas metab\u00f3licas&nbsp;<\/strong>como o diabetes mellitus, pr\u00e9-ecl\u00e2mpsia, acidente vascular cerebral (AVC), infec\u00e7\u00f5es virais como o v\u00edrus da influenza e outras doen\u00e7as infecciosas. Estresse, fadiga extrema, mudan\u00e7as bruscas de temperatura, baixa da imunidade, tumores e traumas, dist\u00farbios na gl\u00e2ndula par\u00f3tida tamb\u00e9m estar envolvidos no aparecimento da doen\u00e7a.<br><strong>Ainda n\u00e3o foi identificada a causa exata da paralisia de Bell.<\/strong>&nbsp;No entanto, os estudos sugerem que o quadro pode estar correlacionado com uma infec\u00e7\u00e3o por bact\u00e9rias (doen\u00e7a de Lyme) ou v\u00edrus que atingem o nervo facial, tais como o v\u00edrus do herpes simples (labial e genital), e do herpes z\u00f3ster (catapora\/varicela), o Epstein-barr (mononucleose), o citomegalov\u00edrus, o adenov\u00edrus e os v\u00edrus da rub\u00e9ola e da gripe.&nbsp;<br><br>Ao que tudo indica, os casos se tornam mais frequentes em<strong>&nbsp;pessoas com hist\u00f3ria familiar da doen\u00e7a, durante o terceiro trimestre da gravidez&nbsp;<\/strong>e na primeira semana ap\u00f3s o parto, nas pessoas com diabetes e nos casos de infec\u00e7\u00f5es respirat\u00f3rias, como gripes e resfriados.<br><br>Qual \u00e9 o tratamento para a Paralisia de Bell?<br><br>A paralisia de Bell geralmente&nbsp;<strong>se resolve por conta pr\u00f3pria em seis meses<\/strong>. A fisioterapia pode ajudar a impedir que os m\u00fasculos se contraiam de forma permanente. Al\u00e9m dos exerc\u00edcios, ao longo da recupera\u00e7\u00e3o, o paciente pode ser orientado ao uso de medicamentos e fonoaudiologia. N\u00e3o existe, entretanto, uma conduta terap\u00eautica padr\u00e3o para a doen\u00e7a.<br><br>\u00c9 poss\u00edvel evitar a Paralisia de Bell?&nbsp;<br><br>Como \u00e9 prov\u00e1vel que a causa seja uma infec\u00e7\u00e3o, em geral, a paralisia de Bell n\u00e3o pode ser evitada. Como ela pode estar ligada a diversos v\u00edrus, n\u00e3o h\u00e1 forma conhecida para a preven\u00e7\u00e3o da doen\u00e7a.<\/figcaption><\/figure>\n\n\n\n<p><\/p>\n","protected":false},"excerpt":{"rendered":"","protected":false},"author":1,"featured_media":0,"comment_status":"open","ping_status":"open","sticky":false,"template":"","format":"standard","meta":{"site-sidebar-layout":"default","site-content-layout":"","ast-site-content-layout":"default","site-content-style":"default","site-sidebar-style":"default","ast-global-header-display":"","ast-banner-title-visibility":"","ast-main-header-display":"","ast-hfb-above-header-display":"","ast-hfb-below-header-display":"","ast-hfb-mobile-header-display":"","site-post-title":"","ast-breadcrumbs-content":"","ast-featured-img":"","footer-sml-layout":"","ast-disable-related-posts":"","theme-transparent-header-meta":"","adv-header-id-meta":"","stick-header-meta":"","header-above-stick-meta":"","header-main-stick-meta":"","header-below-stick-meta":"","astra-migrate-meta-layouts":"default","ast-page-background-enabled":"default","ast-page-background-meta":{"desktop":{"background-color":"var(--ast-global-color-4)","background-image":"","background-repeat":"repeat","background-position":"center center","background-size":"auto","background-attachment":"scroll","background-type":"","background-media":"","overlay-type":"","overlay-color":"","overlay-opacity":"","overlay-gradient":""},"tablet":{"background-color":"","background-image":"","background-repeat":"repeat","background-position":"center center","background-size":"auto","background-attachment":"scroll","background-type":"","background-media":"","overlay-type":"","overlay-color":"","overlay-opacity":"","overlay-gradient":""},"mobile":{"background-color":"","background-image":"","background-repeat":"repeat","background-position":"center center","background-size":"auto","background-attachment":"scroll","background-type":"","background-media":"","overlay-type":"","overlay-color":"","overlay-opacity":"","overlay-gradient":""}},"ast-content-background-meta":{"desktop":{"background-color":"var(--ast-global-color-5)","background-image":"","background-repeat":"repeat","background-position":"center center","background-size":"auto","background-attachment":"scroll","background-type":"","background-media":"","overlay-type":"","overlay-color":"","overlay-opacity":"","overlay-gradient":""},"tablet":{"background-color":"var(--ast-global-color-5)","background-image":"","background-repeat":"repeat","background-position":"center center","background-size":"auto","background-attachment":"scroll","background-type":"","background-media":"","overlay-type":"","overlay-color":"","overlay-opacity":"","overlay-gradient":""},"mobile":{"background-color":"var(--ast-global-color-5)","background-image":"","background-repeat":"repeat","background-position":"center center","background-size":"auto","background-attachment":"scroll","background-type":"","background-media":"","overlay-type":"","overlay-color":"","overlay-opacity":"","overlay-gradient":""}},"footnotes":""},"categories":[155],"tags":[2174,1901,3365,3364],"class_list":["post-21810","post","type-post","status-publish","format-standard","hentry","category-saude","tag-doenca","tag-famosos","tag-fernanda-gentil","tag-paralisia-de-bell"],"_links":{"self":[{"href":"https:\/\/noticiasnoface.com.br\/index.php\/wp-json\/wp\/v2\/posts\/21810","targetHints":{"allow":["GET"]}}],"collection":[{"href":"https:\/\/noticiasnoface.com.br\/index.php\/wp-json\/wp\/v2\/posts"}],"about":[{"href":"https:\/\/noticiasnoface.com.br\/index.php\/wp-json\/wp\/v2\/types\/post"}],"author":[{"embeddable":true,"href":"https:\/\/noticiasnoface.com.br\/index.php\/wp-json\/wp\/v2\/users\/1"}],"replies":[{"embeddable":true,"href":"https:\/\/noticiasnoface.com.br\/index.php\/wp-json\/wp\/v2\/comments?post=21810"}],"version-history":[{"count":1,"href":"https:\/\/noticiasnoface.com.br\/index.php\/wp-json\/wp\/v2\/posts\/21810\/revisions"}],"predecessor-version":[{"id":21811,"href":"https:\/\/noticiasnoface.com.br\/index.php\/wp-json\/wp\/v2\/posts\/21810\/revisions\/21811"}],"wp:attachment":[{"href":"https:\/\/noticiasnoface.com.br\/index.php\/wp-json\/wp\/v2\/media?parent=21810"}],"wp:term":[{"taxonomy":"category","embeddable":true,"href":"https:\/\/noticiasnoface.com.br\/index.php\/wp-json\/wp\/v2\/categories?post=21810"},{"taxonomy":"post_tag","embeddable":true,"href":"https:\/\/noticiasnoface.com.br\/index.php\/wp-json\/wp\/v2\/tags?post=21810"}],"curies":[{"name":"wp","href":"https:\/\/api.w.org\/{rel}","templated":true}]}}