{"id":21816,"date":"2024-02-27T22:54:25","date_gmt":"2024-02-28T01:54:25","guid":{"rendered":"https:\/\/noticiasnoface.com.br\/?p=21816"},"modified":"2024-02-27T22:54:25","modified_gmt":"2024-02-28T01:54:25","slug":"vereadores-de-natal-aprovam-criacao-do-programa-jovem-financista","status":"publish","type":"post","link":"https:\/\/noticiasnoface.com.br\/index.php\/2024\/02\/27\/vereadores-de-natal-aprovam-criacao-do-programa-jovem-financista\/","title":{"rendered":"Vereadores de Natal aprovam cria\u00e7\u00e3o do Programa Jovem Financista"},"content":{"rendered":"\n<figure class=\"wp-block-image size-large\"><img data-opt-id=680997981  fetchpriority=\"high\" decoding=\"async\" width=\"1024\" height=\"682\" src=\"https:\/\/mlbfrsat7ahr.i.optimole.com\/w:1024\/h:682\/q:mauto\/ig:avif\/https:\/\/noticiasnoface.com.br\/wp-content\/uploads\/2024\/02\/img_0785-1.jpg\" class=\"wp-image-21815\" srcset=\"https:\/\/mlbfrsat7ahr.i.optimole.com\/w:1024\/h:682\/q:mauto\/ig:avif\/https:\/\/noticiasnoface.com.br\/wp-content\/uploads\/2024\/02\/img_0785-1.jpg 1024w, https:\/\/mlbfrsat7ahr.i.optimole.com\/w:300\/h:200\/q:mauto\/ig:avif\/https:\/\/noticiasnoface.com.br\/wp-content\/uploads\/2024\/02\/img_0785-1.jpg 300w, https:\/\/mlbfrsat7ahr.i.optimole.com\/w:768\/h:512\/q:mauto\/ig:avif\/https:\/\/noticiasnoface.com.br\/wp-content\/uploads\/2024\/02\/img_0785-1.jpg 768w, https:\/\/mlbfrsat7ahr.i.optimole.com\/w:1536\/h:1023\/q:mauto\/ig:avif\/https:\/\/noticiasnoface.com.br\/wp-content\/uploads\/2024\/02\/img_0785-1.jpg 1536w, https:\/\/mlbfrsat7ahr.i.optimole.com\/w:1600\/h:1066\/q:mauto\/ig:avif\/https:\/\/noticiasnoface.com.br\/wp-content\/uploads\/2024\/02\/img_0785-1.jpg 1600w\" sizes=\"(max-width: 1000px) 100vw, 1000px\" \/><figcaption class=\"wp-element-caption\">O plen\u00e1rio da C\u00e2mara Municipal de Natal deu parecer favor\u00e1vel, na sess\u00e3o ordin\u00e1ria desta ter\u00e7a-feira (27), ao Projeto de Lei n\u00b0 555\/2022, apresentado pelo vereador Aroldo Alves (PSDB), que disp\u00f5e sobre a cria\u00e7\u00e3o e implanta\u00e7\u00e3o do Programa \u201cJovem Financista\u201d nas escolas do munic\u00edpio. Aprovado em segunda discuss\u00e3o, o PL segue agora para san\u00e7\u00e3o do Executivo.<br>A iniciativa consiste na difus\u00e3o de conhecimentos sobre ingresso, participa\u00e7\u00e3o e promo\u00e7\u00e3o de atividades empreendedoras no mercado, al\u00e9m de no\u00e7\u00f5es sobre planejamento financeiro e participa\u00e7\u00e3o em mercados de capitais e investimentos aos alunos das escolas sob gest\u00e3o municipal, relativos \u00e0 educa\u00e7\u00e3o financeira e empreendedora.<br>&#8220;Nossos alunos recebem diplomas de gradua\u00e7\u00e3o sem o menor preparo para o mercado de trabalho e a vida profissional. Portanto, o Programa Jovem Financista ensinar\u00e1 a empreender e se adaptar \u00e0 realidade que vivemos. Cabe ressaltar que, historicamente, o Brasil sempre enfrentou sucessivas crises econ\u00f4micas e altos \u00edndices de desemprego. Portanto, \u00e9 de responsabilidade do Poder P\u00fablico ajudar a formar novos geradores de emprego no futuro: os empreendedores&#8221;, defendeu Aroldo Alves.<br>Tamb\u00e9m em segunda discuss\u00e3o, foi aprovado o PL 337\/2023, de autoria do vereador T\u00e9rcio Tinoco (Uni\u00e3o Brasil), que institui e inclui no calend\u00e1rio oficial de eventos do munic\u00edpio de Natal, a Semana Municipal de Conscientiza\u00e7\u00e3o e divulga\u00e7\u00e3o da L\u00edngua Brasileira de Sinais \u2013 Libras. &#8220;\u00c9 de extrema import\u00e2ncia que o conhecimento da evolu\u00e7\u00e3o gramatical e conceitual da l\u00edngua portuguesa ganhe ainda mais for\u00e7a \u00e0 n\u00edvel municipal, dando a causa visibilidade necess\u00e1ria e levando informa\u00e7\u00e3o a toda a popula\u00e7\u00e3o acerca da tem\u00e1tica&#8221;, disse T\u00e9rcio.<br>Mais duas mat\u00e9rias foram acatadas em segunda discuss\u00e3o: PL 229\/2021, do vereador Raniere Barbosa (Sem Partido), que reconhece de Utilidade P\u00fablica a Associa\u00e7\u00e3o dos Assessores Jur\u00eddicos do Munic\u00edpio de Natal \u2013 A.A.J.M.N, e o PL 327\/2023, do vereador Robson Carvalho (Uni\u00e3o Carvalho), que reconhece de Utilidade P\u00fablica Municipal a Uni\u00e3o Pet Brasil.<br><strong><em>Texto: Junior Martins<br>Fotos: Elp\u00eddio J\u00fanior<\/em><\/strong><\/figcaption><\/figure>\n","protected":false},"excerpt":{"rendered":"","protected":false},"author":1,"featured_media":0,"comment_status":"open","ping_status":"open","sticky":false,"template":"","format":"standard","meta":{"site-sidebar-layout":"default","site-content-layout":"","ast-site-content-layout":"default","site-content-style":"default","site-sidebar-style":"default","ast-global-header-display":"","ast-banner-title-visibility":"","ast-main-header-display":"","ast-hfb-above-header-display":"","ast-hfb-below-header-display":"","ast-hfb-mobile-header-display":"","site-post-title":"","ast-breadcrumbs-content":"","ast-featured-img":"","footer-sml-layout":"","ast-disable-related-posts":"","theme-transparent-header-meta":"","adv-header-id-meta":"","stick-header-meta":"","header-above-stick-meta":"","header-main-stick-meta":"","header-below-stick-meta":"","astra-migrate-meta-layouts":"default","ast-page-background-enabled":"default","ast-page-background-meta":{"desktop":{"background-color":"var(--ast-global-color-4)","background-image":"","background-repeat":"repeat","background-position":"center center","background-size":"auto","background-attachment":"scroll","background-type":"","background-media":"","overlay-type":"","overlay-color":"","overlay-opacity":"","overlay-gradient":""},"tablet":{"background-color":"","background-image":"","background-repeat":"repeat","background-position":"center center","background-size":"auto","background-attachment":"scroll","background-type":"","background-media":"","overlay-type":"","overlay-color":"","overlay-opacity":"","overlay-gradient":""},"mobile":{"background-color":"","background-image":"","background-repeat":"repeat","background-position":"center center","background-size":"auto","background-attachment":"scroll","background-type":"","background-media":"","overlay-type":"","overlay-color":"","overlay-opacity":"","overlay-gradient":""}},"ast-content-background-meta":{"desktop":{"background-color":"var(--ast-global-color-5)","background-image":"","background-repeat":"repeat","background-position":"center center","background-size":"auto","background-attachment":"scroll","background-type":"","background-media":"","overlay-type":"","overlay-color":"","overlay-opacity":"","overlay-gradient":""},"tablet":{"background-color":"var(--ast-global-color-5)","background-image":"","background-repeat":"repeat","background-position":"center center","background-size":"auto","background-attachment":"scroll","background-type":"","background-media":"","overlay-type":"","overlay-color":"","overlay-opacity":"","overlay-gradient":""},"mobile":{"background-color":"var(--ast-global-color-5)","background-image":"","background-repeat":"repeat","background-position":"center center","background-size":"auto","background-attachment":"scroll","background-type":"","background-media":"","overlay-type":"","overlay-color":"","overlay-opacity":"","overlay-gradient":""}},"footnotes":""},"categories":[517],"tags":[],"class_list":["post-21816","post","type-post","status-publish","format-standard","hentry","category-aconteceu"],"_links":{"self":[{"href":"https:\/\/noticiasnoface.com.br\/index.php\/wp-json\/wp\/v2\/posts\/21816","targetHints":{"allow":["GET"]}}],"collection":[{"href":"https:\/\/noticiasnoface.com.br\/index.php\/wp-json\/wp\/v2\/posts"}],"about":[{"href":"https:\/\/noticiasnoface.com.br\/index.php\/wp-json\/wp\/v2\/types\/post"}],"author":[{"embeddable":true,"href":"https:\/\/noticiasnoface.com.br\/index.php\/wp-json\/wp\/v2\/users\/1"}],"replies":[{"embeddable":true,"href":"https:\/\/noticiasnoface.com.br\/index.php\/wp-json\/wp\/v2\/comments?post=21816"}],"version-history":[{"count":1,"href":"https:\/\/noticiasnoface.com.br\/index.php\/wp-json\/wp\/v2\/posts\/21816\/revisions"}],"predecessor-version":[{"id":21817,"href":"https:\/\/noticiasnoface.com.br\/index.php\/wp-json\/wp\/v2\/posts\/21816\/revisions\/21817"}],"wp:attachment":[{"href":"https:\/\/noticiasnoface.com.br\/index.php\/wp-json\/wp\/v2\/media?parent=21816"}],"wp:term":[{"taxonomy":"category","embeddable":true,"href":"https:\/\/noticiasnoface.com.br\/index.php\/wp-json\/wp\/v2\/categories?post=21816"},{"taxonomy":"post_tag","embeddable":true,"href":"https:\/\/noticiasnoface.com.br\/index.php\/wp-json\/wp\/v2\/tags?post=21816"}],"curies":[{"name":"wp","href":"https:\/\/api.w.org\/{rel}","templated":true}]}}