{"id":21829,"date":"2024-02-28T16:08:24","date_gmt":"2024-02-28T19:08:24","guid":{"rendered":"https:\/\/noticiasnoface.com.br\/?p=21829"},"modified":"2024-02-28T16:08:25","modified_gmt":"2024-02-28T19:08:25","slug":"defesa-do-consumidor-e-tema-de-livro-de-procurador-da-camara-de-parnamirim","status":"publish","type":"post","link":"https:\/\/noticiasnoface.com.br\/index.php\/2024\/02\/28\/defesa-do-consumidor-e-tema-de-livro-de-procurador-da-camara-de-parnamirim\/","title":{"rendered":"Defesa do consumidor \u00e9 tema de livro de Procurador da C\u00e2mara de Parnamirim"},"content":{"rendered":"\n<figure class=\"wp-block-image size-large\"><img data-opt-id=434868085  fetchpriority=\"high\" decoding=\"async\" width=\"704\" height=\"1024\" src=\"https:\/\/mlbfrsat7ahr.i.optimole.com\/w:704\/h:1024\/q:mauto\/ig:avif\/https:\/\/noticiasnoface.com.br\/wp-content\/uploads\/2024\/02\/57229a77-9003-4b9b-ae5f-3f6645f56b2d-1.jpg\" class=\"wp-image-21828\" srcset=\"https:\/\/mlbfrsat7ahr.i.optimole.com\/w:704\/h:1024\/q:mauto\/ig:avif\/https:\/\/noticiasnoface.com.br\/wp-content\/uploads\/2024\/02\/57229a77-9003-4b9b-ae5f-3f6645f56b2d-1.jpg 704w, https:\/\/mlbfrsat7ahr.i.optimole.com\/w:206\/h:300\/q:mauto\/ig:avif\/https:\/\/noticiasnoface.com.br\/wp-content\/uploads\/2024\/02\/57229a77-9003-4b9b-ae5f-3f6645f56b2d-1.jpg 206w, https:\/\/mlbfrsat7ahr.i.optimole.com\/w:742\/h:1080\/q:mauto\/ig:avif\/https:\/\/noticiasnoface.com.br\/wp-content\/uploads\/2024\/02\/57229a77-9003-4b9b-ae5f-3f6645f56b2d-1.jpg 768w, https:\/\/mlbfrsat7ahr.i.optimole.com\/w:742\/h:1080\/q:mauto\/ig:avif\/https:\/\/noticiasnoface.com.br\/wp-content\/uploads\/2024\/02\/57229a77-9003-4b9b-ae5f-3f6645f56b2d-1.jpg 880w\" sizes=\"(max-width: 704px) 100vw, 704px\" \/><figcaption class=\"wp-element-caption\"><br>Defesa do consumidor \u00e9 tema de livro de Procurador da C\u00e2mara de Parnamirim<br>Aprendizado e teoria transformaram-se em obra liter\u00e1ria. O Procurador Legislativo da C\u00e2mara de Parnamirim, Tiago Neves de Morais, lan\u00e7a o primeiro livro \u201cA Defesa do Consumidor por Meio da Atua\u00e7\u00e3o do Procon Como Inst\u00e2ncia de Acesso \u00e0 Justi\u00e7a&#8221;, pela editora Dial\u00e9tica.<br>A ideia surgiu a partir da disserta\u00e7\u00e3o de mestrado em Direito e o tema \u00e9 fruto da viv\u00eancia da atua\u00e7\u00e3o no Procon de Parnamirim. Tiago \u00e9 procurador, desde 2020, e realiza o tratamento jur\u00eddico das demandas do \u00f3rg\u00e3o. J\u00e1 realizou mais de mil audi\u00eancias de concilia\u00e7\u00e3o com rela\u00e7\u00e3o aos direitos dos consumidores.<br>O livro explora que a atua\u00e7\u00e3o do Procon transcende sua fun\u00e7\u00e3o de \u00f3rg\u00e3o regulador, tornando-se uma genu\u00edna via de acesso \u00e0 justi\u00e7a. Com isso, destaca que o Procon se eleva a um importante \u00f3rg\u00e3o de solu\u00e7\u00e3o de conflitos, confirmando que a C\u00e2mara de Parnamirim, ao disponibilizar o \u00f3rg\u00e3o para atendimento \u00e0 popula\u00e7\u00e3o, exerce relevante presta\u00e7\u00e3o de apoio ao cidad\u00e3o residente no munic\u00edpio.<br>\u201cCom o lan\u00e7amento desta obra no mercado editorial, espero disseminar a ideia da efici\u00eancia da prote\u00e7\u00e3o e defesa do consumidor na resolu\u00e7\u00e3o dos conflitos, al\u00e9m de contribuir com um importante marco na forma de visualizar o Procon no cen\u00e1rio atual, elevando-o a um patamar de relev\u00e2ncia, que transcende a mera atua\u00e7\u00e3o regulat\u00f3ria\u201d, afirma o escritor.<br>O lan\u00e7amento ocorrer\u00e1 no dia 11 de mar\u00e7o, \u00e0s 9h, na abertura da Semana do Consumidor, no plen\u00e1rio da Casa.<br>SOBRE O AUTOR<br>Tiago Neves \u00e9 Advogado e Procurador Legislativo. \u00c9 Mestre em Direito pela UFRN, Especialista em Direito P\u00fablico, Direito Constitucional e Ci\u00eancias Penais. Atua no Procon C\u00e2mara de Parnamirim\/RN realizando o tratamento jur\u00eddico das reclama\u00e7\u00f5es e j\u00e1 conduziu mais de mil audi\u00eancias de concilia\u00e7\u00e3o. Participou do curso \u201cSuccessful Negotiation: Essential Strategies and Skills\u201d promovido pela University of Michigan &#8211; USA em 2020. \u00c9 membro do Instituto de Direito Administrativo Seabra Fagundes-IDASF.<br>SERVI\u00c7O:<br>Lan\u00e7amento: \u201cA Defesa do Consumidor por Meio da Atua\u00e7\u00e3o do Procon Como Inst\u00e2ncia de Acesso \u00e0 Justi\u00e7a\u201d, Editora Dial\u00e9tica.<br>Dia: segunda-feira, 11\/03, 9h<br>Local: Plen\u00e1rio Dr. M\u00e1rio Medeiros &#8211; C\u00e2mara Municipal de Parnamirim<br>Tiago Neves de Morais | Procurador Legislativo da C\u00e2mara Municipal de Parnamirim | 84 98875-5397<br>Assessor de Comunica\u00e7\u00e3o | Canind\u00e9 Pereira | 84 99628-4679<\/figcaption><\/figure>\n","protected":false},"excerpt":{"rendered":"","protected":false},"author":1,"featured_media":0,"comment_status":"open","ping_status":"open","sticky":false,"template":"","format":"standard","meta":{"site-sidebar-layout":"default","site-content-layout":"","ast-site-content-layout":"default","site-content-style":"default","site-sidebar-style":"default","ast-global-header-display":"","ast-banner-title-visibility":"","ast-main-header-display":"","ast-hfb-above-header-display":"","ast-hfb-below-header-display":"","ast-hfb-mobile-header-display":"","site-post-title":"","ast-breadcrumbs-content":"","ast-featured-img":"","footer-sml-layout":"","ast-disable-related-posts":"","theme-transparent-header-meta":"","adv-header-id-meta":"","stick-header-meta":"","header-above-stick-meta":"","header-main-stick-meta":"","header-below-stick-meta":"","astra-migrate-meta-layouts":"default","ast-page-background-enabled":"default","ast-page-background-meta":{"desktop":{"background-color":"var(--ast-global-color-4)","background-image":"","background-repeat":"repeat","background-position":"center center","background-size":"auto","background-attachment":"scroll","background-type":"","background-media":"","overlay-type":"","overlay-color":"","overlay-opacity":"","overlay-gradient":""},"tablet":{"background-color":"","background-image":"","background-repeat":"repeat","background-position":"center center","background-size":"auto","background-attachment":"scroll","background-type":"","background-media":"","overlay-type":"","overlay-color":"","overlay-opacity":"","overlay-gradient":""},"mobile":{"background-color":"","background-image":"","background-repeat":"repeat","background-position":"center center","background-size":"auto","background-attachment":"scroll","background-type":"","background-media":"","overlay-type":"","overlay-color":"","overlay-opacity":"","overlay-gradient":""}},"ast-content-background-meta":{"desktop":{"background-color":"var(--ast-global-color-5)","background-image":"","background-repeat":"repeat","background-position":"center center","background-size":"auto","background-attachment":"scroll","background-type":"","background-media":"","overlay-type":"","overlay-color":"","overlay-opacity":"","overlay-gradient":""},"tablet":{"background-color":"var(--ast-global-color-5)","background-image":"","background-repeat":"repeat","background-position":"center center","background-size":"auto","background-attachment":"scroll","background-type":"","background-media":"","overlay-type":"","overlay-color":"","overlay-opacity":"","overlay-gradient":""},"mobile":{"background-color":"var(--ast-global-color-5)","background-image":"","background-repeat":"repeat","background-position":"center center","background-size":"auto","background-attachment":"scroll","background-type":"","background-media":"","overlay-type":"","overlay-color":"","overlay-opacity":"","overlay-gradient":""}},"footnotes":""},"categories":[517],"tags":[],"class_list":["post-21829","post","type-post","status-publish","format-standard","hentry","category-aconteceu"],"_links":{"self":[{"href":"https:\/\/noticiasnoface.com.br\/index.php\/wp-json\/wp\/v2\/posts\/21829","targetHints":{"allow":["GET"]}}],"collection":[{"href":"https:\/\/noticiasnoface.com.br\/index.php\/wp-json\/wp\/v2\/posts"}],"about":[{"href":"https:\/\/noticiasnoface.com.br\/index.php\/wp-json\/wp\/v2\/types\/post"}],"author":[{"embeddable":true,"href":"https:\/\/noticiasnoface.com.br\/index.php\/wp-json\/wp\/v2\/users\/1"}],"replies":[{"embeddable":true,"href":"https:\/\/noticiasnoface.com.br\/index.php\/wp-json\/wp\/v2\/comments?post=21829"}],"version-history":[{"count":1,"href":"https:\/\/noticiasnoface.com.br\/index.php\/wp-json\/wp\/v2\/posts\/21829\/revisions"}],"predecessor-version":[{"id":21830,"href":"https:\/\/noticiasnoface.com.br\/index.php\/wp-json\/wp\/v2\/posts\/21829\/revisions\/21830"}],"wp:attachment":[{"href":"https:\/\/noticiasnoface.com.br\/index.php\/wp-json\/wp\/v2\/media?parent=21829"}],"wp:term":[{"taxonomy":"category","embeddable":true,"href":"https:\/\/noticiasnoface.com.br\/index.php\/wp-json\/wp\/v2\/categories?post=21829"},{"taxonomy":"post_tag","embeddable":true,"href":"https:\/\/noticiasnoface.com.br\/index.php\/wp-json\/wp\/v2\/tags?post=21829"}],"curies":[{"name":"wp","href":"https:\/\/api.w.org\/{rel}","templated":true}]}}