{"id":21854,"date":"2024-03-01T21:13:02","date_gmt":"2024-03-02T00:13:02","guid":{"rendered":"https:\/\/noticiasnoface.com.br\/?p=21854"},"modified":"2024-03-01T21:13:02","modified_gmt":"2024-03-02T00:13:02","slug":"presidente-da-camara-de-natal-eriko-jacome-inaugura-os-trabalhos-da-escola-do-legislativo-em-parceria-com-a-assembleia-legislativa","status":"publish","type":"post","link":"https:\/\/noticiasnoface.com.br\/index.php\/2024\/03\/01\/presidente-da-camara-de-natal-eriko-jacome-inaugura-os-trabalhos-da-escola-do-legislativo-em-parceria-com-a-assembleia-legislativa\/","title":{"rendered":"Presidente da C\u00e2mara de Natal, Eriko J\u00e1come inaugura os trabalhos da Escola do Legislativo em parceria com a Assembleia Legislativa"},"content":{"rendered":"\n<figure class=\"wp-block-image size-large\"><img data-opt-id=1609059733  fetchpriority=\"high\" decoding=\"async\" width=\"1024\" height=\"827\" src=\"https:\/\/mlbfrsat7ahr.i.optimole.com\/w:1024\/h:827\/q:mauto\/ig:avif\/https:\/\/noticiasnoface.com.br\/wp-content\/uploads\/2024\/03\/1c8b9416-1115-4b39-b10d-a0dcd75bc279-1.jpg\" class=\"wp-image-21853\" srcset=\"https:\/\/mlbfrsat7ahr.i.optimole.com\/w:1024\/h:827\/q:mauto\/ig:avif\/https:\/\/noticiasnoface.com.br\/wp-content\/uploads\/2024\/03\/1c8b9416-1115-4b39-b10d-a0dcd75bc279-1.jpg 1024w, https:\/\/mlbfrsat7ahr.i.optimole.com\/w:300\/h:242\/q:mauto\/ig:avif\/https:\/\/noticiasnoface.com.br\/wp-content\/uploads\/2024\/03\/1c8b9416-1115-4b39-b10d-a0dcd75bc279-1.jpg 300w, https:\/\/mlbfrsat7ahr.i.optimole.com\/w:768\/h:620\/q:mauto\/ig:avif\/https:\/\/noticiasnoface.com.br\/wp-content\/uploads\/2024\/03\/1c8b9416-1115-4b39-b10d-a0dcd75bc279-1.jpg 768w, https:\/\/mlbfrsat7ahr.i.optimole.com\/w:1280\/h:1034\/q:mauto\/ig:avif\/https:\/\/noticiasnoface.com.br\/wp-content\/uploads\/2024\/03\/1c8b9416-1115-4b39-b10d-a0dcd75bc279-1.jpg 1280w\" sizes=\"(max-width: 1000px) 100vw, 1000px\" \/><figcaption class=\"wp-element-caption\"><br>Na tarde desta quinta-feira, o presidente da C\u00e2mara Municipal de Natal, Eriko J\u00e1come, recebeu o presidente da Escola da Assembleia Legislativa, Jos\u00e9 Bezerra Marinho com o objetivo de fortalecer os la\u00e7os entre a escola legislativa municipal e a estadual.<br>A parceria entre as duas institui\u00e7\u00f5es tem a finalidade de promover um interc\u00e2mbio de conhecimento atrav\u00e9s de cursos, palestras e workshops. Essa iniciativa visa n\u00e3o s\u00f3 elevar a qualifica\u00e7\u00e3o dos servidores das c\u00e2maras municipais, mas tamb\u00e9m beneficiar a popula\u00e7\u00e3o em geral, oferecendo oportunidades de aprendizado e crescimento profissional.<br>O presidente da C\u00e2mara expressou sua gratid\u00e3o e a import\u00e2ncia desta reuni\u00e3o. &#8220;Gostaria de agradecer ao presidente da Assembleia Legislativa do Rio Grande do Norte, deputado estadual Ezequiel Ferreira, por disponibilizar uma infraestrutura completa de cursos e laborat\u00f3rios para as C\u00e2maras Municipais. Esta parceria refor\u00e7a nosso compromisso com a educa\u00e7\u00e3o e a qualifica\u00e7\u00e3o profissional, demonstrando que juntos podemos alcan\u00e7ar resultados significativos n\u00e3o s\u00f3 para servidores, como para o p\u00fablico em geral&#8221;, falou.<\/figcaption><\/figure>\n","protected":false},"excerpt":{"rendered":"","protected":false},"author":1,"featured_media":0,"comment_status":"open","ping_status":"open","sticky":false,"template":"","format":"standard","meta":{"site-sidebar-layout":"default","site-content-layout":"","ast-site-content-layout":"default","site-content-style":"default","site-sidebar-style":"default","ast-global-header-display":"","ast-banner-title-visibility":"","ast-main-header-display":"","ast-hfb-above-header-display":"","ast-hfb-below-header-display":"","ast-hfb-mobile-header-display":"","site-post-title":"","ast-breadcrumbs-content":"","ast-featured-img":"","footer-sml-layout":"","ast-disable-related-posts":"","theme-transparent-header-meta":"","adv-header-id-meta":"","stick-header-meta":"","header-above-stick-meta":"","header-main-stick-meta":"","header-below-stick-meta":"","astra-migrate-meta-layouts":"default","ast-page-background-enabled":"default","ast-page-background-meta":{"desktop":{"background-color":"var(--ast-global-color-4)","background-image":"","background-repeat":"repeat","background-position":"center center","background-size":"auto","background-attachment":"scroll","background-type":"","background-media":"","overlay-type":"","overlay-color":"","overlay-opacity":"","overlay-gradient":""},"tablet":{"background-color":"","background-image":"","background-repeat":"repeat","background-position":"center center","background-size":"auto","background-attachment":"scroll","background-type":"","background-media":"","overlay-type":"","overlay-color":"","overlay-opacity":"","overlay-gradient":""},"mobile":{"background-color":"","background-image":"","background-repeat":"repeat","background-position":"center center","background-size":"auto","background-attachment":"scroll","background-type":"","background-media":"","overlay-type":"","overlay-color":"","overlay-opacity":"","overlay-gradient":""}},"ast-content-background-meta":{"desktop":{"background-color":"var(--ast-global-color-5)","background-image":"","background-repeat":"repeat","background-position":"center center","background-size":"auto","background-attachment":"scroll","background-type":"","background-media":"","overlay-type":"","overlay-color":"","overlay-opacity":"","overlay-gradient":""},"tablet":{"background-color":"var(--ast-global-color-5)","background-image":"","background-repeat":"repeat","background-position":"center center","background-size":"auto","background-attachment":"scroll","background-type":"","background-media":"","overlay-type":"","overlay-color":"","overlay-opacity":"","overlay-gradient":""},"mobile":{"background-color":"var(--ast-global-color-5)","background-image":"","background-repeat":"repeat","background-position":"center center","background-size":"auto","background-attachment":"scroll","background-type":"","background-media":"","overlay-type":"","overlay-color":"","overlay-opacity":"","overlay-gradient":""}},"footnotes":""},"categories":[517],"tags":[],"class_list":["post-21854","post","type-post","status-publish","format-standard","hentry","category-aconteceu"],"_links":{"self":[{"href":"https:\/\/noticiasnoface.com.br\/index.php\/wp-json\/wp\/v2\/posts\/21854","targetHints":{"allow":["GET"]}}],"collection":[{"href":"https:\/\/noticiasnoface.com.br\/index.php\/wp-json\/wp\/v2\/posts"}],"about":[{"href":"https:\/\/noticiasnoface.com.br\/index.php\/wp-json\/wp\/v2\/types\/post"}],"author":[{"embeddable":true,"href":"https:\/\/noticiasnoface.com.br\/index.php\/wp-json\/wp\/v2\/users\/1"}],"replies":[{"embeddable":true,"href":"https:\/\/noticiasnoface.com.br\/index.php\/wp-json\/wp\/v2\/comments?post=21854"}],"version-history":[{"count":1,"href":"https:\/\/noticiasnoface.com.br\/index.php\/wp-json\/wp\/v2\/posts\/21854\/revisions"}],"predecessor-version":[{"id":21855,"href":"https:\/\/noticiasnoface.com.br\/index.php\/wp-json\/wp\/v2\/posts\/21854\/revisions\/21855"}],"wp:attachment":[{"href":"https:\/\/noticiasnoface.com.br\/index.php\/wp-json\/wp\/v2\/media?parent=21854"}],"wp:term":[{"taxonomy":"category","embeddable":true,"href":"https:\/\/noticiasnoface.com.br\/index.php\/wp-json\/wp\/v2\/categories?post=21854"},{"taxonomy":"post_tag","embeddable":true,"href":"https:\/\/noticiasnoface.com.br\/index.php\/wp-json\/wp\/v2\/tags?post=21854"}],"curies":[{"name":"wp","href":"https:\/\/api.w.org\/{rel}","templated":true}]}}