{"id":21868,"date":"2024-03-02T07:57:41","date_gmt":"2024-03-02T10:57:41","guid":{"rendered":"https:\/\/noticiasnoface.com.br\/?p=21868"},"modified":"2024-03-02T07:57:41","modified_gmt":"2024-03-02T10:57:41","slug":"erdogan-chama-campanha-militar-de-israel-em-gaza-de-tentativa-de-genocidio","status":"publish","type":"post","link":"https:\/\/noticiasnoface.com.br\/index.php\/2024\/03\/02\/erdogan-chama-campanha-militar-de-israel-em-gaza-de-tentativa-de-genocidio\/","title":{"rendered":"Erdogan chama campanha militar de Israel em Gaza de \u201ctentativa de genoc\u00eddio\u201d"},"content":{"rendered":"\n<figure class=\"wp-block-image size-large\"><img data-opt-id=1048362256  fetchpriority=\"high\" decoding=\"async\" width=\"420\" height=\"240\" src=\"https:\/\/mlbfrsat7ahr.i.optimole.com\/w:auto\/h:auto\/q:mauto\/ig:avif\/https:\/\/noticiasnoface.com.br\/wp-content\/uploads\/2024\/03\/img_0916.jpg\" class=\"wp-image-21867\" srcset=\"https:\/\/mlbfrsat7ahr.i.optimole.com\/w:420\/h:240\/q:mauto\/ig:avif\/https:\/\/noticiasnoface.com.br\/wp-content\/uploads\/2024\/03\/img_0916.jpg 420w, https:\/\/mlbfrsat7ahr.i.optimole.com\/w:300\/h:171\/q:mauto\/ig:avif\/https:\/\/noticiasnoface.com.br\/wp-content\/uploads\/2024\/03\/img_0916.jpg 300w\" sizes=\"(max-width: 420px) 100vw, 420px\" \/><figcaption class=\"wp-element-caption\">O presidente turco, Recep Tayyip Erdogan, descreveu a ofensiva militar de Israel em Gaza como \u201cuma tentativa de genoc\u00eddio\u201d.<br>Falando durante o F\u00f3rum Diplomacia de Antalya, Erdogan disse na sexta-feira (1\u00b0): \u201cO que est\u00e1 acontecendo em Gaza definitivamente n\u00e3o \u00e9 uma guerra. \u00c9 uma tentativa de genoc\u00eddio\u201d.<br>\u201cAt\u00e9 a guerra tem moral, etiqueta e lei que deve ser seguida. Aquela que deixa os beb\u00eas nos bra\u00e7os da m\u00e3e \u00e0 fome e \u00e0 sede, estamos falando de uma barb\u00e1rie que bombardeia hospitais, igrejas, mesquitas, escolas, universidades, campos de refugiados , e ambul\u00e2ncias\u201d, acrescentou o l\u00edder turco.<br>Ele reiterou os apelos por um Estado palestino, dizendo: \u201cA menos que as palavras sejam apoiadas pela a\u00e7\u00e3o, n\u00e3o \u00e9 poss\u00edvel parar a opress\u00e3o na Palestina nem reconstruir a confian\u00e7a no sistema internacional\u201d.<br>Especialistas das Na\u00e7\u00f5es Unidas descreveram anteriormente a campanha militar de Israel \u2013 lan\u00e7ada ap\u00f3s os ataques liderados pelo Hamas em 7 de outubro \u2013 como um \u201cgenoc\u00eddio em forma\u00e7\u00e3o\u201d.<br>Mais de 30.200 pessoas morreram em Gaza desde 7 de outubro, informou na sexta-feira o Minist\u00e9rio da Sa\u00fade do enclave, com mais de meio milh\u00e3o de pessoas \u00e0 beira da fome, segundo ag\u00eancias da ONU. As For\u00e7as de Defesa de Israel insistiram que est\u00e3o tentando limitar as baixas civis no enclave.<\/figcaption><\/figure>\n","protected":false},"excerpt":{"rendered":"","protected":false},"author":1,"featured_media":0,"comment_status":"open","ping_status":"open","sticky":false,"template":"","format":"standard","meta":{"site-sidebar-layout":"default","site-content-layout":"","ast-site-content-layout":"default","site-content-style":"default","site-sidebar-style":"default","ast-global-header-display":"","ast-banner-title-visibility":"","ast-main-header-display":"","ast-hfb-above-header-display":"","ast-hfb-below-header-display":"","ast-hfb-mobile-header-display":"","site-post-title":"","ast-breadcrumbs-content":"","ast-featured-img":"","footer-sml-layout":"","ast-disable-related-posts":"","theme-transparent-header-meta":"","adv-header-id-meta":"","stick-header-meta":"","header-above-stick-meta":"","header-main-stick-meta":"","header-below-stick-meta":"","astra-migrate-meta-layouts":"default","ast-page-background-enabled":"default","ast-page-background-meta":{"desktop":{"background-color":"var(--ast-global-color-4)","background-image":"","background-repeat":"repeat","background-position":"center center","background-size":"auto","background-attachment":"scroll","background-type":"","background-media":"","overlay-type":"","overlay-color":"","overlay-opacity":"","overlay-gradient":""},"tablet":{"background-color":"","background-image":"","background-repeat":"repeat","background-position":"center center","background-size":"auto","background-attachment":"scroll","background-type":"","background-media":"","overlay-type":"","overlay-color":"","overlay-opacity":"","overlay-gradient":""},"mobile":{"background-color":"","background-image":"","background-repeat":"repeat","background-position":"center center","background-size":"auto","background-attachment":"scroll","background-type":"","background-media":"","overlay-type":"","overlay-color":"","overlay-opacity":"","overlay-gradient":""}},"ast-content-background-meta":{"desktop":{"background-color":"var(--ast-global-color-5)","background-image":"","background-repeat":"repeat","background-position":"center center","background-size":"auto","background-attachment":"scroll","background-type":"","background-media":"","overlay-type":"","overlay-color":"","overlay-opacity":"","overlay-gradient":""},"tablet":{"background-color":"var(--ast-global-color-5)","background-image":"","background-repeat":"repeat","background-position":"center center","background-size":"auto","background-attachment":"scroll","background-type":"","background-media":"","overlay-type":"","overlay-color":"","overlay-opacity":"","overlay-gradient":""},"mobile":{"background-color":"var(--ast-global-color-5)","background-image":"","background-repeat":"repeat","background-position":"center center","background-size":"auto","background-attachment":"scroll","background-type":"","background-media":"","overlay-type":"","overlay-color":"","overlay-opacity":"","overlay-gradient":""}},"footnotes":""},"categories":[517],"tags":[211,2029,197,618],"class_list":["post-21868","post","type-post","status-publish","format-standard","hentry","category-aconteceu","tag-guerra","tag-hamas","tag-israel","tag-terror"],"_links":{"self":[{"href":"https:\/\/noticiasnoface.com.br\/index.php\/wp-json\/wp\/v2\/posts\/21868","targetHints":{"allow":["GET"]}}],"collection":[{"href":"https:\/\/noticiasnoface.com.br\/index.php\/wp-json\/wp\/v2\/posts"}],"about":[{"href":"https:\/\/noticiasnoface.com.br\/index.php\/wp-json\/wp\/v2\/types\/post"}],"author":[{"embeddable":true,"href":"https:\/\/noticiasnoface.com.br\/index.php\/wp-json\/wp\/v2\/users\/1"}],"replies":[{"embeddable":true,"href":"https:\/\/noticiasnoface.com.br\/index.php\/wp-json\/wp\/v2\/comments?post=21868"}],"version-history":[{"count":1,"href":"https:\/\/noticiasnoface.com.br\/index.php\/wp-json\/wp\/v2\/posts\/21868\/revisions"}],"predecessor-version":[{"id":21869,"href":"https:\/\/noticiasnoface.com.br\/index.php\/wp-json\/wp\/v2\/posts\/21868\/revisions\/21869"}],"wp:attachment":[{"href":"https:\/\/noticiasnoface.com.br\/index.php\/wp-json\/wp\/v2\/media?parent=21868"}],"wp:term":[{"taxonomy":"category","embeddable":true,"href":"https:\/\/noticiasnoface.com.br\/index.php\/wp-json\/wp\/v2\/categories?post=21868"},{"taxonomy":"post_tag","embeddable":true,"href":"https:\/\/noticiasnoface.com.br\/index.php\/wp-json\/wp\/v2\/tags?post=21868"}],"curies":[{"name":"wp","href":"https:\/\/api.w.org\/{rel}","templated":true}]}}