{"id":21871,"date":"2024-03-02T08:03:31","date_gmt":"2024-03-02T11:03:31","guid":{"rendered":"https:\/\/noticiasnoface.com.br\/?p=21871"},"modified":"2024-03-02T08:04:40","modified_gmt":"2024-03-02T11:04:40","slug":"dois-fugitivos-de-mossoro-estao-dando-um-verdadeiro-ole-na-seguranca-nacional","status":"publish","type":"post","link":"https:\/\/noticiasnoface.com.br\/index.php\/2024\/03\/02\/dois-fugitivos-de-mossoro-estao-dando-um-verdadeiro-ole-na-seguranca-nacional\/","title":{"rendered":"Dois fugitivos de Mossor\u00f3 est\u00e3o dando um verdadeiro \u201cOL\u00c9\u201d na seguran\u00e7a p\u00fablica"},"content":{"rendered":"\n<figure class=\"wp-block-image size-large\"><img data-opt-id=103961354  fetchpriority=\"high\" decoding=\"async\" width=\"667\" height=\"385\" src=\"https:\/\/mlbfrsat7ahr.i.optimole.com\/w:auto\/h:auto\/q:mauto\/ig:avif\/https:\/\/noticiasnoface.com.br\/wp-content\/uploads\/2024\/03\/img_0917-1.jpg\" alt=\"\" class=\"wp-image-21870\" srcset=\"https:\/\/mlbfrsat7ahr.i.optimole.com\/w:667\/h:385\/q:mauto\/ig:avif\/https:\/\/noticiasnoface.com.br\/wp-content\/uploads\/2024\/03\/img_0917-1.jpg 667w, https:\/\/mlbfrsat7ahr.i.optimole.com\/w:300\/h:173\/q:mauto\/ig:avif\/https:\/\/noticiasnoface.com.br\/wp-content\/uploads\/2024\/03\/img_0917-1.jpg 300w\" sizes=\"(max-width: 667px) 100vw, 667px\" \/><figcaption class=\"wp-element-caption\">Pol\u00edcia encontra muni\u00e7\u00e3o de fuzil em esconderijo de fugitivos de Mossor\u00f3<br \/>Segundo investigadores, material estava no buraco que foragidos cavaram para se esconder<br \/>2.mar.2024 \u00e0s 4h00<br \/>Investigadores dizem que os&nbsp;<a href=\"https:\/\/www1.folha.uol.com.br\/cotidiano\/2024\/02\/busca-por-fugitivos-de-mossoro-completa-duas-semanas-e-expoe-dificuldade-do-governo.shtml\" target=\"_blank\" rel=\"noopener\">presos que fugiram da penitenci\u00e1ria federal de Mossor\u00f3<\/a>, no Rio Grande do Norte, podem estar armados com fuzil. A pol\u00edcia encontrou muni\u00e7\u00e3o compat\u00edvel com esse modelo no esconderijo em que os dois ficaram por quase oito dias&nbsp;<a href=\"https:\/\/www1.folha.uol.com.br\/cotidiano\/2024\/02\/dono-de-casa-onde-fugitivos-de-mossoro-se-esconderam-e-preso.shtml\" target=\"_blank\" rel=\"noopener\">no s\u00edtio de Ronaildo Fernandes<\/a>.<br \/>O material, segundo investigadores, estava no buraco que os dois detentos cavaram para se esconder dos sensores de calor dos drones usados pela pol\u00edcia. Os dois fugitivos foram vistos pela \u00faltima vez na tarde desta quinta-feira (29).<br \/>Eles s\u00e3o Rog\u00e9rio da Silva Mendon\u00e7a, 36, conhecido como Martelo, e Deibson Cabral Nascimento, 34, chamado de Tatu, Deisinho \u2014segundo as investiga\u00e7\u00f5es, ambos s\u00e3o&nbsp;<a href=\"https:\/\/www1.folha.uol.com.br\/cotidiano\/2024\/02\/fugitivos-em-mossoro-participaram-de-ataque-que-deixou-3-decapitados-no-acre.shtml\" target=\"_blank\" rel=\"noopener\">ligados \u00e0 fac\u00e7\u00e3o<\/a>&nbsp;Comando Vermelho.<br \/>Duas mulheres que trabalham numa fazenda com produ\u00e7\u00e3o de frutas afirmaram ter avistado dois homens sujos no assentamento Vila Nova 2. Ao notar a presen\u00e7a delas, eles teriam se embrenhado na mata.<br \/>O local \u00e9 pr\u00f3ximo de onde os detentos teriam tentado invadir uma casa no \u00faltimo domingo (25). Os policiais dizem acreditar que eles ainda estejam no Rio Grande do Norte, e as buscas se intensificaram na divisa do estado com o Cear\u00e1.<br \/>Investiga\u00e7\u00e3o da&nbsp;<a href=\"https:\/\/www1.folha.uol.com.br\/folha-topicos\/policia-federal\/\" target=\"_blank\" rel=\"noopener\">Pol\u00edcia Federal&nbsp;<\/a>aponta que a fac\u00e7\u00e3o criminosa Comando Vermelho est\u00e1 bancando uma rede de apoio destinada a ajudar os&nbsp;<a href=\"https:\/\/www1.folha.uol.com.br\/cotidiano\/2024\/02\/dois-presos-fogem-de-presidio-de-seguranca-maxima-em-mossoro-rn.shtml\" target=\"_blank\" rel=\"noopener\">dois detentos<\/a>.<br \/>Segundo parte da investiga\u00e7\u00e3o a que a&nbsp;<strong>Folha<\/strong>teve acesso, essa rede auxilia os fugitivos a se manterem em \u00e1reas rurais com apoio para alimenta\u00e7\u00e3o, bebidas, transporte e, possivelmente, armas de fogo.<br \/>De acordo com a apura\u00e7\u00e3o, os fugitivos estabeleceram contato com membros do Comando Vermelho e familiares por volta das 21h de 16 de fevereiro,&nbsp;<a href=\"https:\/\/www1.folha.uol.com.br\/cotidiano\/2024\/02\/fugitivos-de-mossoro-fizeram-familia-refem-na-noite-desta-sexta-dizem-investigadores.shtml\" target=\"_blank\" rel=\"noopener\">hor\u00e1rio em que faziam uma fam\u00edlia ref\u00e9m na zona rural de Mossor\u00f3<\/a>&nbsp;e tiveram acesso a aparelhos de celular.<br \/>Ap\u00f3s essa ocasi\u00e3o \u00e9 que os fugitivos receberam suporte local de um indiv\u00edduo residente em Mossor\u00f3. A pol\u00edcia relata que esse homem resgatou os criminosos, conduzindo-os a uma regi\u00e3o pr\u00f3xima a Bara\u00fana, cidade pr\u00f3xima da divisa com o Cear\u00e1.<br \/>O documento aponta que h\u00e1 fortes ind\u00edcios de que o homem fa\u00e7a parte do Comando Vermelho, tendo inclusive, registros criminais. Ele foi a primeira pessoa presa no caso, no dia 21. Segundo investigadores, ele teria recebido R$ 4.500 para fazer o servi\u00e7o.<br \/>Ap\u00f3s deixar os presos nas proximidades de Bara\u00fana, o suspeito teria viajado at\u00e9 Aquiraz, no Cear\u00e1, onde adquiriu armamentos, possivelmente repassados aos criminosos, e retornado a Mossor\u00f3.<br \/>Ap\u00f3s a pris\u00e3o e execu\u00e7\u00e3o de mandados de busca e apreens\u00e3o, a pol\u00edcia constatou que ele n\u00e3o agiu isoladamente no apoio aos criminosos, contando com a colabora\u00e7\u00e3o de outras pessoas.<br \/>Segundo a investiga\u00e7\u00e3o, o&nbsp;<a href=\"https:\/\/www1.folha.uol.com.br\/cotidiano\/2024\/02\/homem-diz-que-ficou-8-dias-refem-de-fugitivos-de-mossoro-e-gastou-r-500-em-comida-veja-video.shtml\" target=\"_blank\" rel=\"noopener\">mec\u00e2nico Ronaildo Fernandes<\/a>&nbsp;teria o transportado de Mossor\u00f3 a Bara\u00fana para auxiliar os fugitivos. Al\u00e9m disso, o mec\u00e2nico teria fornecido alimenta\u00e7\u00e3o, celular e acesso \u00e0 internet aos fugitivos.<\/figcaption><\/figure>\n","protected":false},"excerpt":{"rendered":"","protected":false},"author":1,"featured_media":0,"comment_status":"open","ping_status":"open","sticky":false,"template":"","format":"standard","meta":{"site-sidebar-layout":"default","site-content-layout":"","ast-site-content-layout":"default","site-content-style":"default","site-sidebar-style":"default","ast-global-header-display":"","ast-banner-title-visibility":"","ast-main-header-display":"","ast-hfb-above-header-display":"","ast-hfb-below-header-display":"","ast-hfb-mobile-header-display":"","site-post-title":"","ast-breadcrumbs-content":"","ast-featured-img":"","footer-sml-layout":"","ast-disable-related-posts":"","theme-transparent-header-meta":"","adv-header-id-meta":"","stick-header-meta":"","header-above-stick-meta":"","header-main-stick-meta":"","header-below-stick-meta":"","astra-migrate-meta-layouts":"default","ast-page-background-enabled":"default","ast-page-background-meta":{"desktop":{"background-color":"var(--ast-global-color-4)","background-image":"","background-repeat":"repeat","background-position":"center center","background-size":"auto","background-attachment":"scroll","background-type":"","background-media":"","overlay-type":"","overlay-color":"","overlay-opacity":"","overlay-gradient":""},"tablet":{"background-color":"","background-image":"","background-repeat":"repeat","background-position":"center center","background-size":"auto","background-attachment":"scroll","background-type":"","background-media":"","overlay-type":"","overlay-color":"","overlay-opacity":"","overlay-gradient":""},"mobile":{"background-color":"","background-image":"","background-repeat":"repeat","background-position":"center center","background-size":"auto","background-attachment":"scroll","background-type":"","background-media":"","overlay-type":"","overlay-color":"","overlay-opacity":"","overlay-gradient":""}},"ast-content-background-meta":{"desktop":{"background-color":"var(--ast-global-color-5)","background-image":"","background-repeat":"repeat","background-position":"center center","background-size":"auto","background-attachment":"scroll","background-type":"","background-media":"","overlay-type":"","overlay-color":"","overlay-opacity":"","overlay-gradient":""},"tablet":{"background-color":"var(--ast-global-color-5)","background-image":"","background-repeat":"repeat","background-position":"center center","background-size":"auto","background-attachment":"scroll","background-type":"","background-media":"","overlay-type":"","overlay-color":"","overlay-opacity":"","overlay-gradient":""},"mobile":{"background-color":"var(--ast-global-color-5)","background-image":"","background-repeat":"repeat","background-position":"center center","background-size":"auto","background-attachment":"scroll","background-type":"","background-media":"","overlay-type":"","overlay-color":"","overlay-opacity":"","overlay-gradient":""}},"footnotes":""},"categories":[517],"tags":[3349,3379,289,409],"class_list":["post-21871","post","type-post","status-publish","format-standard","hentry","category-aconteceu","tag-fuga-de-presidio","tag-fugitivos","tag-mossoro","tag-policia-federal"],"_links":{"self":[{"href":"https:\/\/noticiasnoface.com.br\/index.php\/wp-json\/wp\/v2\/posts\/21871","targetHints":{"allow":["GET"]}}],"collection":[{"href":"https:\/\/noticiasnoface.com.br\/index.php\/wp-json\/wp\/v2\/posts"}],"about":[{"href":"https:\/\/noticiasnoface.com.br\/index.php\/wp-json\/wp\/v2\/types\/post"}],"author":[{"embeddable":true,"href":"https:\/\/noticiasnoface.com.br\/index.php\/wp-json\/wp\/v2\/users\/1"}],"replies":[{"embeddable":true,"href":"https:\/\/noticiasnoface.com.br\/index.php\/wp-json\/wp\/v2\/comments?post=21871"}],"version-history":[{"count":2,"href":"https:\/\/noticiasnoface.com.br\/index.php\/wp-json\/wp\/v2\/posts\/21871\/revisions"}],"predecessor-version":[{"id":21873,"href":"https:\/\/noticiasnoface.com.br\/index.php\/wp-json\/wp\/v2\/posts\/21871\/revisions\/21873"}],"wp:attachment":[{"href":"https:\/\/noticiasnoface.com.br\/index.php\/wp-json\/wp\/v2\/media?parent=21871"}],"wp:term":[{"taxonomy":"category","embeddable":true,"href":"https:\/\/noticiasnoface.com.br\/index.php\/wp-json\/wp\/v2\/categories?post=21871"},{"taxonomy":"post_tag","embeddable":true,"href":"https:\/\/noticiasnoface.com.br\/index.php\/wp-json\/wp\/v2\/tags?post=21871"}],"curies":[{"name":"wp","href":"https:\/\/api.w.org\/{rel}","templated":true}]}}