{"id":21907,"date":"2024-03-05T21:09:45","date_gmt":"2024-03-06T00:09:45","guid":{"rendered":"https:\/\/noticiasnoface.com.br\/?p=21907"},"modified":"2024-03-05T21:12:20","modified_gmt":"2024-03-06T00:12:20","slug":"tiririca-da-dedada-no-toba-de-funcionario-e-rai-bater-na-delegacia","status":"publish","type":"post","link":"https:\/\/noticiasnoface.com.br\/index.php\/2024\/03\/05\/tiririca-da-dedada-no-toba-de-funcionario-e-rai-bater-na-delegacia\/","title":{"rendered":"Tiririca da dedada no toba de funcion\u00e1rio e rai bater na delegacia"},"content":{"rendered":"\n<figure class=\"wp-block-image size-large\"><img data-opt-id=13734305  fetchpriority=\"high\" decoding=\"async\" width=\"960\" height=\"637\" src=\"https:\/\/mlbfrsat7ahr.i.optimole.com\/w:auto\/h:auto\/q:mauto\/ig:avif\/https:\/\/noticiasnoface.com.br\/wp-content\/uploads\/2024\/03\/img_1080.jpg\" alt=\"\" class=\"wp-image-21906\" srcset=\"https:\/\/mlbfrsat7ahr.i.optimole.com\/w:960\/h:637\/q:mauto\/ig:avif\/https:\/\/noticiasnoface.com.br\/wp-content\/uploads\/2024\/03\/img_1080.jpg 960w, https:\/\/mlbfrsat7ahr.i.optimole.com\/w:300\/h:199\/q:mauto\/ig:avif\/https:\/\/noticiasnoface.com.br\/wp-content\/uploads\/2024\/03\/img_1080.jpg 300w, https:\/\/mlbfrsat7ahr.i.optimole.com\/w:768\/h:510\/q:mauto\/ig:avif\/https:\/\/noticiasnoface.com.br\/wp-content\/uploads\/2024\/03\/img_1080.jpg 768w\" sizes=\"(max-width: 960px) 100vw, 960px\" \/><figcaption class=\"wp-element-caption\">Um boletim de ocorr\u00eancia por importuna\u00e7\u00e3o sexual foi aberto contra o deputado federal Tiririca (PL\/SP) foi aberto nesta segunda-feira (4). Um prestador de servi\u00e7o alega que tomou uma dedada no \u00e2nus na \u00faltima sexta-feira (29), em S\u00e3o Paulo.&nbsp;<br><br>A v\u00edtima \u00e9 um homem de 39 anos.<br>Segundo o portal Metr\u00f3poles, o homem relatou que prestava servi\u00e7o de manuten\u00e7\u00e3o na portaria de um condom\u00ednio na Rua Casa do Ator quando um desconhecido, acompanhado de uma mulher, \u201caproximou-se dele e lhe desferiu uma \u2018dedada\u2019 na regi\u00e3o das n\u00e1degas, por sobre a cal\u00e7a\u201d.<br>Ap\u00f3s enfrentar risos e piadas de colegas, a v\u00edtima identificou o autor da dedada como Tirirca. O homem foi orientado pela advogada a registrar o boletim de ocorr\u00eancia e verificar se est\u00e1 faltanu alguma prega.<\/figcaption><\/figure>\n","protected":false},"excerpt":{"rendered":"","protected":false},"author":1,"featured_media":0,"comment_status":"open","ping_status":"open","sticky":false,"template":"","format":"standard","meta":{"site-sidebar-layout":"default","site-content-layout":"","ast-site-content-layout":"default","site-content-style":"default","site-sidebar-style":"default","ast-global-header-display":"","ast-banner-title-visibility":"","ast-main-header-display":"","ast-hfb-above-header-display":"","ast-hfb-below-header-display":"","ast-hfb-mobile-header-display":"","site-post-title":"","ast-breadcrumbs-content":"","ast-featured-img":"","footer-sml-layout":"","ast-disable-related-posts":"","theme-transparent-header-meta":"","adv-header-id-meta":"","stick-header-meta":"","header-above-stick-meta":"","header-main-stick-meta":"","header-below-stick-meta":"","astra-migrate-meta-layouts":"default","ast-page-background-enabled":"default","ast-page-background-meta":{"desktop":{"background-color":"var(--ast-global-color-4)","background-image":"","background-repeat":"repeat","background-position":"center center","background-size":"auto","background-attachment":"scroll","background-type":"","background-media":"","overlay-type":"","overlay-color":"","overlay-opacity":"","overlay-gradient":""},"tablet":{"background-color":"","background-image":"","background-repeat":"repeat","background-position":"center center","background-size":"auto","background-attachment":"scroll","background-type":"","background-media":"","overlay-type":"","overlay-color":"","overlay-opacity":"","overlay-gradient":""},"mobile":{"background-color":"","background-image":"","background-repeat":"repeat","background-position":"center center","background-size":"auto","background-attachment":"scroll","background-type":"","background-media":"","overlay-type":"","overlay-color":"","overlay-opacity":"","overlay-gradient":""}},"ast-content-background-meta":{"desktop":{"background-color":"var(--ast-global-color-5)","background-image":"","background-repeat":"repeat","background-position":"center center","background-size":"auto","background-attachment":"scroll","background-type":"","background-media":"","overlay-type":"","overlay-color":"","overlay-opacity":"","overlay-gradient":""},"tablet":{"background-color":"var(--ast-global-color-5)","background-image":"","background-repeat":"repeat","background-position":"center center","background-size":"auto","background-attachment":"scroll","background-type":"","background-media":"","overlay-type":"","overlay-color":"","overlay-opacity":"","overlay-gradient":""},"mobile":{"background-color":"var(--ast-global-color-5)","background-image":"","background-repeat":"repeat","background-position":"center center","background-size":"auto","background-attachment":"scroll","background-type":"","background-media":"","overlay-type":"","overlay-color":"","overlay-opacity":"","overlay-gradient":""}},"footnotes":""},"categories":[517],"tags":[1671,845,1606,511],"class_list":["post-21907","post","type-post","status-publish","format-standard","hentry","category-aconteceu","tag-dedada","tag-delegacia","tag-funcionario","tag-tiririca"],"_links":{"self":[{"href":"https:\/\/noticiasnoface.com.br\/index.php\/wp-json\/wp\/v2\/posts\/21907","targetHints":{"allow":["GET"]}}],"collection":[{"href":"https:\/\/noticiasnoface.com.br\/index.php\/wp-json\/wp\/v2\/posts"}],"about":[{"href":"https:\/\/noticiasnoface.com.br\/index.php\/wp-json\/wp\/v2\/types\/post"}],"author":[{"embeddable":true,"href":"https:\/\/noticiasnoface.com.br\/index.php\/wp-json\/wp\/v2\/users\/1"}],"replies":[{"embeddable":true,"href":"https:\/\/noticiasnoface.com.br\/index.php\/wp-json\/wp\/v2\/comments?post=21907"}],"version-history":[{"count":2,"href":"https:\/\/noticiasnoface.com.br\/index.php\/wp-json\/wp\/v2\/posts\/21907\/revisions"}],"predecessor-version":[{"id":21909,"href":"https:\/\/noticiasnoface.com.br\/index.php\/wp-json\/wp\/v2\/posts\/21907\/revisions\/21909"}],"wp:attachment":[{"href":"https:\/\/noticiasnoface.com.br\/index.php\/wp-json\/wp\/v2\/media?parent=21907"}],"wp:term":[{"taxonomy":"category","embeddable":true,"href":"https:\/\/noticiasnoface.com.br\/index.php\/wp-json\/wp\/v2\/categories?post=21907"},{"taxonomy":"post_tag","embeddable":true,"href":"https:\/\/noticiasnoface.com.br\/index.php\/wp-json\/wp\/v2\/tags?post=21907"}],"curies":[{"name":"wp","href":"https:\/\/api.w.org\/{rel}","templated":true}]}}