{"id":21914,"date":"2024-03-06T07:50:01","date_gmt":"2024-03-06T10:50:01","guid":{"rendered":"https:\/\/noticiasnoface.com.br\/?p=21914"},"modified":"2024-03-06T07:50:01","modified_gmt":"2024-03-06T10:50:01","slug":"lula-despenca-na-popularidade-diz-pesquisa-quaest","status":"publish","type":"post","link":"https:\/\/noticiasnoface.com.br\/index.php\/2024\/03\/06\/lula-despenca-na-popularidade-diz-pesquisa-quaest\/","title":{"rendered":"Lula despenca na popularidade diz pesquisa QUAEST"},"content":{"rendered":"\n<figure class=\"wp-block-image size-large\"><img data-opt-id=1907994987  fetchpriority=\"high\" decoding=\"async\" width=\"739\" height=\"415\" src=\"https:\/\/mlbfrsat7ahr.i.optimole.com\/w:auto\/h:auto\/q:mauto\/ig:avif\/https:\/\/noticiasnoface.com.br\/wp-content\/uploads\/2024\/03\/img_1095-1.jpg\" class=\"wp-image-21913\" srcset=\"https:\/\/mlbfrsat7ahr.i.optimole.com\/w:739\/h:415\/q:mauto\/ig:avif\/https:\/\/noticiasnoface.com.br\/wp-content\/uploads\/2024\/03\/img_1095-1.jpg 739w, https:\/\/mlbfrsat7ahr.i.optimole.com\/w:300\/h:168\/q:mauto\/ig:avif\/https:\/\/noticiasnoface.com.br\/wp-content\/uploads\/2024\/03\/img_1095-1.jpg 300w\" sizes=\"(max-width: 739px) 100vw, 739px\" \/><figcaption class=\"wp-element-caption\">Pesquisa Genial\/Quaest divulgada nesta quarta-feira, 6, revela um pa\u00eds dividido sobre o desempenho do governo e do presidente Lula, que perderam popularidade nos \u00faltimos meses. Esse quadro \u00e9 resultado.<strong>Pesquisa<\/strong>&nbsp;Genial\/Quaest divulgada nesta quarta-feira, 6, revela um pa\u00eds dividido sobre o desempenho do governo e do&nbsp;<strong>presidente Lula<\/strong>, que perderam popularidade nos \u00faltimos meses. Esse quadro \u00e9 resultado da deteriora\u00e7\u00e3o das expectativas com a economia, do aumento da rejei\u00e7\u00e3o dos&nbsp;<strong>evang\u00e9licos<\/strong>&nbsp;e at\u00e9 da desastrada compara\u00e7\u00e3o feita pelo petista entre os ataques do ex\u00e9rcito de Israel a Gaza e o&nbsp;<strong>Holocausto<\/strong>.<br>Segundo o levantamento, 51% dos entrevistados aprovam o trabalho de&nbsp;<a href=\"https:\/\/veja.abril.com.br\/noticias-sobre\/luiz-inacio-lula-da-silva\/\" target=\"_blank\" rel=\"noopener\">Lula<\/a>, o menor percentual registrado desde o in\u00edcio do mandato, e 46% desaprovam, o mais alto \u00edndice at\u00e9 agora. Como a margem de erro \u00e9 de 2,2 pontos percentuais, h\u00e1 quase um empate t\u00e9cnico, situa\u00e7\u00e3o muito diferente da registrada em dezembro passado, quando 54% aprovavam e 43% desaprovavam, uma dist\u00e2ncia de onze pontos.<br>A rejei\u00e7\u00e3o ao trabalho do presidente \u00e9 majorit\u00e1ria, por exemplo, nas regi\u00f5es Sudoeste e Sul \u2014 onde alcan\u00e7a, respectivamente, 52% e 57% \u2014 e atinge o mais alto patamar entre os evang\u00e9licos: 62%. Desde o in\u00edcio de seu terceiro mandato, Lula tenta se aproximar dos evang\u00e9licos, que respondem por 30% do eleitorado, mas at\u00e9 agora fracassou na empreitada e v\u00ea o grupo fiel ao ex-presidente Jair&nbsp;<a href=\"https:\/\/veja.abril.com.br\/noticias-sobre\/jair-bolsonaro\/\" target=\"_blank\" rel=\"noopener\">Bolsonaro<\/a>.<\/figcaption><\/figure>\n\n\n\n<h2 class=\"wp-block-heading\">PA\u00cdS DIVIDIDO<\/h2>\n\n\n\n<p>A pesquisa revela um quadro de equil\u00edbrio ainda maior sobre a avalia\u00e7\u00e3o do governo. Do total de entrevistados, 35% consideram a gest\u00e3o positiva e 34%, negativa. Em dezembro, a diferen\u00e7a \u2014 ou o saldo positivo \u2014 era de sete pontos percentuais. O humor sobre o rumo da economia, que cresceu 2,9% no ano passado, acima das estimativas do mercado financeiro, ajuda a explicar os n\u00fameros.<\/p>\n\n\n\n<p>Para 38% dos entrevistados, a economia piorou nos \u00faltimos doze meses. Em dezembro, 31% achavam isso. J\u00e1 26% responderam que a economia melhorou nesse per\u00edodo, oito pontos a menos do que no levantamento anterior. Tamb\u00e9m houve redu\u00e7\u00e3o no otimismo. Em dezembro, 55% diziam que as coisas melhorariam nessa \u00e1rea. Agora, s\u00e3o 46%.<\/p>\n\n\n\n<p>A Genial\/Quaest tamb\u00e9m detectou os estragos provocados pela compara\u00e7\u00e3o feita por Lula entre os ataques do ex\u00e9rcito de Israel a Gaza e o Holocausto. Para 60%, o presidente exagerou com a sua declara\u00e7\u00e3o. Resta saber como os dados ser\u00e3o recebidos no Pal\u00e1cio do Planalto, que at\u00e9 aqui vive de autoelogios \u00e0 pol\u00edtica externa e ao desempenho econ\u00f4mico do governo.<\/p>\n","protected":false},"excerpt":{"rendered":"<p>PA\u00cdS DIVIDIDO A pesquisa revela um quadro de equil\u00edbrio ainda maior sobre a avalia\u00e7\u00e3o do governo. Do total de entrevistados, [&hellip;]<\/p>\n","protected":false},"author":1,"featured_media":0,"comment_status":"open","ping_status":"open","sticky":false,"template":"","format":"standard","meta":{"site-sidebar-layout":"default","site-content-layout":"","ast-site-content-layout":"default","site-content-style":"default","site-sidebar-style":"default","ast-global-header-display":"","ast-banner-title-visibility":"","ast-main-header-display":"","ast-hfb-above-header-display":"","ast-hfb-below-header-display":"","ast-hfb-mobile-header-display":"","site-post-title":"","ast-breadcrumbs-content":"","ast-featured-img":"","footer-sml-layout":"","ast-disable-related-posts":"","theme-transparent-header-meta":"","adv-header-id-meta":"","stick-header-meta":"","header-above-stick-meta":"","header-main-stick-meta":"","header-below-stick-meta":"","astra-migrate-meta-layouts":"default","ast-page-background-enabled":"default","ast-page-background-meta":{"desktop":{"background-color":"var(--ast-global-color-4)","background-image":"","background-repeat":"repeat","background-position":"center center","background-size":"auto","background-attachment":"scroll","background-type":"","background-media":"","overlay-type":"","overlay-color":"","overlay-opacity":"","overlay-gradient":""},"tablet":{"background-color":"","background-image":"","background-repeat":"repeat","background-position":"center center","background-size":"auto","background-attachment":"scroll","background-type":"","background-media":"","overlay-type":"","overlay-color":"","overlay-opacity":"","overlay-gradient":""},"mobile":{"background-color":"","background-image":"","background-repeat":"repeat","background-position":"center center","background-size":"auto","background-attachment":"scroll","background-type":"","background-media":"","overlay-type":"","overlay-color":"","overlay-opacity":"","overlay-gradient":""}},"ast-content-background-meta":{"desktop":{"background-color":"var(--ast-global-color-5)","background-image":"","background-repeat":"repeat","background-position":"center center","background-size":"auto","background-attachment":"scroll","background-type":"","background-media":"","overlay-type":"","overlay-color":"","overlay-opacity":"","overlay-gradient":""},"tablet":{"background-color":"var(--ast-global-color-5)","background-image":"","background-repeat":"repeat","background-position":"center center","background-size":"auto","background-attachment":"scroll","background-type":"","background-media":"","overlay-type":"","overlay-color":"","overlay-opacity":"","overlay-gradient":""},"mobile":{"background-color":"var(--ast-global-color-5)","background-image":"","background-repeat":"repeat","background-position":"center center","background-size":"auto","background-attachment":"scroll","background-type":"","background-media":"","overlay-type":"","overlay-color":"","overlay-opacity":"","overlay-gradient":""}},"footnotes":""},"categories":[517],"tags":[],"class_list":["post-21914","post","type-post","status-publish","format-standard","hentry","category-aconteceu"],"_links":{"self":[{"href":"https:\/\/noticiasnoface.com.br\/index.php\/wp-json\/wp\/v2\/posts\/21914","targetHints":{"allow":["GET"]}}],"collection":[{"href":"https:\/\/noticiasnoface.com.br\/index.php\/wp-json\/wp\/v2\/posts"}],"about":[{"href":"https:\/\/noticiasnoface.com.br\/index.php\/wp-json\/wp\/v2\/types\/post"}],"author":[{"embeddable":true,"href":"https:\/\/noticiasnoface.com.br\/index.php\/wp-json\/wp\/v2\/users\/1"}],"replies":[{"embeddable":true,"href":"https:\/\/noticiasnoface.com.br\/index.php\/wp-json\/wp\/v2\/comments?post=21914"}],"version-history":[{"count":1,"href":"https:\/\/noticiasnoface.com.br\/index.php\/wp-json\/wp\/v2\/posts\/21914\/revisions"}],"predecessor-version":[{"id":21915,"href":"https:\/\/noticiasnoface.com.br\/index.php\/wp-json\/wp\/v2\/posts\/21914\/revisions\/21915"}],"wp:attachment":[{"href":"https:\/\/noticiasnoface.com.br\/index.php\/wp-json\/wp\/v2\/media?parent=21914"}],"wp:term":[{"taxonomy":"category","embeddable":true,"href":"https:\/\/noticiasnoface.com.br\/index.php\/wp-json\/wp\/v2\/categories?post=21914"},{"taxonomy":"post_tag","embeddable":true,"href":"https:\/\/noticiasnoface.com.br\/index.php\/wp-json\/wp\/v2\/tags?post=21914"}],"curies":[{"name":"wp","href":"https:\/\/api.w.org\/{rel}","templated":true}]}}