{"id":22591,"date":"2024-03-20T11:09:04","date_gmt":"2024-03-20T14:09:04","guid":{"rendered":"https:\/\/noticiasnoface.com.br\/?p=22591"},"modified":"2024-03-20T15:35:17","modified_gmt":"2024-03-20T18:35:17","slug":"bomba-kate-middleton-foi-substituida-por-uma-sosia-em-parada-do-saint-patricks","status":"publish","type":"post","link":"https:\/\/noticiasnoface.com.br\/index.php\/2024\/03\/20\/bomba-kate-middleton-foi-substituida-por-uma-sosia-em-parada-do-saint-patricks\/","title":{"rendered":"BOMBA: Kate Middleton foi substitu\u00edda por uma s\u00f3sia em parada do Saint Patricks"},"content":{"rendered":"\n<figure class=\"wp-block-image size-large\"><img loading=\"lazy\" decoding=\"async\" width=\"1024\" height=\"617\" src=\"https:\/\/noticiasnoface.com.br\/wp-content\/uploads\/2024\/03\/img_1739-1-1024x617.jpg\" alt=\"\" class=\"wp-image-22590\" srcset=\"https:\/\/noticiasnoface.com.br\/wp-content\/uploads\/2024\/03\/img_1739-1-1024x617.jpg 1024w, https:\/\/noticiasnoface.com.br\/wp-content\/uploads\/2024\/03\/img_1739-1-300x181.jpg 300w, https:\/\/noticiasnoface.com.br\/wp-content\/uploads\/2024\/03\/img_1739-1-768x463.jpg 768w, https:\/\/noticiasnoface.com.br\/wp-content\/uploads\/2024\/03\/img_1739-1.jpg 1290w\" sizes=\"auto, (max-width: 1024px) 100vw, 1024px\" \/><figcaption class=\"wp-element-caption\"><br>Durante o desfile da Guarda Irlandesa em Londres, Inglaterra, neste domingo, 17, Kate Middleton foi substitu\u00edda devido \u00e0 sua recupera\u00e7\u00e3o de uma cirurgia abdominal controversa. Como coronel honor\u00e1rio do regimento, Kate foi substitu\u00edda por Lady Ghika, esposa do major-general Sir Chris Ghika. Tradicionalmente, durante a cerim\u00f4nia, o coronel apresenta um trevo a um c\u00e3o wolfhound irland\u00eas, um papel que foi desempenhado pela realeza.&nbsp;<br>Enquanto isso, especula-se sobre o paradeiro de Kate, que foi vista fazendo compras com o pr\u00edncipe William na Windsor Farm Shop, segundo o The Sun e o Daily Mail. Embora n\u00e3o haja fotos do momento, aumentando as incertezas, espera-se que Kate fale sobre sua sa\u00fade quando retomar seus compromissos p\u00fablicos.<\/figcaption><\/figure>\n\n\n\n<!--nextpage-->\n\n\n\n<p class=\"wp-block-paragraph\">A imagem da realeza brit\u00e2nica sofreu um golpe de rela\u00e7\u00f5es p\u00fablicas com o esc\u00e2ndalo da fotografia alterada de Kate Middleton e seus filhos no Dia das M\u00e3es. A inten\u00e7\u00e3o era retratar a princesa de Gales, que estava ausente desde janeiro devido \u00e0 cirurgia abdominal, como saud\u00e1vel e feliz.&nbsp;No entanto, os erros na imagem foram rapidamente identificados pelos usu\u00e1rios das redes sociais e observadores atentos, incluindo desalinhamentos nas m\u00e3os das crian\u00e7as e altera\u00e7\u00f5es no cabelo e no casaco de Kate. A retrata\u00e7\u00e3o veio rapidamente, mas as d\u00favidas sobre a sa\u00fade de Kate persistem, alimentando teorias da conspira\u00e7\u00e3o e minando a confian\u00e7a no Pal\u00e1cio.<\/p>\n","protected":false},"excerpt":{"rendered":"","protected":false},"author":1,"featured_media":0,"comment_status":"open","ping_status":"open","sticky":false,"template":"","format":"image","meta":{"site-sidebar-layout":"default","site-content-layout":"","ast-site-content-layout":"default","site-content-style":"default","site-sidebar-style":"default","ast-global-header-display":"","ast-banner-title-visibility":"","ast-main-header-display":"","ast-hfb-above-header-display":"","ast-hfb-below-header-display":"","ast-hfb-mobile-header-display":"","site-post-title":"","ast-breadcrumbs-content":"","ast-featured-img":"","footer-sml-layout":"","ast-disable-related-posts":"","theme-transparent-header-meta":"","adv-header-id-meta":"","stick-header-meta":"","header-above-stick-meta":"","header-main-stick-meta":"","header-below-stick-meta":"","astra-migrate-meta-layouts":"default","ast-page-background-enabled":"default","ast-page-background-meta":{"desktop":{"background-color":"var(--ast-global-color-4)","background-image":"","background-repeat":"repeat","background-position":"center center","background-size":"auto","background-attachment":"scroll","background-type":"","background-media":"","overlay-type":"","overlay-color":"","overlay-opacity":"","overlay-gradient":""},"tablet":{"background-color":"","background-image":"","background-repeat":"repeat","background-position":"center center","background-size":"auto","background-attachment":"scroll","background-type":"","background-media":"","overlay-type":"","overlay-color":"","overlay-opacity":"","overlay-gradient":""},"mobile":{"background-color":"","background-image":"","background-repeat":"repeat","background-position":"center center","background-size":"auto","background-attachment":"scroll","background-type":"","background-media":"","overlay-type":"","overlay-color":"","overlay-opacity":"","overlay-gradient":""}},"ast-content-background-meta":{"desktop":{"background-color":"var(--ast-global-color-5)","background-image":"","background-repeat":"repeat","background-position":"center center","background-size":"auto","background-attachment":"scroll","background-type":"","background-media":"","overlay-type":"","overlay-color":"","overlay-opacity":"","overlay-gradient":""},"tablet":{"background-color":"var(--ast-global-color-5)","background-image":"","background-repeat":"repeat","background-position":"center center","background-size":"auto","background-attachment":"scroll","background-type":"","background-media":"","overlay-type":"","overlay-color":"","overlay-opacity":"","overlay-gradient":""},"mobile":{"background-color":"var(--ast-global-color-5)","background-image":"","background-repeat":"repeat","background-position":"center center","background-size":"auto","background-attachment":"scroll","background-type":"","background-media":"","overlay-type":"","overlay-color":"","overlay-opacity":"","overlay-gradient":""}},"footnotes":""},"categories":[517],"tags":[2072,3591,2723],"class_list":["post-22591","post","type-post","status-publish","format-image","hentry","category-aconteceu","tag-familia-real","tag-kate-middleton","tag-sosia","post_format-post-format-image"],"yoast_head":"<!-- This site is optimized with the Yoast SEO plugin v28.3 - https:\/\/yoast.com\/product\/yoast-seo-wordpress\/ -->\n<title>BOMBA: Kate Middleton foi substitu\u00edda por uma s\u00f3sia em parada do Saint Patricks - NOTICIAS NO FACE<\/title>\n<meta name=\"robots\" content=\"index, follow, max-snippet:-1, max-image-preview:large, max-video-preview:-1\" \/>\n<link rel=\"canonical\" href=\"https:\/\/noticiasnoface.com.br\/index.php\/2024\/03\/20\/bomba-kate-middleton-foi-substituida-por-uma-sosia-em-parada-do-saint-patricks\/\" \/>\n<link rel=\"next\" href=\"https:\/\/noticiasnoface.com.br\/index.php\/2024\/03\/20\/bomba-kate-middleton-foi-substituida-por-uma-sosia-em-parada-do-saint-patricks\/2\/\" \/>\n<meta property=\"og:locale\" content=\"pt_BR\" \/>\n<meta property=\"og:type\" content=\"article\" \/>\n<meta property=\"og:title\" content=\"BOMBA: Kate Middleton foi substitu\u00edda por uma s\u00f3sia em parada do Saint Patricks - NOTICIAS NO FACE\" \/>\n<meta property=\"og:url\" content=\"https:\/\/noticiasnoface.com.br\/index.php\/2024\/03\/20\/bomba-kate-middleton-foi-substituida-por-uma-sosia-em-parada-do-saint-patricks\/\" \/>\n<meta property=\"og:site_name\" content=\"NOTICIAS NO FACE\" \/>\n<meta property=\"article:publisher\" content=\"https:\/\/www.facebook.com\/profile.php?id=100012908593281\" \/>\n<meta property=\"article:author\" content=\"https:\/\/www.facebook.com\/noticiasnf?mibextid=LQQJ4d\" \/>\n<meta property=\"article:published_time\" content=\"2024-03-20T14:09:04+00:00\" \/>\n<meta property=\"article:modified_time\" content=\"2024-03-20T18:35:17+00:00\" \/>\n<meta property=\"og:image\" content=\"https:\/\/noticiasnoface.com.br\/wp-content\/uploads\/2024\/03\/img_1739-1-1024x617.jpg\" \/>\n<meta name=\"author\" content=\"Noticias No Face\" \/>\n<meta name=\"twitter:card\" content=\"summary_large_image\" \/>\n<meta name=\"twitter:label1\" content=\"Escrito por\" \/>\n\t<meta name=\"twitter:data1\" content=\"Noticias No Face\" \/>\n\t<meta name=\"twitter:label2\" content=\"Est. tempo de leitura\" \/>\n\t<meta name=\"twitter:data2\" content=\"1 minuto\" \/>\n<script type=\"application\/ld+json\" class=\"yoast-schema-graph\">{\"@context\":\"https:\\\/\\\/schema.org\",\"@graph\":[{\"@type\":\"Article\",\"@id\":\"https:\\\/\\\/noticiasnoface.com.br\\\/index.php\\\/2024\\\/03\\\/20\\\/bomba-kate-middleton-foi-substituida-por-uma-sosia-em-parada-do-saint-patricks\\\/#article\",\"isPartOf\":{\"@id\":\"https:\\\/\\\/noticiasnoface.com.br\\\/index.php\\\/2024\\\/03\\\/20\\\/bomba-kate-middleton-foi-substituida-por-uma-sosia-em-parada-do-saint-patricks\\\/\"},\"author\":{\"name\":\"Noticias No Face\",\"@id\":\"https:\\\/\\\/noticiasnoface.com.br\\\/#\\\/schema\\\/person\\\/6d6bb5e4ecce219cd6ecb0ec9e14d8f7\"},\"headline\":\"BOMBA: Kate Middleton foi substitu\u00edda por uma s\u00f3sia em parada do Saint Patricks\",\"datePublished\":\"2024-03-20T14:09:04+00:00\",\"dateModified\":\"2024-03-20T18:35:17+00:00\",\"mainEntityOfPage\":{\"@id\":\"https:\\\/\\\/noticiasnoface.com.br\\\/index.php\\\/2024\\\/03\\\/20\\\/bomba-kate-middleton-foi-substituida-por-uma-sosia-em-parada-do-saint-patricks\\\/\"},\"wordCount\":258,\"commentCount\":0,\"publisher\":{\"@id\":\"https:\\\/\\\/noticiasnoface.com.br\\\/#organization\"},\"image\":{\"@id\":\"https:\\\/\\\/noticiasnoface.com.br\\\/index.php\\\/2024\\\/03\\\/20\\\/bomba-kate-middleton-foi-substituida-por-uma-sosia-em-parada-do-saint-patricks\\\/#primaryimage\"},\"thumbnailUrl\":\"https:\\\/\\\/noticiasnoface.com.br\\\/wp-content\\\/uploads\\\/2024\\\/03\\\/img_1739-1-1024x617.jpg\",\"keywords\":[\"fam\u00edlia real\",\"Kate Middleton\",\"s\u00f3sia\"],\"articleSection\":[\"ACONTECEU\"],\"inLanguage\":\"pt-BR\",\"potentialAction\":[{\"@type\":\"CommentAction\",\"name\":\"Comment\",\"target\":[\"https:\\\/\\\/noticiasnoface.com.br\\\/index.php\\\/2024\\\/03\\\/20\\\/bomba-kate-middleton-foi-substituida-por-uma-sosia-em-parada-do-saint-patricks\\\/#respond\"]}]},{\"@type\":\"WebPage\",\"@id\":\"https:\\\/\\\/noticiasnoface.com.br\\\/index.php\\\/2024\\\/03\\\/20\\\/bomba-kate-middleton-foi-substituida-por-uma-sosia-em-parada-do-saint-patricks\\\/\",\"url\":\"https:\\\/\\\/noticiasnoface.com.br\\\/index.php\\\/2024\\\/03\\\/20\\\/bomba-kate-middleton-foi-substituida-por-uma-sosia-em-parada-do-saint-patricks\\\/\",\"name\":\"BOMBA: Kate Middleton foi substitu\u00edda por uma s\u00f3sia em parada do Saint Patricks - NOTICIAS NO FACE\",\"isPartOf\":{\"@id\":\"https:\\\/\\\/noticiasnoface.com.br\\\/#website\"},\"primaryImageOfPage\":{\"@id\":\"https:\\\/\\\/noticiasnoface.com.br\\\/index.php\\\/2024\\\/03\\\/20\\\/bomba-kate-middleton-foi-substituida-por-uma-sosia-em-parada-do-saint-patricks\\\/#primaryimage\"},\"image\":{\"@id\":\"https:\\\/\\\/noticiasnoface.com.br\\\/index.php\\\/2024\\\/03\\\/20\\\/bomba-kate-middleton-foi-substituida-por-uma-sosia-em-parada-do-saint-patricks\\\/#primaryimage\"},\"thumbnailUrl\":\"https:\\\/\\\/noticiasnoface.com.br\\\/wp-content\\\/uploads\\\/2024\\\/03\\\/img_1739-1-1024x617.jpg\",\"datePublished\":\"2024-03-20T14:09:04+00:00\",\"dateModified\":\"2024-03-20T18:35:17+00:00\",\"inLanguage\":\"pt-BR\",\"potentialAction\":[{\"@type\":\"ReadAction\",\"target\":[\"https:\\\/\\\/noticiasnoface.com.br\\\/index.php\\\/2024\\\/03\\\/20\\\/bomba-kate-middleton-foi-substituida-por-uma-sosia-em-parada-do-saint-patricks\\\/\"]}]},{\"@type\":\"ImageObject\",\"inLanguage\":\"pt-BR\",\"@id\":\"https:\\\/\\\/noticiasnoface.com.br\\\/index.php\\\/2024\\\/03\\\/20\\\/bomba-kate-middleton-foi-substituida-por-uma-sosia-em-parada-do-saint-patricks\\\/#primaryimage\",\"url\":\"https:\\\/\\\/noticiasnoface.com.br\\\/wp-content\\\/uploads\\\/2024\\\/03\\\/img_1739-1.jpg\",\"contentUrl\":\"https:\\\/\\\/noticiasnoface.com.br\\\/wp-content\\\/uploads\\\/2024\\\/03\\\/img_1739-1.jpg\",\"width\":1290,\"height\":777},{\"@type\":\"WebSite\",\"@id\":\"https:\\\/\\\/noticiasnoface.com.br\\\/#website\",\"url\":\"https:\\\/\\\/noticiasnoface.com.br\\\/\",\"name\":\"Noticias No Face\",\"description\":\"NNF\",\"publisher\":{\"@id\":\"https:\\\/\\\/noticiasnoface.com.br\\\/#organization\"},\"potentialAction\":[{\"@type\":\"SearchAction\",\"target\":{\"@type\":\"EntryPoint\",\"urlTemplate\":\"https:\\\/\\\/noticiasnoface.com.br\\\/?s={search_term_string}\"},\"query-input\":{\"@type\":\"PropertyValueSpecification\",\"valueRequired\":true,\"valueName\":\"search_term_string\"}}],\"inLanguage\":\"pt-BR\"},{\"@type\":\"Organization\",\"@id\":\"https:\\\/\\\/noticiasnoface.com.br\\\/#organization\",\"name\":\"Noticias no face\",\"url\":\"https:\\\/\\\/noticiasnoface.com.br\\\/\",\"logo\":{\"@type\":\"ImageObject\",\"inLanguage\":\"pt-BR\",\"@id\":\"https:\\\/\\\/noticiasnoface.com.br\\\/#\\\/schema\\\/logo\\\/image\\\/\",\"url\":\"https:\\\/\\\/noticiasnoface.com.br\\\/wp-content\\\/uploads\\\/2024\\\/03\\\/FB_IMG_1627525396589_Original.jpeg\",\"contentUrl\":\"https:\\\/\\\/noticiasnoface.com.br\\\/wp-content\\\/uploads\\\/2024\\\/03\\\/FB_IMG_1627525396589_Original.jpeg\",\"width\":1304,\"height\":1285,\"caption\":\"Noticias no face\"},\"image\":{\"@id\":\"https:\\\/\\\/noticiasnoface.com.br\\\/#\\\/schema\\\/logo\\\/image\\\/\"},\"sameAs\":[\"https:\\\/\\\/www.facebook.com\\\/profile.php?id=100012908593281\",\"https:\\\/\\\/www.instagram.com\\\/noticianoface?igsh=MWVvMXQ0MjA3cHY1aQ==\",\"https:\\\/\\\/www.threads.net\\\/@noticiasnoface\"]},{\"@type\":\"Person\",\"@id\":\"https:\\\/\\\/noticiasnoface.com.br\\\/#\\\/schema\\\/person\\\/6d6bb5e4ecce219cd6ecb0ec9e14d8f7\",\"name\":\"Noticias No Face\",\"image\":{\"@type\":\"ImageObject\",\"inLanguage\":\"pt-BR\",\"@id\":\"https:\\\/\\\/secure.gravatar.com\\\/avatar\\\/16a373ebacd5b4a7908eb9b55ce0623c12f93b525e8b3e089429e16c67cf2de0?s=96&d=mm&r=g\",\"url\":\"https:\\\/\\\/secure.gravatar.com\\\/avatar\\\/16a373ebacd5b4a7908eb9b55ce0623c12f93b525e8b3e089429e16c67cf2de0?s=96&d=mm&r=g\",\"contentUrl\":\"https:\\\/\\\/secure.gravatar.com\\\/avatar\\\/16a373ebacd5b4a7908eb9b55ce0623c12f93b525e8b3e089429e16c67cf2de0?s=96&d=mm&r=g\",\"caption\":\"Noticias No Face\"},\"sameAs\":[\"http:\\\/\\\/noticiasnoface.com.br\",\"https:\\\/\\\/www.facebook.com\\\/noticiasnf?mibextid=LQQJ4d\",\"https:\\\/\\\/www.instagram.com\\\/noticianoface?igsh=MWVvMXQ0MjA3cHY1aQ==\"],\"url\":\"https:\\\/\\\/noticiasnoface.com.br\\\/author\\\/marcostrigueiro\\\/\"}]}<\/script>\n<!-- \/ Yoast SEO plugin. -->","yoast_head_json":{"title":"BOMBA: Kate Middleton foi substitu\u00edda por uma s\u00f3sia em parada do Saint Patricks - NOTICIAS NO FACE","robots":{"index":"index","follow":"follow","max-snippet":"max-snippet:-1","max-image-preview":"max-image-preview:large","max-video-preview":"max-video-preview:-1"},"canonical":"https:\/\/noticiasnoface.com.br\/index.php\/2024\/03\/20\/bomba-kate-middleton-foi-substituida-por-uma-sosia-em-parada-do-saint-patricks\/","next":"https:\/\/noticiasnoface.com.br\/index.php\/2024\/03\/20\/bomba-kate-middleton-foi-substituida-por-uma-sosia-em-parada-do-saint-patricks\/2\/","og_locale":"pt_BR","og_type":"article","og_title":"BOMBA: Kate Middleton foi substitu\u00edda por uma s\u00f3sia em parada do Saint Patricks - NOTICIAS NO FACE","og_url":"https:\/\/noticiasnoface.com.br\/index.php\/2024\/03\/20\/bomba-kate-middleton-foi-substituida-por-uma-sosia-em-parada-do-saint-patricks\/","og_site_name":"NOTICIAS NO FACE","article_publisher":"https:\/\/www.facebook.com\/profile.php?id=100012908593281","article_author":"https:\/\/www.facebook.com\/noticiasnf?mibextid=LQQJ4d","article_published_time":"2024-03-20T14:09:04+00:00","article_modified_time":"2024-03-20T18:35:17+00:00","og_image":[{"url":"https:\/\/noticiasnoface.com.br\/wp-content\/uploads\/2024\/03\/img_1739-1-1024x617.jpg","type":"","width":"","height":""}],"author":"Noticias No Face","twitter_card":"summary_large_image","twitter_misc":{"Escrito por":"Noticias No Face","Est. tempo de leitura":"1 minuto"},"schema":{"@context":"https:\/\/schema.org","@graph":[{"@type":"Article","@id":"https:\/\/noticiasnoface.com.br\/index.php\/2024\/03\/20\/bomba-kate-middleton-foi-substituida-por-uma-sosia-em-parada-do-saint-patricks\/#article","isPartOf":{"@id":"https:\/\/noticiasnoface.com.br\/index.php\/2024\/03\/20\/bomba-kate-middleton-foi-substituida-por-uma-sosia-em-parada-do-saint-patricks\/"},"author":{"name":"Noticias No Face","@id":"https:\/\/noticiasnoface.com.br\/#\/schema\/person\/6d6bb5e4ecce219cd6ecb0ec9e14d8f7"},"headline":"BOMBA: Kate Middleton foi substitu\u00edda por uma s\u00f3sia em parada do Saint Patricks","datePublished":"2024-03-20T14:09:04+00:00","dateModified":"2024-03-20T18:35:17+00:00","mainEntityOfPage":{"@id":"https:\/\/noticiasnoface.com.br\/index.php\/2024\/03\/20\/bomba-kate-middleton-foi-substituida-por-uma-sosia-em-parada-do-saint-patricks\/"},"wordCount":258,"commentCount":0,"publisher":{"@id":"https:\/\/noticiasnoface.com.br\/#organization"},"image":{"@id":"https:\/\/noticiasnoface.com.br\/index.php\/2024\/03\/20\/bomba-kate-middleton-foi-substituida-por-uma-sosia-em-parada-do-saint-patricks\/#primaryimage"},"thumbnailUrl":"https:\/\/noticiasnoface.com.br\/wp-content\/uploads\/2024\/03\/img_1739-1-1024x617.jpg","keywords":["fam\u00edlia real","Kate Middleton","s\u00f3sia"],"articleSection":["ACONTECEU"],"inLanguage":"pt-BR","potentialAction":[{"@type":"CommentAction","name":"Comment","target":["https:\/\/noticiasnoface.com.br\/index.php\/2024\/03\/20\/bomba-kate-middleton-foi-substituida-por-uma-sosia-em-parada-do-saint-patricks\/#respond"]}]},{"@type":"WebPage","@id":"https:\/\/noticiasnoface.com.br\/index.php\/2024\/03\/20\/bomba-kate-middleton-foi-substituida-por-uma-sosia-em-parada-do-saint-patricks\/","url":"https:\/\/noticiasnoface.com.br\/index.php\/2024\/03\/20\/bomba-kate-middleton-foi-substituida-por-uma-sosia-em-parada-do-saint-patricks\/","name":"BOMBA: Kate Middleton foi substitu\u00edda por uma s\u00f3sia em parada do Saint Patricks - NOTICIAS NO FACE","isPartOf":{"@id":"https:\/\/noticiasnoface.com.br\/#website"},"primaryImageOfPage":{"@id":"https:\/\/noticiasnoface.com.br\/index.php\/2024\/03\/20\/bomba-kate-middleton-foi-substituida-por-uma-sosia-em-parada-do-saint-patricks\/#primaryimage"},"image":{"@id":"https:\/\/noticiasnoface.com.br\/index.php\/2024\/03\/20\/bomba-kate-middleton-foi-substituida-por-uma-sosia-em-parada-do-saint-patricks\/#primaryimage"},"thumbnailUrl":"https:\/\/noticiasnoface.com.br\/wp-content\/uploads\/2024\/03\/img_1739-1-1024x617.jpg","datePublished":"2024-03-20T14:09:04+00:00","dateModified":"2024-03-20T18:35:17+00:00","inLanguage":"pt-BR","potentialAction":[{"@type":"ReadAction","target":["https:\/\/noticiasnoface.com.br\/index.php\/2024\/03\/20\/bomba-kate-middleton-foi-substituida-por-uma-sosia-em-parada-do-saint-patricks\/"]}]},{"@type":"ImageObject","inLanguage":"pt-BR","@id":"https:\/\/noticiasnoface.com.br\/index.php\/2024\/03\/20\/bomba-kate-middleton-foi-substituida-por-uma-sosia-em-parada-do-saint-patricks\/#primaryimage","url":"https:\/\/noticiasnoface.com.br\/wp-content\/uploads\/2024\/03\/img_1739-1.jpg","contentUrl":"https:\/\/noticiasnoface.com.br\/wp-content\/uploads\/2024\/03\/img_1739-1.jpg","width":1290,"height":777},{"@type":"WebSite","@id":"https:\/\/noticiasnoface.com.br\/#website","url":"https:\/\/noticiasnoface.com.br\/","name":"Noticias No Face","description":"NNF","publisher":{"@id":"https:\/\/noticiasnoface.com.br\/#organization"},"potentialAction":[{"@type":"SearchAction","target":{"@type":"EntryPoint","urlTemplate":"https:\/\/noticiasnoface.com.br\/?s={search_term_string}"},"query-input":{"@type":"PropertyValueSpecification","valueRequired":true,"valueName":"search_term_string"}}],"inLanguage":"pt-BR"},{"@type":"Organization","@id":"https:\/\/noticiasnoface.com.br\/#organization","name":"Noticias no face","url":"https:\/\/noticiasnoface.com.br\/","logo":{"@type":"ImageObject","inLanguage":"pt-BR","@id":"https:\/\/noticiasnoface.com.br\/#\/schema\/logo\/image\/","url":"https:\/\/noticiasnoface.com.br\/wp-content\/uploads\/2024\/03\/FB_IMG_1627525396589_Original.jpeg","contentUrl":"https:\/\/noticiasnoface.com.br\/wp-content\/uploads\/2024\/03\/FB_IMG_1627525396589_Original.jpeg","width":1304,"height":1285,"caption":"Noticias no face"},"image":{"@id":"https:\/\/noticiasnoface.com.br\/#\/schema\/logo\/image\/"},"sameAs":["https:\/\/www.facebook.com\/profile.php?id=100012908593281","https:\/\/www.instagram.com\/noticianoface?igsh=MWVvMXQ0MjA3cHY1aQ==","https:\/\/www.threads.net\/@noticiasnoface"]},{"@type":"Person","@id":"https:\/\/noticiasnoface.com.br\/#\/schema\/person\/6d6bb5e4ecce219cd6ecb0ec9e14d8f7","name":"Noticias No Face","image":{"@type":"ImageObject","inLanguage":"pt-BR","@id":"https:\/\/secure.gravatar.com\/avatar\/16a373ebacd5b4a7908eb9b55ce0623c12f93b525e8b3e089429e16c67cf2de0?s=96&d=mm&r=g","url":"https:\/\/secure.gravatar.com\/avatar\/16a373ebacd5b4a7908eb9b55ce0623c12f93b525e8b3e089429e16c67cf2de0?s=96&d=mm&r=g","contentUrl":"https:\/\/secure.gravatar.com\/avatar\/16a373ebacd5b4a7908eb9b55ce0623c12f93b525e8b3e089429e16c67cf2de0?s=96&d=mm&r=g","caption":"Noticias No Face"},"sameAs":["http:\/\/noticiasnoface.com.br","https:\/\/www.facebook.com\/noticiasnf?mibextid=LQQJ4d","https:\/\/www.instagram.com\/noticianoface?igsh=MWVvMXQ0MjA3cHY1aQ=="],"url":"https:\/\/noticiasnoface.com.br\/author\/marcostrigueiro\/"}]}},"_links":{"self":[{"href":"https:\/\/noticiasnoface.com.br\/index.php\/wp-json\/wp\/v2\/posts\/22591","targetHints":{"allow":["GET"]}}],"collection":[{"href":"https:\/\/noticiasnoface.com.br\/index.php\/wp-json\/wp\/v2\/posts"}],"about":[{"href":"https:\/\/noticiasnoface.com.br\/index.php\/wp-json\/wp\/v2\/types\/post"}],"author":[{"embeddable":true,"href":"https:\/\/noticiasnoface.com.br\/index.php\/wp-json\/wp\/v2\/users\/1"}],"replies":[{"embeddable":true,"href":"https:\/\/noticiasnoface.com.br\/index.php\/wp-json\/wp\/v2\/comments?post=22591"}],"version-history":[{"count":2,"href":"https:\/\/noticiasnoface.com.br\/index.php\/wp-json\/wp\/v2\/posts\/22591\/revisions"}],"predecessor-version":[{"id":22596,"href":"https:\/\/noticiasnoface.com.br\/index.php\/wp-json\/wp\/v2\/posts\/22591\/revisions\/22596"}],"wp:attachment":[{"href":"https:\/\/noticiasnoface.com.br\/index.php\/wp-json\/wp\/v2\/media?parent=22591"}],"wp:term":[{"taxonomy":"category","embeddable":true,"href":"https:\/\/noticiasnoface.com.br\/index.php\/wp-json\/wp\/v2\/categories?post=22591"},{"taxonomy":"post_tag","embeddable":true,"href":"https:\/\/noticiasnoface.com.br\/index.php\/wp-json\/wp\/v2\/tags?post=22591"}],"curies":[{"name":"wp","href":"https:\/\/api.w.org\/{rel}","templated":true}]}}