{"id":23051,"date":"2024-04-01T14:18:32","date_gmt":"2024-04-01T17:18:32","guid":{"rendered":"https:\/\/noticiasnoface.com.br\/?p=23051"},"modified":"2024-04-01T14:19:11","modified_gmt":"2024-04-01T17:19:11","slug":"ana-maria-braga-revela-cancer-no-anus","status":"publish","type":"post","link":"https:\/\/noticiasnoface.com.br\/index.php\/2024\/04\/01\/ana-maria-braga-revela-cancer-no-anus\/","title":{"rendered":"Ana Maria Braga revela c\u00e2ncer no \u00c2nus"},"content":{"rendered":"\n<figure class=\"wp-block-image size-full\"><img data-opt-id=511798473  fetchpriority=\"high\" decoding=\"async\" width=\"640\" height=\"480\" src=\"https:\/\/mlbfrsat7ahr.i.optimole.com\/w:auto\/h:auto\/q:mauto\/ig:avif\/https:\/\/noticiasnoface.com.br\/wp-content\/uploads\/2024\/04\/IMG_2446.jpeg\" alt=\"\" class=\"wp-image-23052\" srcset=\"https:\/\/mlbfrsat7ahr.i.optimole.com\/w:640\/h:480\/q:mauto\/ig:avif\/https:\/\/noticiasnoface.com.br\/wp-content\/uploads\/2024\/04\/IMG_2446.jpeg 640w, https:\/\/mlbfrsat7ahr.i.optimole.com\/w:300\/h:225\/q:mauto\/ig:avif\/https:\/\/noticiasnoface.com.br\/wp-content\/uploads\/2024\/04\/IMG_2446.jpeg 300w\" sizes=\"(max-width: 640px) 100vw, 640px\" \/><\/figure>\n\n\n\n<p>Apresentadora&nbsp;decidiu contar detalhes do segundo diagn\u00f3stico, proveniente do v\u00edrus do HPV.&nbsp;<br \/><\/p>\n\n\n\n<!--more-->\n\n\n\n<p><strong><a href=\"https:\/\/ofuxico.com.br\/famosos\/ana-maria-braga\/?amp=1\" target=\"_blank\" rel=\"noopener\">Ana Maria Braga<\/a><\/strong>&nbsp;enfrentou \u2013 e venceu \u2013 o c\u00e2ncer quatro vezes: 1991, 2001, 2015 e 2020. Entretanto, somente agora a apresentadora&nbsp;decidiu contar detalhes do segundo diagn\u00f3stico, proveniente do v\u00edrus do HPV.&nbsp;<\/p>\n\n\n\n<p>\u201cQuando eu consegui descobrir o que eu tinha, ele j\u00e1 estava adiantado. E a\u00ed eu tinha uma chance m\u00ednima de sobreviv\u00eancia. Ent\u00e3o, \u00e9 muito assustador\u201d, contou ela no Fant\u00e1stico, exibido na Globo na noite de domingo, 31 de mar\u00e7o.<\/p>\n\n\n\n<p>A loira contou que, primeiramente, o m\u00e9dico explicou o que tinha provocado a doen\u00e7a, um v\u00edrus que, at\u00e9 ent\u00e3o, ela desconhecia:&nbsp;\u201cEra proveniente do HPV. N\u00e3o tinha a m\u00ednima informa\u00e7\u00e3o\u201d, afirmou.<\/p>\n\n\n\n<p><\/p>\n\n\n\n<p>A artista de 75 anos ainda ressaltou que o paciente oncol\u00f3gico n\u00e3o deve se sentir culpado: \u201cVoc\u00ea n\u00e3o tem culpa porque voc\u00ea \u00e9 uma mulher sexualmente ativa. Voc\u00ea \u00e9 m\u00e3e, n\u00e3o tem como ser m\u00e3e sem ser sexualmente ativa\u201d, disse.<\/p>\n","protected":false},"excerpt":{"rendered":"<p>Apresentadora&nbsp;decidiu contar detalhes do segundo diagn\u00f3stico, proveniente do v\u00edrus do HPV.&nbsp;<\/p>\n","protected":false},"author":1,"featured_media":0,"comment_status":"open","ping_status":"open","sticky":false,"template":"","format":"image","meta":{"site-sidebar-layout":"default","site-content-layout":"","ast-site-content-layout":"default","site-content-style":"default","site-sidebar-style":"default","ast-global-header-display":"","ast-banner-title-visibility":"","ast-main-header-display":"","ast-hfb-above-header-display":"","ast-hfb-below-header-display":"","ast-hfb-mobile-header-display":"","site-post-title":"","ast-breadcrumbs-content":"","ast-featured-img":"","footer-sml-layout":"","ast-disable-related-posts":"","theme-transparent-header-meta":"","adv-header-id-meta":"","stick-header-meta":"","header-above-stick-meta":"","header-main-stick-meta":"","header-below-stick-meta":"","astra-migrate-meta-layouts":"default","ast-page-background-enabled":"default","ast-page-background-meta":{"desktop":{"background-color":"var(--ast-global-color-4)","background-image":"","background-repeat":"repeat","background-position":"center center","background-size":"auto","background-attachment":"scroll","background-type":"","background-media":"","overlay-type":"","overlay-color":"","overlay-opacity":"","overlay-gradient":""},"tablet":{"background-color":"","background-image":"","background-repeat":"repeat","background-position":"center center","background-size":"auto","background-attachment":"scroll","background-type":"","background-media":"","overlay-type":"","overlay-color":"","overlay-opacity":"","overlay-gradient":""},"mobile":{"background-color":"","background-image":"","background-repeat":"repeat","background-position":"center center","background-size":"auto","background-attachment":"scroll","background-type":"","background-media":"","overlay-type":"","overlay-color":"","overlay-opacity":"","overlay-gradient":""}},"ast-content-background-meta":{"desktop":{"background-color":"var(--ast-global-color-5)","background-image":"","background-repeat":"repeat","background-position":"center center","background-size":"auto","background-attachment":"scroll","background-type":"","background-media":"","overlay-type":"","overlay-color":"","overlay-opacity":"","overlay-gradient":""},"tablet":{"background-color":"var(--ast-global-color-5)","background-image":"","background-repeat":"repeat","background-position":"center center","background-size":"auto","background-attachment":"scroll","background-type":"","background-media":"","overlay-type":"","overlay-color":"","overlay-opacity":"","overlay-gradient":""},"mobile":{"background-color":"var(--ast-global-color-5)","background-image":"","background-repeat":"repeat","background-position":"center center","background-size":"auto","background-attachment":"scroll","background-type":"","background-media":"","overlay-type":"","overlay-color":"","overlay-opacity":"","overlay-gradient":""}},"footnotes":""},"categories":[517],"tags":[779,3681,22,199],"class_list":["post-23051","post","type-post","status-publish","format-image","hentry","category-aconteceu","tag-ana-maria-braga","tag-cancer-no-anus","tag-noticias-no-face","tag-noticiasnoface","post_format-post-format-image"],"_links":{"self":[{"href":"https:\/\/noticiasnoface.com.br\/index.php\/wp-json\/wp\/v2\/posts\/23051","targetHints":{"allow":["GET"]}}],"collection":[{"href":"https:\/\/noticiasnoface.com.br\/index.php\/wp-json\/wp\/v2\/posts"}],"about":[{"href":"https:\/\/noticiasnoface.com.br\/index.php\/wp-json\/wp\/v2\/types\/post"}],"author":[{"embeddable":true,"href":"https:\/\/noticiasnoface.com.br\/index.php\/wp-json\/wp\/v2\/users\/1"}],"replies":[{"embeddable":true,"href":"https:\/\/noticiasnoface.com.br\/index.php\/wp-json\/wp\/v2\/comments?post=23051"}],"version-history":[{"count":2,"href":"https:\/\/noticiasnoface.com.br\/index.php\/wp-json\/wp\/v2\/posts\/23051\/revisions"}],"predecessor-version":[{"id":23054,"href":"https:\/\/noticiasnoface.com.br\/index.php\/wp-json\/wp\/v2\/posts\/23051\/revisions\/23054"}],"wp:attachment":[{"href":"https:\/\/noticiasnoface.com.br\/index.php\/wp-json\/wp\/v2\/media?parent=23051"}],"wp:term":[{"taxonomy":"category","embeddable":true,"href":"https:\/\/noticiasnoface.com.br\/index.php\/wp-json\/wp\/v2\/categories?post=23051"},{"taxonomy":"post_tag","embeddable":true,"href":"https:\/\/noticiasnoface.com.br\/index.php\/wp-json\/wp\/v2\/tags?post=23051"}],"curies":[{"name":"wp","href":"https:\/\/api.w.org\/{rel}","templated":true}]}}