{"id":23065,"date":"2024-04-02T03:37:00","date_gmt":"2024-04-02T06:37:00","guid":{"rendered":"https:\/\/noticiasnoface.com.br\/?p=23065"},"modified":"2024-04-02T03:37:01","modified_gmt":"2024-04-02T06:37:01","slug":"naldo-benny-diz-que-e-responsavel-pela-vinda-de-madonna-ao-brasil","status":"publish","type":"post","link":"https:\/\/noticiasnoface.com.br\/index.php\/2024\/04\/02\/naldo-benny-diz-que-e-responsavel-pela-vinda-de-madonna-ao-brasil\/","title":{"rendered":"Naldo Benny diz que \u00e9 respons\u00e1vel pela vinda de Madonna ao Brasil"},"content":{"rendered":"\n<figure class=\"wp-block-image size-full is-resized\"><img data-opt-id=2065438606  fetchpriority=\"high\" decoding=\"async\" width=\"1024\" height=\"683\" src=\"https:\/\/mlbfrsat7ahr.i.optimole.com\/w:auto\/h:auto\/q:mauto\/ig:avif\/https:\/\/noticiasnoface.com.br\/wp-content\/uploads\/2024\/04\/IMG_2470.jpeg\" alt=\"\" class=\"wp-image-23066\" style=\"width:386px;height:auto\" srcset=\"https:\/\/mlbfrsat7ahr.i.optimole.com\/w:1024\/h:683\/q:mauto\/ig:avif\/https:\/\/noticiasnoface.com.br\/wp-content\/uploads\/2024\/04\/IMG_2470.jpeg 1024w, https:\/\/mlbfrsat7ahr.i.optimole.com\/w:300\/h:200\/q:mauto\/ig:avif\/https:\/\/noticiasnoface.com.br\/wp-content\/uploads\/2024\/04\/IMG_2470.jpeg 300w, https:\/\/mlbfrsat7ahr.i.optimole.com\/w:768\/h:512\/q:mauto\/ig:avif\/https:\/\/noticiasnoface.com.br\/wp-content\/uploads\/2024\/04\/IMG_2470.jpeg 768w\" sizes=\"(max-width: 1000px) 100vw, 1000px\" \/><\/figure>\n\n\n\n<p>Cantor afirma estar envolvido com a etapa brasileira da &#8216;Celebration Tour&#8217;: &#8216;Estou desenrolando essa parada&#8217;<\/p>\n\n\n\n<!--more-->\n\n\n\n<p><a href=\"https:\/\/f5.folha.uol.com.br\/celebridades\/2023\/03\/naldo-benny-revela-maratona-de-sexo-com-ellen-moranguinho-e-vira-piada-na-internet.shtml\" target=\"_blank\" rel=\"noopener\">Depois de contar que faz sexo 37 vezes por semana&nbsp;<\/a>com a mulher Ellen Cardoso e de ter convencido a&nbsp;<a href=\"https:\/\/f5.folha.uol.com.br\/celebridades\/carnaval\/2023\/02\/naldo-benny-vira-meme-ao-dizer-que-foi-responsavel-por-vinda-de-gisele-ao-carnaval.shtml\" target=\"_blank\" rel=\"noopener\">modelo Gisele B\u00fcndchen a passar o Carnaval 2023 no Rio<\/a>, Naldo Benny anunciou que \u00e9 o respons\u00e1vel por trazer o show da<a href=\"https:\/\/www1.folha.uol.com.br\/folha-topicos\/madonna\/\" target=\"_blank\" rel=\"noopener\">Madonna<\/a>&nbsp;ao Brasil. Em entrevista ao Sem Censura, da TV Brasil, nesta segunda-feira (1), o funkeiro disse que a etapa brasileira da &#8220;Celebration Tour&#8221; tem o seu &#8220;dedo&#8221;.<\/p>\n\n\n\n<p><a href=\"https:\/\/f5.folha.uol.com.br\/celebridades\/2023\/10\/naldo-benny-nega-ter-cobrado-r-50-por-foto-com-fa-foi-uma-brincadeira.shtml\" target=\"_blank\" rel=\"noopener\">Naldo&nbsp;<\/a>comentava sobre as suas rela\u00e7\u00f5es com famosos e a vida nos Estados Unidos quando soltou: &#8220;Eu agitei a Madonna para vir para o Rio de Janeiro agora&#8221;.<a href=\"https:\/\/f5.folha.uol.com.br\/celebridades\/2023\/03\/cissa-guimaraes-diz-que-nao-aceitou-bem-explicacao-da-globo-sobre-sua-saida.shtml\" target=\"_blank\" rel=\"noopener\">&nbsp;Cissa Guimar\u00e3es<\/a>, apresentadora do programa, n\u00e3o pensou duas vezes e quis saber: &#8220;\u00c9 voc\u00ea que est\u00e1 trazendo a Madonna?&#8221;. E Naldo respondeu: &#8220;Sim. Eu que estou \u2018desenrolando\u2019 essa parada&#8221;.<\/p>\n\n\n\n<p><a href=\"https:\/\/www1.folha.uol.com.br\/ilustrada\/2024\/03\/madonna-confirma-vinda-ao-brasil-em-breve-em-meio-a-rumores-de-show.shtml\" target=\"_blank\" rel=\"noopener\">A &#8220;Celebation Tour&#8221; comemora os 40 anos de carreira da pop star<\/a>&nbsp;e Madonna faz sua \u00faltima parada comum show gratuito em Copacabana no dia 4 de maio. O show \u00e9 o \u00fanico na Am\u00e9rica do Sul.<\/p>\n\n\n\n<p>A&nbsp;<a href=\"https:\/\/www1.folha.uol.com.br\/folha-topicos\/globo\/\" target=\"_blank\" rel=\"noopener\">Globo<\/a>&nbsp;acertou a transmiss\u00e3o do show de Madonna.&nbsp;<a href=\"https:\/\/f5.folha.uol.com.br\/televisao\/2024\/03\/globo-fecha-acordo-com-patrocinador-e-vai-transmitir-show-de-madonna-no-rio-de-janeiro.shtml\" target=\"_blank\" rel=\"noopener\">A exibi\u00e7\u00e3o acontecer\u00e1 em TV aberta, TV por assinatura via Multishow, seu canal de variedades, e streaming, via Globoplay.&nbsp;<\/a>O acordo foi fechado com a marca Ita\u00fa, patrocinadora do show e respons\u00e1vel por trazer Madonna para o Brasil.<\/p>\n\n\n\n<div class=\"wp-block-group is-layout-constrained wp-block-group-is-layout-constrained\"><\/div>\n","protected":false},"excerpt":{"rendered":"<p>Cantor afirma estar envolvido com a etapa brasileira da &#8216;Celebration Tour&#8217;: &#8216;Estou desenrolando essa parada&#8217;<\/p>\n","protected":false},"author":1,"featured_media":0,"comment_status":"open","ping_status":"open","sticky":false,"template":"","format":"image","meta":{"site-sidebar-layout":"default","site-content-layout":"","ast-site-content-layout":"default","site-content-style":"default","site-sidebar-style":"default","ast-global-header-display":"","ast-banner-title-visibility":"","ast-main-header-display":"","ast-hfb-above-header-display":"","ast-hfb-below-header-display":"","ast-hfb-mobile-header-display":"","site-post-title":"","ast-breadcrumbs-content":"","ast-featured-img":"","footer-sml-layout":"","ast-disable-related-posts":"","theme-transparent-header-meta":"","adv-header-id-meta":"","stick-header-meta":"","header-above-stick-meta":"","header-main-stick-meta":"","header-below-stick-meta":"","astra-migrate-meta-layouts":"default","ast-page-background-enabled":"default","ast-page-background-meta":{"desktop":{"background-color":"var(--ast-global-color-4)","background-image":"","background-repeat":"repeat","background-position":"center center","background-size":"auto","background-attachment":"scroll","background-type":"","background-media":"","overlay-type":"","overlay-color":"","overlay-opacity":"","overlay-gradient":""},"tablet":{"background-color":"","background-image":"","background-repeat":"repeat","background-position":"center center","background-size":"auto","background-attachment":"scroll","background-type":"","background-media":"","overlay-type":"","overlay-color":"","overlay-opacity":"","overlay-gradient":""},"mobile":{"background-color":"","background-image":"","background-repeat":"repeat","background-position":"center center","background-size":"auto","background-attachment":"scroll","background-type":"","background-media":"","overlay-type":"","overlay-color":"","overlay-opacity":"","overlay-gradient":""}},"ast-content-background-meta":{"desktop":{"background-color":"var(--ast-global-color-5)","background-image":"","background-repeat":"repeat","background-position":"center center","background-size":"auto","background-attachment":"scroll","background-type":"","background-media":"","overlay-type":"","overlay-color":"","overlay-opacity":"","overlay-gradient":""},"tablet":{"background-color":"var(--ast-global-color-5)","background-image":"","background-repeat":"repeat","background-position":"center center","background-size":"auto","background-attachment":"scroll","background-type":"","background-media":"","overlay-type":"","overlay-color":"","overlay-opacity":"","overlay-gradient":""},"mobile":{"background-color":"var(--ast-global-color-5)","background-image":"","background-repeat":"repeat","background-position":"center center","background-size":"auto","background-attachment":"scroll","background-type":"","background-media":"","overlay-type":"","overlay-color":"","overlay-opacity":"","overlay-gradient":""}},"footnotes":""},"categories":[517],"tags":[2909,2205,50,22],"class_list":["post-23065","post","type-post","status-publish","format-image","hentry","category-aconteceu","tag-madonna","tag-naldo-benny","tag-noticias-do-face","tag-noticias-no-face","post_format-post-format-image"],"_links":{"self":[{"href":"https:\/\/noticiasnoface.com.br\/index.php\/wp-json\/wp\/v2\/posts\/23065","targetHints":{"allow":["GET"]}}],"collection":[{"href":"https:\/\/noticiasnoface.com.br\/index.php\/wp-json\/wp\/v2\/posts"}],"about":[{"href":"https:\/\/noticiasnoface.com.br\/index.php\/wp-json\/wp\/v2\/types\/post"}],"author":[{"embeddable":true,"href":"https:\/\/noticiasnoface.com.br\/index.php\/wp-json\/wp\/v2\/users\/1"}],"replies":[{"embeddable":true,"href":"https:\/\/noticiasnoface.com.br\/index.php\/wp-json\/wp\/v2\/comments?post=23065"}],"version-history":[{"count":1,"href":"https:\/\/noticiasnoface.com.br\/index.php\/wp-json\/wp\/v2\/posts\/23065\/revisions"}],"predecessor-version":[{"id":23067,"href":"https:\/\/noticiasnoface.com.br\/index.php\/wp-json\/wp\/v2\/posts\/23065\/revisions\/23067"}],"wp:attachment":[{"href":"https:\/\/noticiasnoface.com.br\/index.php\/wp-json\/wp\/v2\/media?parent=23065"}],"wp:term":[{"taxonomy":"category","embeddable":true,"href":"https:\/\/noticiasnoface.com.br\/index.php\/wp-json\/wp\/v2\/categories?post=23065"},{"taxonomy":"post_tag","embeddable":true,"href":"https:\/\/noticiasnoface.com.br\/index.php\/wp-json\/wp\/v2\/tags?post=23065"}],"curies":[{"name":"wp","href":"https:\/\/api.w.org\/{rel}","templated":true}]}}