{"id":23076,"date":"2024-04-02T08:03:01","date_gmt":"2024-04-02T11:03:01","guid":{"rendered":"https:\/\/noticiasnoface.com.br\/?p=23076"},"modified":"2024-04-02T08:03:04","modified_gmt":"2024-04-02T11:03:04","slug":"bandido-e-preso-enquanto-fazia-harmonizacao-facial","status":"publish","type":"post","link":"https:\/\/noticiasnoface.com.br\/index.php\/2024\/04\/02\/bandido-e-preso-enquanto-fazia-harmonizacao-facial\/","title":{"rendered":"Bandido \u00e9 preso enquanto fazia harmoniza\u00e7\u00e3o facial"},"content":{"rendered":"\n<figure class=\"wp-block-image size-full\"><img data-opt-id=999657945  fetchpriority=\"high\" decoding=\"async\" width=\"700\" height=\"450\" src=\"https:\/\/mlbfrsat7ahr.i.optimole.com\/w:auto\/h:auto\/q:mauto\/ig:avif\/https:\/\/noticiasnoface.com.br\/wp-content\/uploads\/2024\/04\/IMG_2478.jpeg\" alt=\"\" class=\"wp-image-23077\" srcset=\"https:\/\/mlbfrsat7ahr.i.optimole.com\/w:700\/h:450\/q:mauto\/ig:avif\/https:\/\/noticiasnoface.com.br\/wp-content\/uploads\/2024\/04\/IMG_2478.jpeg 700w, https:\/\/mlbfrsat7ahr.i.optimole.com\/w:300\/h:193\/q:mauto\/ig:avif\/https:\/\/noticiasnoface.com.br\/wp-content\/uploads\/2024\/04\/IMG_2478.jpeg 300w\" sizes=\"(max-width: 700px) 100vw, 700px\" \/><\/figure>\n\n\n\n<p>A ideia de fazer harmoniza\u00e7\u00e3o facial era dificultar o reconhecimento da policia <\/p>\n\n\n\n<!--more-->\n\n\n\n<p>Durante a realiza\u00e7\u00e3o de uma cirurgia pl\u00e1stica de harmoniza\u00e7\u00e3o facial um homem, identificado como Eduardo Miranda de Souza foi preso na \u00faltima quinta-feira (28). O objetivo de \u2018Cara Quadrada\u2019, como \u00e9 apelidado, era\u00a0<a href=\"https:\/\/www.bnews.com.br\/noticias\/policia\/homem-fica-com-rosto-desfigurado-apos-ser-executado-em-salvador.html\" target=\"_blank\" rel=\"noopener\">alterar a fisionomia do rosto<\/a>. O procedimento de harmoniza\u00e7\u00e3o facial aconteceu em uma cl\u00ednica situada na Vila Virg\u00ednia, na cidade de Itaquaquecetuba, na regi\u00e3o metropolitana de S\u00e3o Paulo.\u00a0<br><\/p>\n\n\n\n<h2 class=\"wp-block-heading\">Como ele foi pego <\/h2>\n\n\n\n<p>Aos 43 anos de idade, o homem, que era procurado pela Justi\u00e7a por roubo de carga, entrou no radar do&nbsp;<a href=\"https:\/\/www.saopaulo.sp.gov.br\/tag\/deic\/\" target=\"_blank\" rel=\"noopener\">Departamento Estadual de Investiga\u00e7\u00f5es Criminais (Deic)<\/a>. A informa\u00e7\u00e3o foi divulgada nesta segunda-feira (1\u00ba). O esquema criminoso era realizar outros procedimentos cir\u00fargicos para continuar foragido.<\/p>\n\n\n\n<p>Policiais da 2\u00aa Delegacia Patrim\u00f4nio (Investiga\u00e7\u00f5es sobre Crimes de Interven\u00e7\u00e3o Estrat\u00e9gica) com apoio da Unidade de Intelig\u00eancia Policial do DEIC realizaram a pris\u00e3o.\u00a0\u2018Cara Quadrada\u2019 se negou a apresentar documento de identidade enquanto fazia \u00e0 harmoniza\u00e7\u00e3o facial e Conforme informa\u00e7\u00f5es divulgadas pela Secretaria de Seguran\u00e7a P\u00fablica (SSP), o homem afirmou que faria a cirurgia no rosto por finalidade est\u00e9tica. Ele foi encaminhado \u00e0 Delegacia de Pol\u00edcia do munic\u00edpio e o caso foi registrado como captura de foragido.<\/p>\n","protected":false},"excerpt":{"rendered":"<p>A ideia de fazer harmoniza\u00e7\u00e3o facial era dificultar o reconhecimento da policia<\/p>\n","protected":false},"author":1,"featured_media":0,"comment_status":"open","ping_status":"open","sticky":false,"template":"","format":"image","meta":{"site-sidebar-layout":"default","site-content-layout":"","ast-site-content-layout":"default","site-content-style":"default","site-sidebar-style":"default","ast-global-header-display":"","ast-banner-title-visibility":"","ast-main-header-display":"","ast-hfb-above-header-display":"","ast-hfb-below-header-display":"","ast-hfb-mobile-header-display":"","site-post-title":"","ast-breadcrumbs-content":"","ast-featured-img":"","footer-sml-layout":"","ast-disable-related-posts":"","theme-transparent-header-meta":"","adv-header-id-meta":"","stick-header-meta":"","header-above-stick-meta":"","header-main-stick-meta":"","header-below-stick-meta":"","astra-migrate-meta-layouts":"default","ast-page-background-enabled":"default","ast-page-background-meta":{"desktop":{"background-color":"var(--ast-global-color-4)","background-image":"","background-repeat":"repeat","background-position":"center center","background-size":"auto","background-attachment":"scroll","background-type":"","background-media":"","overlay-type":"","overlay-color":"","overlay-opacity":"","overlay-gradient":""},"tablet":{"background-color":"","background-image":"","background-repeat":"repeat","background-position":"center center","background-size":"auto","background-attachment":"scroll","background-type":"","background-media":"","overlay-type":"","overlay-color":"","overlay-opacity":"","overlay-gradient":""},"mobile":{"background-color":"","background-image":"","background-repeat":"repeat","background-position":"center center","background-size":"auto","background-attachment":"scroll","background-type":"","background-media":"","overlay-type":"","overlay-color":"","overlay-opacity":"","overlay-gradient":""}},"ast-content-background-meta":{"desktop":{"background-color":"var(--ast-global-color-5)","background-image":"","background-repeat":"repeat","background-position":"center center","background-size":"auto","background-attachment":"scroll","background-type":"","background-media":"","overlay-type":"","overlay-color":"","overlay-opacity":"","overlay-gradient":""},"tablet":{"background-color":"var(--ast-global-color-5)","background-image":"","background-repeat":"repeat","background-position":"center center","background-size":"auto","background-attachment":"scroll","background-type":"","background-media":"","overlay-type":"","overlay-color":"","overlay-opacity":"","overlay-gradient":""},"mobile":{"background-color":"var(--ast-global-color-5)","background-image":"","background-repeat":"repeat","background-position":"center center","background-size":"auto","background-attachment":"scroll","background-type":"","background-media":"","overlay-type":"","overlay-color":"","overlay-opacity":"","overlay-gradient":""}},"footnotes":""},"categories":[517],"tags":[309,1134,22,3684],"class_list":["post-23076","post","type-post","status-publish","format-image","hentry","category-aconteceu","tag-bandido","tag-harmonizacao-facial","tag-noticias-no-face","tag-reconhecimento","post_format-post-format-image"],"_links":{"self":[{"href":"https:\/\/noticiasnoface.com.br\/index.php\/wp-json\/wp\/v2\/posts\/23076","targetHints":{"allow":["GET"]}}],"collection":[{"href":"https:\/\/noticiasnoface.com.br\/index.php\/wp-json\/wp\/v2\/posts"}],"about":[{"href":"https:\/\/noticiasnoface.com.br\/index.php\/wp-json\/wp\/v2\/types\/post"}],"author":[{"embeddable":true,"href":"https:\/\/noticiasnoface.com.br\/index.php\/wp-json\/wp\/v2\/users\/1"}],"replies":[{"embeddable":true,"href":"https:\/\/noticiasnoface.com.br\/index.php\/wp-json\/wp\/v2\/comments?post=23076"}],"version-history":[{"count":1,"href":"https:\/\/noticiasnoface.com.br\/index.php\/wp-json\/wp\/v2\/posts\/23076\/revisions"}],"predecessor-version":[{"id":23078,"href":"https:\/\/noticiasnoface.com.br\/index.php\/wp-json\/wp\/v2\/posts\/23076\/revisions\/23078"}],"wp:attachment":[{"href":"https:\/\/noticiasnoface.com.br\/index.php\/wp-json\/wp\/v2\/media?parent=23076"}],"wp:term":[{"taxonomy":"category","embeddable":true,"href":"https:\/\/noticiasnoface.com.br\/index.php\/wp-json\/wp\/v2\/categories?post=23076"},{"taxonomy":"post_tag","embeddable":true,"href":"https:\/\/noticiasnoface.com.br\/index.php\/wp-json\/wp\/v2\/tags?post=23076"}],"curies":[{"name":"wp","href":"https:\/\/api.w.org\/{rel}","templated":true}]}}