{"id":23080,"date":"2024-04-02T09:26:33","date_gmt":"2024-04-02T12:26:33","guid":{"rendered":"https:\/\/noticiasnoface.com.br\/?p=23080"},"modified":"2024-04-02T09:49:16","modified_gmt":"2024-04-02T12:49:16","slug":"vagas-de-emprego-no-mundo-moderno","status":"publish","type":"post","link":"https:\/\/noticiasnoface.com.br\/index.php\/2024\/04\/02\/vagas-de-emprego-no-mundo-moderno\/","title":{"rendered":"Vagas de emprego no mundo moderno"},"content":{"rendered":"\n<figure class=\"wp-block-image size-full\"><img data-opt-id=204740186  fetchpriority=\"high\" decoding=\"async\" width=\"743\" height=\"413\" src=\"https:\/\/mlbfrsat7ahr.i.optimole.com\/w:auto\/h:auto\/q:mauto\/ig:avif\/https:\/\/noticiasnoface.com.br\/wp-content\/uploads\/2024\/04\/IMG_2482.jpeg\" alt=\"\" class=\"wp-image-23081\" srcset=\"https:\/\/mlbfrsat7ahr.i.optimole.com\/w:743\/h:413\/q:mauto\/ig:avif\/https:\/\/noticiasnoface.com.br\/wp-content\/uploads\/2024\/04\/IMG_2482.jpeg 743w, https:\/\/mlbfrsat7ahr.i.optimole.com\/w:300\/h:167\/q:mauto\/ig:avif\/https:\/\/noticiasnoface.com.br\/wp-content\/uploads\/2024\/04\/IMG_2482.jpeg 300w\" sizes=\"(max-width: 743px) 100vw, 743px\" \/><\/figure>\n\n\n\n<p>Vaga de emprego tem sido um dos grandes desafios dos brasileiros, entenda como conseguir a t\u00e3o sonhada vaga.<\/p>\n\n\n\n<!--more-->\n\n\n\n<p>O Impacto das Vagas de Emprego na Economia ModernaNo contexto atual da economia globalizada, as vagas de emprego desempenham um papel crucial n\u00e3o apenas na vida dos indiv\u00edduos, mas tamb\u00e9m no desenvolvimento econ\u00f4mico de pa\u00edses e regi\u00f5es. <\/p>\n\n\n\n<p>Este artigo explora a import\u00e2ncia das vagas de emprego, os desafios enfrentados pelos candidatos e empregadores, e as tend\u00eancias emergentes no mercado de trabalho.1. Import\u00e2ncia das Vagas de Emprego:As vagas de emprego s\u00e3o o elo vital entre a oferta e a demanda de m\u00e3o de obra. Elas fornecem aos indiv\u00edduos a oportunidade de aplicar suas habilidades e conhecimentos, ao mesmo tempo que permitem \u00e0s empresas preencher posi\u00e7\u00f5es essenciais para operar e crescer. <\/p>\n\n\n\n<p>Al\u00e9m disso, as vagas de emprego desempenham um papel fundamental na redu\u00e7\u00e3o do desemprego, na distribui\u00e7\u00e3o de renda e na estabilidade econ\u00f4mica de uma na\u00e7\u00e3o.2. Desafios para Candidatos e Empregadores:Para os candidatos, encontrar uma vaga de emprego adequada pode ser uma tarefa \u00e1rdua. <\/p>\n\n\n\n<p>A concorr\u00eancia \u00e9 muitas vezes acirrada, exigindo qualifica\u00e7\u00f5es espec\u00edficas e experi\u00eancia relevante. Al\u00e9m disso, a automa\u00e7\u00e3o e a evolu\u00e7\u00e3o tecnol\u00f3gica est\u00e3o mudando rapidamente o cen\u00e1rio do mercado de trabalho, criando demanda por novas habilidades e compet\u00eancias.Por outro lado, os empregadores enfrentam desafios na atra\u00e7\u00e3o e reten\u00e7\u00e3o de talentos qualificados. <\/p>\n\n\n\n<p>Eles devem adaptar suas estrat\u00e9gias de recrutamento para atrair os candidatos certos, enquanto lidam com quest\u00f5es como diversidade, inclus\u00e3o e cultura organizacional.3. Tend\u00eancias Emergentes:O mercado de trabalho est\u00e1 em constante evolu\u00e7\u00e3o, impulsionado por mudan\u00e7as demogr\u00e1ficas, avan\u00e7os tecnol\u00f3gicos e tend\u00eancias socioecon\u00f4micas. Algumas das tend\u00eancias emergentes incluem:<\/p>\n\n\n\n<h2 class=\"wp-block-heading\">Trabalho Remoto <\/h2>\n\n\n\n<p>A pandemia de COVID-19 acelerou a ado\u00e7\u00e3o do trabalho remoto, levando muitas empresas a reconsiderar suas pol\u00edticas de local de trabalho.Economia Gig: O aumento da economia gig est\u00e1 transformando a maneira como as pessoas trabalham, oferecendo flexibilidade e oportunidades de renda para trabalhadores independentes.Aprendizado ao Longo da Vida: A r\u00e1pida obsolesc\u00eancia de habilidades torna o aprendizado cont\u00ednuo essencial para manter a empregabilidade.<\/p>\n\n\n\n<h2 class=\"wp-block-heading\">Conclus\u00e3o <\/h2>\n\n\n\n<p>Em \u00faltima an\u00e1lise, as vagas de emprego s\u00e3o mais do que meros n\u00fameros em um relat\u00f3rio econ\u00f4mico; elas representam oportunidades para indiv\u00edduos alcan\u00e7arem seu potencial m\u00e1ximo e para as empresas prosperarem. \u00c0 medida que o mercado de trabalho continua a evoluir, \u00e9 crucial para os candidatos e empregadores adaptarem-se \u00e0s mudan\u00e7as e aproveitarem as oportunidades que surgem. A colabora\u00e7\u00e3o entre governos, empresas e institui\u00e7\u00f5es educacionais \u00e9 fundamental para promover um mercado de trabalho inclusivo e din\u00e2mico, capaz de enfrentar os desafios e aproveitar as oportunidades do s\u00e9culo XXI.<\/p>\n","protected":false},"excerpt":{"rendered":"<p>Vaga de emprego tem sido um dos grandes desafios dos brasileiros, entenda como conseguir a t\u00e3o sonhada vaga.<\/p>\n","protected":false},"author":1,"featured_media":0,"comment_status":"open","ping_status":"open","sticky":false,"template":"","format":"image","meta":{"site-sidebar-layout":"default","site-content-layout":"","ast-site-content-layout":"default","site-content-style":"default","site-sidebar-style":"default","ast-global-header-display":"","ast-banner-title-visibility":"","ast-main-header-display":"","ast-hfb-above-header-display":"","ast-hfb-below-header-display":"","ast-hfb-mobile-header-display":"","site-post-title":"","ast-breadcrumbs-content":"","ast-featured-img":"","footer-sml-layout":"","ast-disable-related-posts":"","theme-transparent-header-meta":"","adv-header-id-meta":"","stick-header-meta":"","header-above-stick-meta":"","header-main-stick-meta":"","header-below-stick-meta":"","astra-migrate-meta-layouts":"default","ast-page-background-enabled":"default","ast-page-background-meta":{"desktop":{"background-color":"var(--ast-global-color-4)","background-image":"","background-repeat":"repeat","background-position":"center center","background-size":"auto","background-attachment":"scroll","background-type":"","background-media":"","overlay-type":"","overlay-color":"","overlay-opacity":"","overlay-gradient":""},"tablet":{"background-color":"","background-image":"","background-repeat":"repeat","background-position":"center center","background-size":"auto","background-attachment":"scroll","background-type":"","background-media":"","overlay-type":"","overlay-color":"","overlay-opacity":"","overlay-gradient":""},"mobile":{"background-color":"","background-image":"","background-repeat":"repeat","background-position":"center center","background-size":"auto","background-attachment":"scroll","background-type":"","background-media":"","overlay-type":"","overlay-color":"","overlay-opacity":"","overlay-gradient":""}},"ast-content-background-meta":{"desktop":{"background-color":"var(--ast-global-color-5)","background-image":"","background-repeat":"repeat","background-position":"center center","background-size":"auto","background-attachment":"scroll","background-type":"","background-media":"","overlay-type":"","overlay-color":"","overlay-opacity":"","overlay-gradient":""},"tablet":{"background-color":"var(--ast-global-color-5)","background-image":"","background-repeat":"repeat","background-position":"center center","background-size":"auto","background-attachment":"scroll","background-type":"","background-media":"","overlay-type":"","overlay-color":"","overlay-opacity":"","overlay-gradient":""},"mobile":{"background-color":"var(--ast-global-color-5)","background-image":"","background-repeat":"repeat","background-position":"center center","background-size":"auto","background-attachment":"scroll","background-type":"","background-media":"","overlay-type":"","overlay-color":"","overlay-opacity":"","overlay-gradient":""}},"footnotes":""},"categories":[517],"tags":[202,2106,2250],"class_list":["post-23080","post","type-post","status-publish","format-image","hentry","category-aconteceu","tag-brasil","tag-trabalho","tag-vagas-de-emprego","post_format-post-format-image"],"_links":{"self":[{"href":"https:\/\/noticiasnoface.com.br\/index.php\/wp-json\/wp\/v2\/posts\/23080","targetHints":{"allow":["GET"]}}],"collection":[{"href":"https:\/\/noticiasnoface.com.br\/index.php\/wp-json\/wp\/v2\/posts"}],"about":[{"href":"https:\/\/noticiasnoface.com.br\/index.php\/wp-json\/wp\/v2\/types\/post"}],"author":[{"embeddable":true,"href":"https:\/\/noticiasnoface.com.br\/index.php\/wp-json\/wp\/v2\/users\/1"}],"replies":[{"embeddable":true,"href":"https:\/\/noticiasnoface.com.br\/index.php\/wp-json\/wp\/v2\/comments?post=23080"}],"version-history":[{"count":2,"href":"https:\/\/noticiasnoface.com.br\/index.php\/wp-json\/wp\/v2\/posts\/23080\/revisions"}],"predecessor-version":[{"id":23083,"href":"https:\/\/noticiasnoface.com.br\/index.php\/wp-json\/wp\/v2\/posts\/23080\/revisions\/23083"}],"wp:attachment":[{"href":"https:\/\/noticiasnoface.com.br\/index.php\/wp-json\/wp\/v2\/media?parent=23080"}],"wp:term":[{"taxonomy":"category","embeddable":true,"href":"https:\/\/noticiasnoface.com.br\/index.php\/wp-json\/wp\/v2\/categories?post=23080"},{"taxonomy":"post_tag","embeddable":true,"href":"https:\/\/noticiasnoface.com.br\/index.php\/wp-json\/wp\/v2\/tags?post=23080"}],"curies":[{"name":"wp","href":"https:\/\/api.w.org\/{rel}","templated":true}]}}