{"id":23092,"date":"2024-04-02T10:40:55","date_gmt":"2024-04-02T13:40:55","guid":{"rendered":"https:\/\/noticiasnoface.com.br\/?p=23092"},"modified":"2024-04-02T10:40:57","modified_gmt":"2024-04-02T13:40:57","slug":"a-bilionaria-mais-jovem-do-mundo-e-brasileira-e-cursa-psicologia","status":"publish","type":"post","link":"https:\/\/noticiasnoface.com.br\/index.php\/2024\/04\/02\/a-bilionaria-mais-jovem-do-mundo-e-brasileira-e-cursa-psicologia\/","title":{"rendered":"A Bilion\u00e1ria mais jovem do mundo \u00e9 brasileira e cursa psicologia"},"content":{"rendered":"\n<figure class=\"wp-block-image size-full\"><img data-opt-id=985517772  fetchpriority=\"high\" decoding=\"async\" width=\"450\" height=\"600\" src=\"https:\/\/mlbfrsat7ahr.i.optimole.com\/w:auto\/h:auto\/q:mauto\/ig:avif\/https:\/\/noticiasnoface.com.br\/wp-content\/uploads\/2024\/04\/IMG_2491.jpeg\" alt=\"\" class=\"wp-image-23093\" srcset=\"https:\/\/mlbfrsat7ahr.i.optimole.com\/w:450\/h:600\/q:mauto\/ig:avif\/https:\/\/noticiasnoface.com.br\/wp-content\/uploads\/2024\/04\/IMG_2491.jpeg 450w, https:\/\/mlbfrsat7ahr.i.optimole.com\/w:225\/h:300\/q:mauto\/ig:avif\/https:\/\/noticiasnoface.com.br\/wp-content\/uploads\/2024\/04\/IMG_2491.jpeg 225w\" sizes=\"(max-width: 450px) 100vw, 450px\" \/><\/figure>\n\n\n\n<p>Livia Voigt tem participa\u00e7\u00e3o na empresa fundada pelo av\u00f4 em Santa Catarina, mas n\u00e3o atua no neg\u00f3cio<\/p>\n\n\n\n<!--more-->\n\n\n\n<p>A m\u00e9dia de idade dos bilion\u00e1rios \u00e9 66 anos. Mas uma pequena parcela est\u00e1 bem abaixo disso \u2014 gra\u00e7as, muitas vezes, a fartas heran\u00e7as da fam\u00edlia. No topo da lista dos dez bilion\u00e1rios mais jovens do mundo, est\u00e1 uma brasileira. Com 19 anos e uma fortuna estimada em US$ 1,1 bilh\u00e3o (R$ 5,5 bilh\u00f5es), Livia Voigt \u00e9 a primeira do ranking divulgado nesta ter\u00e7a-feira (02\/04) pela \u201cForbes\u201d. Nascida em Santa Catarina, ela \u00e9 uma das herdeiras da multinacional de maquin\u00e1rio industrial WEG, sediada em Jaragu\u00e1 do Sul, cidade com 182,6 mil habitantes.<\/p>\n\n\n\n<p>O patrim\u00f4nio de Voigt vem de sua participa\u00e7\u00e3o na empresa, fundada por seu av\u00f4 em 1961. Ela det\u00e9m 3,1% da empresa e recebe milh\u00f5es em dividendos. H\u00e1 poucas informa\u00e7\u00f5es sobre a jovem dispon\u00edveis online, mas a \u201cForbes\u201d afirma que ela estuda psicologia e n\u00e3o trabalha na empresa da fam\u00edlia. Sua irm\u00e3 mais velha, Dora Voigt, de 26 anos, tamb\u00e9m est\u00e1 na lista da \u201cForbes\u201d.<\/p>\n\n\n\n<h2 class=\"wp-block-heading\">A mais jovem Bilion\u00e1ria <\/h2>\n\n\n\n<p><br>Livia Voigt \u00e9 dois meses mais nova que o segundo colocado da lista, o herdeiro da EssilorLuxottica, produtora dos \u00f3culos Ray-Ban, Clemente Del Vecchio. O patrim\u00f4nio l\u00edquido do italiano \u00e9 de US$ 4,7 bilh\u00f5es (R$ 23,7 bilh\u00f5es). A \u201cForbes\u201d nota que, pela primeira vez desde 2009, todos os bilion\u00e1rios da lista s\u00e3o herdeiros e n\u00e3o constru\u00edram a pr\u00f3pria fortuna. A revista aponta que isso \u00e9 um sinal de que \u201ca grande transfer\u00eancia de renda&#8221; entre gera\u00e7\u00f5es come\u00e7ou.<\/p>\n\n\n\n<h2 class=\"wp-block-heading\">Confira a lista dos bilion\u00e1rios mais jovens do mundo <\/h2>\n\n\n\n<ul class=\"wp-block-list\">\n<li>1 &#8211; Livia Voigt, 19 anos, brasileira<\/li>\n\n\n\n<li><strong>Patrim\u00f4nio l\u00edquido:<\/strong>\u00a0US$ 1,1 bilh\u00e3o (R$ 5,5 bilh\u00f5es).\u00a0<strong>Fonte da riqueza:<\/strong>\u00a0Maquin\u00e1rio Industrial \u2013 WEG.<\/li>\n\n\n\n<li>2 &#8211; Clemente Del Vecchio, 19 anos, italiano<\/li>\n\n\n\n<li><strong>Patrim\u00f4nio l\u00edquido:\u00a0<\/strong>US$ 4,7 bilh\u00f5es (R$ 23,7 bilh\u00f5es).\u00a0<strong>Fonte da riqueza:<\/strong>\u00a0mercado de \u00f3culos.<\/li>\n\n\n\n<li>3 &#8211; Kim Jung-youn, 20 anos, sul-coreano<\/li>\n\n\n\n<li><strong>Patrim\u00f4nio l\u00edquido:<\/strong>\u00a0US$ 1,4 bilh\u00e3o (R$ 7 bilh\u00f5es).\u00a0<strong>Fonte da riqueza:\u00a0<\/strong>jogos online.<\/li>\n\n\n\n<li>4 &#8211; Kevin David Lehmann, 21, alem\u00e3o<\/li>\n\n\n\n<li><strong>Patrim\u00f4nio l\u00edquido:<\/strong>\u00a0 US$ 3,3 bilh\u00f5es (R$ 16,6 bilh\u00f5es).\u00a0<strong>Fonte da riqueza:<\/strong>\u00a0farm\u00e1cias.<\/li>\n\n\n\n<li>5 &#8211; Kim Jung-min, 22 anos, sul-coreano<\/li>\n\n\n\n<li><strong>Patrim\u00f4nio l\u00edquido:\u00a0<\/strong>\u00a0US$ 1,4 bilh\u00e3o (R$ 7 bilh\u00f5es).\u00a0<strong>Fonte da riqueza:<\/strong>\u00a0jogos online.<\/li>\n\n\n\n<li>6 &#8211; Luca Del Vecchio, 22 anos, italiano<\/li>\n\n\n\n<li><strong>Patrim\u00f4nio l\u00edquido:\u00a0<\/strong>\u00a0US$ 4,7 bilh\u00f5es (R$ 23,7 bilh\u00f5es).\u00a0<strong>Fonte da riqueza:<\/strong>\u00a0mercado de \u00f3culos.\u00a0<\/li>\n\n\n\n<li>7 &#8211; Remi Dassault, 22 anos, franc\u00eas<\/li>\n\n\n\n<li><strong>Patrim\u00f4nio l\u00edquido:<\/strong>\u00a0 US$ 2,5 bilh\u00f5es (R$ 12,6 bilh\u00f5es).\u00a0<strong>Fonte da riqueza:<\/strong>\u00a0heran\u00e7a.<\/li>\n\n\n\n<li>8 &#8211; Zahan Mistry, 25 anos, irland\u00eas<\/li>\n\n\n\n<li><strong>Patrim\u00f4nio l\u00edquido:<\/strong>\u00a0US$ 4,9 Bilh\u00f5es (R$ 24,7 bilh\u00f5es).\u00a0<strong>Fonte da riqueza:<\/strong>\u00a0diversificada, incluindo empresas p\u00fablicas na \u00cdndia.<\/li>\n\n\n\n<li>9 &#8211; Dora Voigt de Assis, 26 anos, brasileira<\/li>\n\n\n\n<li><strong>Patrim\u00f4nio l\u00edquido:<\/strong>\u00a0US$ 1,1 bilh\u00e3o (R$ 5,5 bilh\u00f5es).\u00a0<strong>Fonte da riqueza:<\/strong>\u00a0Maquin\u00e1rio Industrial \u2013 WEG.<\/li>\n\n\n\n<li>10 &#8211; Firoz Mistry, 27 anos, irland\u00eas<\/li>\n\n\n\n<li><strong>Patrim\u00f4nio l\u00edquido:<\/strong>\u00a0US$ 4,9 Bilh\u00f5es (R$ 24,7 bilh\u00f5es).\u00a0<strong>Fonte da riqueza:<\/strong>\u00a0diversificada, incluindo empresas p\u00fablicas na \u00cdndia.<\/li>\n<\/ul>\n","protected":false},"excerpt":{"rendered":"<p>Livia Voigt tem participa\u00e7\u00e3o na empresa fundada pelo av\u00f4 em Santa Catarina, mas n\u00e3o atua no neg\u00f3cio<\/p>\n","protected":false},"author":1,"featured_media":0,"comment_status":"open","ping_status":"open","sticky":false,"template":"","format":"image","meta":{"site-sidebar-layout":"default","site-content-layout":"","ast-site-content-layout":"default","site-content-style":"default","site-sidebar-style":"default","ast-global-header-display":"","ast-banner-title-visibility":"","ast-main-header-display":"","ast-hfb-above-header-display":"","ast-hfb-below-header-display":"","ast-hfb-mobile-header-display":"","site-post-title":"","ast-breadcrumbs-content":"","ast-featured-img":"","footer-sml-layout":"","ast-disable-related-posts":"","theme-transparent-header-meta":"","adv-header-id-meta":"","stick-header-meta":"","header-above-stick-meta":"","header-main-stick-meta":"","header-below-stick-meta":"","astra-migrate-meta-layouts":"default","ast-page-background-enabled":"default","ast-page-background-meta":{"desktop":{"background-color":"var(--ast-global-color-4)","background-image":"","background-repeat":"repeat","background-position":"center center","background-size":"auto","background-attachment":"scroll","background-type":"","background-media":"","overlay-type":"","overlay-color":"","overlay-opacity":"","overlay-gradient":""},"tablet":{"background-color":"","background-image":"","background-repeat":"repeat","background-position":"center center","background-size":"auto","background-attachment":"scroll","background-type":"","background-media":"","overlay-type":"","overlay-color":"","overlay-opacity":"","overlay-gradient":""},"mobile":{"background-color":"","background-image":"","background-repeat":"repeat","background-position":"center center","background-size":"auto","background-attachment":"scroll","background-type":"","background-media":"","overlay-type":"","overlay-color":"","overlay-opacity":"","overlay-gradient":""}},"ast-content-background-meta":{"desktop":{"background-color":"var(--ast-global-color-5)","background-image":"","background-repeat":"repeat","background-position":"center center","background-size":"auto","background-attachment":"scroll","background-type":"","background-media":"","overlay-type":"","overlay-color":"","overlay-opacity":"","overlay-gradient":""},"tablet":{"background-color":"var(--ast-global-color-5)","background-image":"","background-repeat":"repeat","background-position":"center center","background-size":"auto","background-attachment":"scroll","background-type":"","background-media":"","overlay-type":"","overlay-color":"","overlay-opacity":"","overlay-gradient":""},"mobile":{"background-color":"var(--ast-global-color-5)","background-image":"","background-repeat":"repeat","background-position":"center center","background-size":"auto","background-attachment":"scroll","background-type":"","background-media":"","overlay-type":"","overlay-color":"","overlay-opacity":"","overlay-gradient":""}},"footnotes":""},"categories":[517],"tags":[3688,3689,22],"class_list":["post-23092","post","type-post","status-publish","format-image","hentry","category-aconteceu","tag-bilionaria-brasileira","tag-forbes","tag-noticias-no-face","post_format-post-format-image"],"_links":{"self":[{"href":"https:\/\/noticiasnoface.com.br\/index.php\/wp-json\/wp\/v2\/posts\/23092","targetHints":{"allow":["GET"]}}],"collection":[{"href":"https:\/\/noticiasnoface.com.br\/index.php\/wp-json\/wp\/v2\/posts"}],"about":[{"href":"https:\/\/noticiasnoface.com.br\/index.php\/wp-json\/wp\/v2\/types\/post"}],"author":[{"embeddable":true,"href":"https:\/\/noticiasnoface.com.br\/index.php\/wp-json\/wp\/v2\/users\/1"}],"replies":[{"embeddable":true,"href":"https:\/\/noticiasnoface.com.br\/index.php\/wp-json\/wp\/v2\/comments?post=23092"}],"version-history":[{"count":1,"href":"https:\/\/noticiasnoface.com.br\/index.php\/wp-json\/wp\/v2\/posts\/23092\/revisions"}],"predecessor-version":[{"id":23094,"href":"https:\/\/noticiasnoface.com.br\/index.php\/wp-json\/wp\/v2\/posts\/23092\/revisions\/23094"}],"wp:attachment":[{"href":"https:\/\/noticiasnoface.com.br\/index.php\/wp-json\/wp\/v2\/media?parent=23092"}],"wp:term":[{"taxonomy":"category","embeddable":true,"href":"https:\/\/noticiasnoface.com.br\/index.php\/wp-json\/wp\/v2\/categories?post=23092"},{"taxonomy":"post_tag","embeddable":true,"href":"https:\/\/noticiasnoface.com.br\/index.php\/wp-json\/wp\/v2\/tags?post=23092"}],"curies":[{"name":"wp","href":"https:\/\/api.w.org\/{rel}","templated":true}]}}